{"id":26748,"date":"2024-07-06T16:33:00","date_gmt":"2024-07-06T16:33:00","guid":{"rendered":"https:\/\/www.medienberatungev.org\/?p=26748"},"modified":"2025-05-07T13:02:01","modified_gmt":"2025-05-07T13:02:01","slug":"briefe-an-eugen-v-die-gewaltfrage","status":"publish","type":"post","link":"https:\/\/www.medienberatungev.org\/?p=26748","title":{"rendered":"Briefe an Eugen (VII-7) Die Gewaltfrage"},"content":{"rendered":"\n<p>Briefe an Eugen, (VII) Die Gewaltfrage<\/p>\n\n\n<div class=\"wp-block-image is-resized\">\n<figure class=\"alignright size-full\"><a href=\"https:\/\/www.medienberatungev.org\/wp-content\/uploads\/2022\/06\/Roemische-Zahlen-am-Heck.jpg\"><img loading=\"lazy\" decoding=\"async\" width=\"220\" height=\"330\" src=\"https:\/\/www.medienberatungev.org\/wp-content\/uploads\/2022\/06\/Roemische-Zahlen-am-Heck.jpg\" alt=\"\" class=\"wp-image-17347\" style=\"width:165px;height:auto\" srcset=\"https:\/\/www.medienberatungev.org\/wp-content\/uploads\/2022\/06\/Roemische-Zahlen-am-Heck.jpg 220w, https:\/\/www.medienberatungev.org\/wp-content\/uploads\/2022\/06\/Roemische-Zahlen-am-Heck-200x300.jpg 200w\" sizes=\"auto, (max-width: 220px) 85vw, 220px\" \/><\/a><figcaption class=\"wp-element-caption\">R\u00f6mische Zahlen<\/figcaption><\/figure>\n<\/div>\n\n\n<p>(Zeichen 2.268 )<\/p>\n\n\n<p><a href=\"https:\/\/www.medienberatungev.org\/wp-content\/uploads\/2024\/07\/PDF-Briefe-an-Eugen-VII-Die-Gewaltfrage.pdf\">PDF Briefe an Eugen (VII) Die Gewaltfrag<\/a>e<\/p>\n\n\n<p><strong>Hallo Eugen,<\/strong><\/p>\n\n\n\n<p>heute wieder nur ein Text, den ich grade wiedergefunden habe. Er stammt aus dem Film \u00bbProjekt Arthur\u00ab (1978) von der Medienwerkstatt Freiburg. Ausgedacht und gesprochen hat ihn Karl Heinz Roth.<\/p>\n\n\n\n<p>Die Gewaltfrage<\/p>\n\n\n\n<p>Notwendige Vorbemerkung. Karl Heinz Roth:<\/p>\n\n\n\n<p>&#8222;I<em>ch glaube, es gibt ein doppeltes Traum<\/em><em>a<\/em><em> bei den sozialrevolution\u00e4ren und kommunistischen Arbeitern.<\/em><\/p>\n\n\n\n<p><em>Das erste Trauma liegt meiner Meinung nach darin begr\u00fcndet, da\u00df sie die Frage nicht beantworten k\u00f6nnen, wieso eine Arbeiterklasse oder die Fraktion einer Arbeiterklasse die immerhin \u00fcber 300 000 Mitglieder 1932 hatte, so bruchlos und so kompromisslos zerst\u00f6rt werden konnte ohne das dabei die letzte Form des Arbeiterwiderstands in dieser Situation, n\u00e4mlich der bewaffnete Kampf, organisiert wurde.<\/em><\/p>\n\n\n\n<p><em>Das ist eines der ganz gro\u00dfen Tabus in der Geschichte der deutschen Arbeiterbewegung. Und ich stehe dazu, da\u00df dieses Tabu aufgebrochen werden mu\u00df.<\/em><\/p>\n\n\n\n<p><em>Um nicht missverstanden zu werden. Es gab einen ganz breiten Widerstand der Arbeiterbewegung, auch der sozialistischen Arbeiterbewegung 33 \/34 .<\/em><\/p>\n\n\n\n<p><em>Das Problem besteht darin, da\u00df sie sich f\u00fcr verteilte Flugbl\u00e4tter haben aufh\u00e4ngen lassen. Und nicht daf\u00fcr, da\u00df sie sich bewaffnet haben. Das ist ein ernstes Problem. Das ist keine \u2014 das ist nicht dahergeholt. Das Problem existiert real.<\/em><\/p>\n\n\n\n<p><em>Und ich glaube, diese mangelnde Erfahrung von kompromissloser Kampfbereitschaft ist das Problem der Schwellenangst von revolution\u00e4rer Gewalt. Das ist ein Problem der deutschen Arbeiterbewegung.<\/em><\/p>\n\n\n\n<p><em>Zumindest seit den drei\u00dfiger Jahren. Und dieses Problem hat dazu gef\u00fchrt, da\u00df im Sommer 45 als die M\u00f6glichkeit bestand, die Kontinuit\u00e4t zu durchbrechen, die Chance nicht genutzt wurde.<\/em><\/p>\n\n\n\n<p><em>Und es ist v\u00f6llig klar, innerhalb weniger Monate ist der alte Repressionsapparat nicht etwa restauriert worden, sondern der hat einfach weitergemacht. Und das ist also das Problem.<\/em><\/p>\n\n\n\n<p><em>Die mangelnde H\u00e4rte gegen\u00fcber dem Klassenfeind, der hoch organisiert war, der ein au\u00dferordentlich hochentwickeltes System der Pr\u00e4ventiven Konterrevolution in der Nazidiktatur entwickelt hat, ist nur anzugehen durch die entschiedenste Form des Kampfes und das ist in diesem Fall die Liquidierung von Spitzeln, das ist in diesem Fall, der bewaffnete Angriff auf Denunziationssyteme, das ist in diesem Fall der Angriff auf das Spitzelsystem in den Betrieben.<\/em><\/p>\n\n\n\n<p><em>Das ist nicht passiert. Stattdessen wurden Flugbl\u00e4tter verteilt. Es wurden massenhaft Tausende, Zigtausende von revolution\u00e4r gesinnten Arbeitern umgebracht. Hunderttausend Kommunisten wurden von den Nazis liquidiert. Und wieviel Nazis haben die Kommunisten liquidiert? Vor 45?<\/em><\/p>\n\n\n\n<p><strong>Hallo Eugen<\/strong>, dein Einwand ist nicht ohne. 80 Millionen Einwohner, 6 Milionen Arbeitslose und nur 300 Tausend revolutinaere Arbeiter? Das ist natuerlich ganz schoen, aber doch sehr wenig. Mu\u00df den Film noch mal gucken, ob K. H. R. wirklich 300 Tausend sagt. Danke fuer den Hinweis, J. Hallo Eugen, ja die Zahl wird genannt. Aber er spricht ja auch nur von den sozialrevolutionaeren und kommunistischen Arbeitern. Die koennen &#8211; bewaffnet &#8211; natuerlich viel erreichen. Ham se aba nich gemacht, schade eigentlich, J.<\/p>\n\n\n<div class=\"wp-block-image\">\n<figure class=\"alignright size-large is-resized\"><a href=\"https:\/\/www.medienberatungev.org\/wp-content\/uploads\/2019\/11\/nilpferd_einauge1-e1573151400812.jpg\"><img loading=\"lazy\" decoding=\"async\" width=\"1024\" height=\"686\" src=\"https:\/\/www.medienberatungev.org\/wp-content\/uploads\/2019\/11\/nilpferd_einauge1-1024x686.jpg\" alt=\"Tier Nilpferd\" class=\"wp-image-10182\" style=\"width:144px;height:auto\"\/><\/a><figcaption class=\"wp-element-caption\">Zeichnung Helga Bachmann<\/figcaption><\/figure>\n<\/div>","protected":false},"excerpt":{"rendered":"<p>Briefe an Eugen, (VII) Die Gewaltfrage (Zeichen 2.268 ) PDF Briefe an Eugen (VII) Die Gewaltfrage Hallo Eugen, heute wieder nur ein Text, den ich grade wiedergefunden habe. Er stammt aus dem Film \u00bbProjekt Arthur\u00ab (1978) von der Medienwerkstatt Freiburg. Ausgedacht und gesprochen hat ihn Karl Heinz Roth. Die Gewaltfrage Notwendige Vorbemerkung. Karl Heinz Roth: &hellip; <a href=\"https:\/\/www.medienberatungev.org\/?p=26748\" class=\"more-link\"><span class=\"screen-reader-text\">\u201eBriefe an Eugen (VII-7) Die Gewaltfrage\u201c<\/span> weiterlesen<\/a><\/p>\n","protected":false},"author":2,"featured_media":0,"comment_status":"open","ping_status":"open","sticky":false,"template":"","format":"standard","meta":{"footnotes":""},"categories":[2520,2523,2153,2578,2008,2126,2398,2626,2409,2698,1988,4679,6398,45,8012,7997,123,1,7252,7742,9223,2701,2702],"tags":[9259,9261,9260],"class_list":["post-26748","post","type-post","status-publish","format-standard","hentry","category-2520","category-2523","category-2153","category-2578","category-2008","category-2126","category-2398","category-2626","category-2409","category-2698","category-1988","category-4679","category-gustav-noske","category-nsdap","category-nutzl-oses-wissen","category-nutzloses-wissen","category-spd","category-uncategorized","category-widerstand","category-zufallsfund","category-zusammenbruch","category-zusammensprudelln","category-zusammensprudeln","tag-gewaltfrage","tag-medienwerkstatt-freiburg","tag-projekt-arthur"],"_links":{"self":[{"href":"https:\/\/www.medienberatungev.org\/index.php?rest_route=\/wp\/v2\/posts\/26748","targetHints":{"allow":["GET"]}}],"collection":[{"href":"https:\/\/www.medienberatungev.org\/index.php?rest_route=\/wp\/v2\/posts"}],"about":[{"href":"https:\/\/www.medienberatungev.org\/index.php?rest_route=\/wp\/v2\/types\/post"}],"author":[{"embeddable":true,"href":"https:\/\/www.medienberatungev.org\/index.php?rest_route=\/wp\/v2\/users\/2"}],"replies":[{"embeddable":true,"href":"https:\/\/www.medienberatungev.org\/index.php?rest_route=%2Fwp%2Fv2%2Fcomments&post=26748"}],"version-history":[{"count":17,"href":"https:\/\/www.medienberatungev.org\/index.php?rest_route=\/wp\/v2\/posts\/26748\/revisions"}],"predecessor-version":[{"id":29572,"href":"https:\/\/www.medienberatungev.org\/index.php?rest_route=\/wp\/v2\/posts\/26748\/revisions\/29572"}],"wp:attachment":[{"href":"https:\/\/www.medienberatungev.org\/index.php?rest_route=%2Fwp%2Fv2%2Fmedia&parent=26748"}],"wp:term":[{"taxonomy":"category","embeddable":true,"href":"https:\/\/www.medienberatungev.org\/index.php?rest_route=%2Fwp%2Fv2%2Fcategories&post=26748"},{"taxonomy":"post_tag","embeddable":true,"href":"https:\/\/www.medienberatungev.org\/index.php?rest_route=%2Fwp%2Fv2%2Ftags&post=26748"}],"curies":[{"name":"wp","href":"https:\/\/api.w.org\/{rel}","templated":true}]}}