{"id":26814,"date":"2024-07-23T10:02:31","date_gmt":"2024-07-23T10:02:31","guid":{"rendered":"https:\/\/www.medienberatungev.org\/?p=26814"},"modified":"2025-05-07T12:32:08","modified_gmt":"2025-05-07T12:32:08","slug":"briefe-an-eugen-ix-auf-leben-und-tod-det-kallas-terrorism","status":"publish","type":"post","link":"https:\/\/www.medienberatungev.org\/?p=26814","title":{"rendered":"Briefe an Eugen (XL-40) Auf Leben und Tod (Det kallas terrorism)"},"content":{"rendered":"<p><a href=\"https:\/\/www.medienberatungev.org\/wp-content\/uploads\/2024\/07\/PDF-Briefe-an-Eugen-IX-Zeichen-1.745-Auf-Leben-und-Tod.pdf\">PDF Briefe an Eugen (XL) (Zeichen 1.745) Auf Leben und Tod<\/a><\/p>\n\n<div class=\"wp-block-image\">\n<figure class=\"alignright size-full is-resized\"><a href=\"https:\/\/www.medienberatungev.org\/wp-content\/uploads\/2022\/06\/Roemische-Zahlen-am-Heck.jpg\"><img loading=\"lazy\" decoding=\"async\" width=\"220\" height=\"330\" src=\"https:\/\/www.medienberatungev.org\/wp-content\/uploads\/2022\/06\/Roemische-Zahlen-am-Heck.jpg\" alt=\"\" class=\"wp-image-17347\" style=\"width:135px;height:202px\" srcset=\"https:\/\/www.medienberatungev.org\/wp-content\/uploads\/2022\/06\/Roemische-Zahlen-am-Heck.jpg 220w, https:\/\/www.medienberatungev.org\/wp-content\/uploads\/2022\/06\/Roemische-Zahlen-am-Heck-200x300.jpg 200w\" sizes=\"auto, (max-width: 220px) 85vw, 220px\" \/><\/a><figcaption class=\"wp-element-caption\">R\u00f6mische Zahlen<\/figcaption><\/figure>\n<\/div>\n\n<div class=\"wp-block-image\">\n<figure class=\"alignleft size-full is-resized\"><a href=\"https:\/\/www.medienberatungev.org\/wp-content\/uploads\/2024\/07\/Hans-Hederberg.jpg\"><img loading=\"lazy\" decoding=\"async\" width=\"67\" height=\"98\" src=\"https:\/\/www.medienberatungev.org\/wp-content\/uploads\/2024\/07\/Hans-Hederberg.jpg\" alt=\"\" class=\"wp-image-26818\" style=\"width:96px;height:140px\"\/><\/a><figcaption class=\"wp-element-caption\">Hans Hederberg 24. Juli 1938-26. August 2021<\/figcaption><\/figure>\n<\/div>\n\n\n<p>Lieber Eugen, beim Aufraeumen meiner SVHS und VHS &#8211; Kassetten ist mir auch die Aufzeichung eines schwedischen Fernsehfilmes wieder ins Blickfeld geraten. Er stammt aus dem Jahr 1979 und ist von Hans Hederberg. Er unterscheidet sich von den Produkten, die in Deutschland fuer das Fernsehen produziert wurden. Historisch interessant sind ein Interview mit der Mutter von Andreas Baader und zwei Fernsehausschnitte in denen Ulrike Meinhof zu Wort kommt. Die habe ich fuer Dich hier von der Kassette abgeschrieben:                                                                                   <strong>1)<\/strong> \u00bbIch halte die Stra\u00dfe keineswegs fuer ein ganz besonders geeignetes Mittel seine Meinung bekannt zu machen. Wenn einem aber nichts anderes uebrig bleibt . . . wenn man also nicht im Fernsehen sitzt und wenigstens ein- oder zweimal in der Woche ein oder zwei Stunden lang genau sagen kann, was man zu sagen hat; wenn man nicht ueber Millionenauflagen von Springerzeitungen und Illustrierten verfuegt; wenn man dann . . . wenn man oeffentlich diskutieren will auf Raumverbote stoe\u00dft und auf Versammlungsverbote und dann, wenn man demonstrieren will auf Demonstrationsverbote, obwohl es sich da ja schon um die Stra\u00dfe handelt \u2014 aber wir wissen ja, da\u00df der bevorstehende Vietnamproze\u00df an diesem Wochenende bereits mit solchen Verboten zu rechnen hat . . . dann bin ich allerdings der Ansicht, da\u00df es ausserordentlich demokratisch ist, wenn es Leute gibt, die trotz all dieser Verbote die einzige Oeffentlichkeit \u2014 die dann fuer sie bleibt, naemlich die der Stra\u00dfe benutzen und davon oeffentlich Gebrauch machen.\u00ab<\/p>\n\n\n\n<p><strong>2)<\/strong> \u00bbWir sind engagiert f\u00fcr Diejenigen, die sich versuchen zu befreien von Terror und Gewalt und wenn ein anderes Mittel als das des Krieges ihnen nicht uebrig bleibt, dann sind wir fuer ihren Krieg und gegen Diejenigen, die ihren Terror eskalieren, bis hin zur Anwendung von Nuklearwaffen, was gegenwaertig (unverstaendlich) . . . Vietnam diskutiert wird.\u00ab<\/p>\n\n\n\n<p>Das Interview mit Frau Baader war mir zu lang, um es abzuschreiben. Vielleicht findest Du den Film ja irgendwo im Netz, J.<\/p>\n\n\n<div class=\"wp-block-image\">\n<figure class=\"alignright size-large is-resized\"><a href=\"https:\/\/www.medienberatungev.org\/wp-content\/uploads\/2019\/11\/nilpferd_einauge1-e1573151400812.jpg\"><img loading=\"lazy\" decoding=\"async\" width=\"1024\" height=\"686\" src=\"https:\/\/www.medienberatungev.org\/wp-content\/uploads\/2019\/11\/nilpferd_einauge1-1024x686.jpg\" alt=\"Tier Nilpferd\" class=\"wp-image-10182\" style=\"width:127px;height:auto\"\/><\/a><figcaption class=\"wp-element-caption\">Zeichnung Helga Bachmann<\/figcaption><\/figure>\n<\/div>\n\n\n<p><\/p>\n","protected":false},"excerpt":{"rendered":"<p>PDF Briefe an Eugen (XL) (Zeichen 1.745) Auf Leben und Tod Lieber Eugen, beim Aufraeumen meiner SVHS und VHS &#8211; Kassetten ist mir auch die Aufzeichung eines schwedischen Fernsehfilmes wieder ins Blickfeld geraten. Er stammt aus dem Jahr 1979 und ist von Hans Hederberg. Er unterscheidet sich von den Produkten, die in Deutschland fuer das &hellip; <a href=\"https:\/\/www.medienberatungev.org\/?p=26814\" class=\"more-link\"><span class=\"screen-reader-text\">\u201eBriefe an Eugen (XL-40) Auf Leben und Tod (Det kallas terrorism)\u201c<\/span> weiterlesen<\/a><\/p>\n","protected":false},"author":2,"featured_media":0,"comment_status":"open","ping_status":"open","sticky":false,"template":"","format":"standard","meta":{"footnotes":""},"categories":[2455,2128,3299,7997,8012,1,757,7252,7742,2701,2702],"tags":[9272,9275,9274,9271,7174],"class_list":["post-26814","post","type-post","status-publish","format-standard","hentry","category-2455","category-2128","category-kriegswahnsinn","category-nutzloses-wissen","category-nutzl-oses-wissen","category-uncategorized","category-usa","category-widerstand","category-zufallsfund","category-zusammensprudelln","category-zusammensprudeln","tag-auf-leben-und-tod","tag-baader","tag-det-kallas-terrorism","tag-hans-hederberg","tag-ulrike-meinhof"],"_links":{"self":[{"href":"https:\/\/www.medienberatungev.org\/index.php?rest_route=\/wp\/v2\/posts\/26814","targetHints":{"allow":["GET"]}}],"collection":[{"href":"https:\/\/www.medienberatungev.org\/index.php?rest_route=\/wp\/v2\/posts"}],"about":[{"href":"https:\/\/www.medienberatungev.org\/index.php?rest_route=\/wp\/v2\/types\/post"}],"author":[{"embeddable":true,"href":"https:\/\/www.medienberatungev.org\/index.php?rest_route=\/wp\/v2\/users\/2"}],"replies":[{"embeddable":true,"href":"https:\/\/www.medienberatungev.org\/index.php?rest_route=%2Fwp%2Fv2%2Fcomments&post=26814"}],"version-history":[{"count":20,"href":"https:\/\/www.medienberatungev.org\/index.php?rest_route=\/wp\/v2\/posts\/26814\/revisions"}],"predecessor-version":[{"id":29555,"href":"https:\/\/www.medienberatungev.org\/index.php?rest_route=\/wp\/v2\/posts\/26814\/revisions\/29555"}],"wp:attachment":[{"href":"https:\/\/www.medienberatungev.org\/index.php?rest_route=%2Fwp%2Fv2%2Fmedia&parent=26814"}],"wp:term":[{"taxonomy":"category","embeddable":true,"href":"https:\/\/www.medienberatungev.org\/index.php?rest_route=%2Fwp%2Fv2%2Fcategories&post=26814"},{"taxonomy":"post_tag","embeddable":true,"href":"https:\/\/www.medienberatungev.org\/index.php?rest_route=%2Fwp%2Fv2%2Ftags&post=26814"}],"curies":[{"name":"wp","href":"https:\/\/api.w.org\/{rel}","templated":true}]}}