{"id":27294,"date":"2024-09-27T10:06:06","date_gmt":"2024-09-27T10:06:06","guid":{"rendered":"https:\/\/www.medienberatungev.org\/?p=27294"},"modified":"2025-05-05T06:36:25","modified_gmt":"2025-05-05T06:36:25","slug":"klaus-kreimeier","status":"publish","type":"post","link":"https:\/\/www.medienberatungev.org\/?p=27294","title":{"rendered":"Dr. Klaus Kreimeier"},"content":{"rendered":"<div class=\"wp-block-image\">\n<figure class=\"alignleft size-large is-resized\"><a href=\"https:\/\/www.medienberatungev.org\/wp-content\/uploads\/2020\/10\/HansHillmannMaskeinFilmNr8klein-1.png\"><img loading=\"lazy\" decoding=\"async\" width=\"739\" height=\"1024\" src=\"https:\/\/www.medienberatungev.org\/wp-content\/uploads\/2020\/10\/HansHillmannMaskeinFilmNr8klein-1-739x1024.png\" alt=\"Grafik Hans Hillmann\" class=\"wp-image-13115\" style=\"width:161px;height:auto\" srcset=\"https:\/\/www.medienberatungev.org\/wp-content\/uploads\/2020\/10\/HansHillmannMaskeinFilmNr8klein-1-739x1024.png 739w, https:\/\/www.medienberatungev.org\/wp-content\/uploads\/2020\/10\/HansHillmannMaskeinFilmNr8klein-1-216x300.png 216w, https:\/\/www.medienberatungev.org\/wp-content\/uploads\/2020\/10\/HansHillmannMaskeinFilmNr8klein-1-768x1065.png 768w, https:\/\/www.medienberatungev.org\/wp-content\/uploads\/2020\/10\/HansHillmannMaskeinFilmNr8klein-1.png 800w\" sizes=\"auto, (max-width: 709px) 85vw, (max-width: 909px) 67vw, (max-width: 984px) 61vw, (max-width: 1362px) 45vw, 600px\" \/><\/a><figcaption class=\"wp-element-caption\">Grafik Hans Hillmann<\/figcaption><\/figure>\n<\/div>\n\n\n<p><a><\/a> Eine traurige Nachricht: Letzte Woche starb Klaus Kreimeier im Alter von 85 Jahren. Klaus, den ich meinen Freund nennen durfte, z\u00e4hlte zu den wichtigsten Medienwissenschaftlern und Publizisten in Deutschland, auch wenn er in den Institutionen der Medien wie der Universit\u00e4ten nicht immer wohlgelitten war.<\/p>\n\n\n\n<p>Er marschierte \u2013 wie er selbst sagte \u2013 aus den Institutionen raus, als andere den Marsch in sie hinein antraten. So war er f\u00fcr wenige Jahre Redakteur im Fernsehen des Hessischen Rundfunks, geh\u00f6rte f\u00fcr kurze Zeit zu den linken Kadern in der Redaktion des \u201eSpiegel\u201c, arbeitete schon etwas l\u00e4nger als Dozent an der Deutschen Film- und Fernsehakademie Berlin. Zweimal verwehrten ihm Wissenschaftsminister in Hessen und Niedersachsen die Berufung auf Professuren, da er immer noch aus seiner l\u00e4ngst vergangenen Zeit in der maoistischen KPD\/AO als linksradikal galt.<\/p>\n\n\n\n<p>Da er seinen Lebensunterhalt mit Radiobeitr\u00e4gen, Filmkritiken und Festivalbeitr\u00e4gen verdienen musste, die bei aller Qualit\u00e4t und auch Wirkung \u2013 ein Bericht \u00fcber die Duisburger Filmwoche l\u00f6ste die \u201eKreimeier-Wildenhahn-Debatte\u201c um dokumentarische Formen aus \u2013 kleinteilig bleiben mussten, konnte er nicht so umfangreich und tiefgehend forschen, wie er es gerne wollte. Aber er rang seinem freiberuflichen Arbeiten sein Buch \u00fcber die Ufa ab, das l\u00e4ngst als ein Standardwerk deutscher Filmgeschichtsschreibung gilt.<\/p>\n\n\n\n<p>Als er in Siegen sp\u00e4t auf eine Professur berufen worden war, konnte er endlich so forschen, wie er wollte. In dem dortigen Zusammenhang entstand die dreiteilige \u201eGeschichte des dokumentarischen Films 1896-1945\u201c, von der er den zweiten Band mitherausgab und zu der viele Texte beitrug. In dieser Zeit schrieb er \u201eTraum und Exzess\u201c, das zu den wichtigsten B\u00fcchern der fr\u00fchen Film- und Kinogeschichte z\u00e4hlt. Ich werde Klaus und seine Frau Ute, die am selben Tag in der letzten Woche starb, in Erinnerung halten.<\/p>\n\n\n\n<p><\/p>\n\n\n\n<p>Dietrich Leder 25.09.2024<\/p>\n\n\n<p><a href=\"https:\/\/www.medienberatungev.org\/wp-content\/uploads\/2024\/09\/PDF-Der-Untergang-der-deutschen-Sprache.pdf\">PDF Klaus Kreimeier Der Untergang der deutschen Sprache<\/a><\/p>\n\n<div class=\"wp-block-image\">\n<figure class=\"alignright size-large is-resized\"><a href=\"https:\/\/www.medienberatungev.org\/wp-content\/uploads\/2019\/11\/nilpferd_einauge1-e1573151400812.jpg\"><img loading=\"lazy\" decoding=\"async\" width=\"1024\" height=\"686\" src=\"https:\/\/www.medienberatungev.org\/wp-content\/uploads\/2019\/11\/nilpferd_einauge1-1024x686.jpg\" alt=\"Tier Nilpferd\" class=\"wp-image-10182\" style=\"width:139px;height:auto\"\/><\/a><figcaption class=\"wp-element-caption\">Zeichnung Helga Bachmann<\/figcaption><\/figure>\n<\/div>\n\n<div class=\"wp-block-image\">\n<figure class=\"alignright size-full is-resized\"><a href=\"https:\/\/www.medienberatungev.org\/wp-content\/uploads\/2016\/08\/By-nc-sa_color.png\"><img loading=\"lazy\" decoding=\"async\" width=\"720\" height=\"486\" src=\"https:\/\/www.medienberatungev.org\/wp-content\/uploads\/2016\/08\/By-nc-sa_color.png\" alt=\"Creative commons.org\" class=\"wp-image-1755\" style=\"width:184px;height:124px\" srcset=\"https:\/\/www.medienberatungev.org\/wp-content\/uploads\/2016\/08\/By-nc-sa_color.png 720w, https:\/\/www.medienberatungev.org\/wp-content\/uploads\/2016\/08\/By-nc-sa_color-300x202.png 300w\" sizes=\"auto, (max-width: 709px) 85vw, (max-width: 909px) 67vw, (max-width: 984px) 61vw, (max-width: 1362px) 45vw, 600px\" \/><\/a><figcaption class=\"wp-element-caption\">cc<\/figcaption><\/figure>\n<\/div>","protected":false},"excerpt":{"rendered":"<p>Eine traurige Nachricht: Letzte Woche starb Klaus Kreimeier im Alter von 85 Jahren. Klaus, den ich meinen Freund nennen durfte, z\u00e4hlte zu den wichtigsten Medienwissenschaftlern und Publizisten in Deutschland, auch wenn er in den Institutionen der Medien wie der Universit\u00e4ten nicht immer wohlgelitten war. Er marschierte \u2013 wie er selbst sagte \u2013 aus den Institutionen &hellip; <a href=\"https:\/\/www.medienberatungev.org\/?p=27294\" class=\"more-link\"><span class=\"screen-reader-text\">\u201eDr. Klaus Kreimeier\u201c<\/span> weiterlesen<\/a><\/p>\n","protected":false},"author":2,"featured_media":0,"comment_status":"open","ping_status":"open","sticky":false,"template":"","format":"standard","meta":{"footnotes":""},"categories":[2455,6275,199,9217,5114,2948,650,298,4379,2620,9099,7997,8012,1,77,7742,2701,2702],"tags":[3644,9504,9513,9505,9501,9514,9516,78,9512,9497,9502,9495,2395,3613,9509,349,9510,7612,9506,9511,9508,7107,9507,9503,9517,9515,9496,9498,9499,7121,4909,9518,9500],"class_list":["post-27294","post","type-post","status-publish","format-standard","hentry","category-2455","category-35-mm-film","category-berlin","category-bundesrepublik-deutschland","category-deutsch-fuer-besserwisser","category-deutsche","category-deutsche-filme","category-deutscher-film","category-dffb","category-film","category-filmgeschichte","category-nutzloses-wissen","category-nutzl-oses-wissen","category-uncategorized","category-westberlin","category-zufallsfund","category-zusammensprudelln","category-zusammensprudeln","tag-berlin-kreuzberg","tag-briten","tag-buerokratischer-dorfdialektt","tag-commonwealth","tag-dativ","tag-dativ-der-grammatischen-hilflosigkeit","tag-der-untergang-der-deutschen-sprache","tag-dffb","tag-dorfdialekt","tag-ernsst-juenger","tag-genittiv","tag-georgi-dimitroff","tag-gerhard-schroeder","tag-goethe","tag-goethe-institute","tag-helmut-kohl","tag-hilmar-hoffmannn","tag-hitler","tag-internet-pidgin","tag-karl-jasper","tag-kinkel","tag-klaus-kreimeier","tag-kohl","tag-kolonialtraum","tag-kpd-ao","tag-multimedia","tag-reichstagsbrandprozess","tag-rolf-hochhuth","tag-sanskrit","tag-sueddeutsche-zeitung","tag-thomas-mann","tag-wildenhahn","tag-windows-95"],"_links":{"self":[{"href":"https:\/\/www.medienberatungev.org\/index.php?rest_route=\/wp\/v2\/posts\/27294","targetHints":{"allow":["GET"]}}],"collection":[{"href":"https:\/\/www.medienberatungev.org\/index.php?rest_route=\/wp\/v2\/posts"}],"about":[{"href":"https:\/\/www.medienberatungev.org\/index.php?rest_route=\/wp\/v2\/types\/post"}],"author":[{"embeddable":true,"href":"https:\/\/www.medienberatungev.org\/index.php?rest_route=\/wp\/v2\/users\/2"}],"replies":[{"embeddable":true,"href":"https:\/\/www.medienberatungev.org\/index.php?rest_route=%2Fwp%2Fv2%2Fcomments&post=27294"}],"version-history":[{"count":13,"href":"https:\/\/www.medienberatungev.org\/index.php?rest_route=\/wp\/v2\/posts\/27294\/revisions"}],"predecessor-version":[{"id":29434,"href":"https:\/\/www.medienberatungev.org\/index.php?rest_route=\/wp\/v2\/posts\/27294\/revisions\/29434"}],"wp:attachment":[{"href":"https:\/\/www.medienberatungev.org\/index.php?rest_route=%2Fwp%2Fv2%2Fmedia&parent=27294"}],"wp:term":[{"taxonomy":"category","embeddable":true,"href":"https:\/\/www.medienberatungev.org\/index.php?rest_route=%2Fwp%2Fv2%2Fcategories&post=27294"},{"taxonomy":"post_tag","embeddable":true,"href":"https:\/\/www.medienberatungev.org\/index.php?rest_route=%2Fwp%2Fv2%2Ftags&post=27294"}],"curies":[{"name":"wp","href":"https:\/\/api.w.org\/{rel}","templated":true}]}}