{"id":28185,"date":"2025-02-27T10:54:09","date_gmt":"2025-02-27T10:54:09","guid":{"rendered":"https:\/\/www.medienberatungev.org\/?p=28185"},"modified":"2025-04-19T12:51:49","modified_gmt":"2025-04-19T12:51:49","slug":"briefe-an-eugen-5","status":"publish","type":"post","link":"https:\/\/www.medienberatungev.org\/?p=28185","title":{"rendered":"Briefe an Eugen  (LIX-59) SOS aus Bonn"},"content":{"rendered":"\n<p>Hallo Eugen, heute wieder nur ein Foto. Ein Buchhaendler mit Humor und Geschichtsbewu\u00dftsein ist Joachim L\u00fchrs (Kunstantiquariat Joachim L\u00fchrs, Michaelisbr\u00fccke 3, 20459 Hamburg). Im Schaufenster gerade gesehen:<\/p>\n\n\n<div class=\"wp-block-image\">\n<figure class=\"alignright size-large is-resized\"><a href=\"https:\/\/www.medienberatungev.org\/wp-content\/uploads\/2019\/11\/nilpferd_einauge1-e1573151400812.jpg\"><img loading=\"lazy\" decoding=\"async\" width=\"1024\" height=\"686\" src=\"https:\/\/www.medienberatungev.org\/wp-content\/uploads\/2019\/11\/nilpferd_einauge1-1024x686.jpg\" alt=\"Tier Nilpferd\" class=\"wp-image-10182\" style=\"width:152px;height:auto\"\/><\/a><figcaption class=\"wp-element-caption\">Zeichnung Helga Bachmann<\/figcaption><\/figure>\n<\/div>\n\n\n<figure class=\"wp-block-image size-full is-resized\"><a href=\"https:\/\/www.medienberatungev.org\/wp-content\/uploads\/2025\/02\/IMG_0389JLklein.jpg\"><img loading=\"lazy\" decoding=\"async\" width=\"800\" height=\"800\" src=\"https:\/\/www.medienberatungev.org\/wp-content\/uploads\/2025\/02\/IMG_0389JLklein.jpg\" alt=\"\" class=\"wp-image-28186\" style=\"width:159px;height:auto\" srcset=\"https:\/\/www.medienberatungev.org\/wp-content\/uploads\/2025\/02\/IMG_0389JLklein.jpg 800w, https:\/\/www.medienberatungev.org\/wp-content\/uploads\/2025\/02\/IMG_0389JLklein-300x300.jpg 300w, https:\/\/www.medienberatungev.org\/wp-content\/uploads\/2025\/02\/IMG_0389JLklein-150x150.jpg 150w, https:\/\/www.medienberatungev.org\/wp-content\/uploads\/2025\/02\/IMG_0389JLklein-768x768.jpg 768w\" sizes=\"auto, (max-width: 709px) 85vw, (max-width: 909px) 67vw, (max-width: 984px) 61vw, (max-width: 1362px) 45vw, 600px\" \/><\/a><figcaption class=\"wp-element-caption\">Im Schaufenster des Kunstantiquariats Joachim L\u00fchrs gesehen: Foto Jens Meyer 27. Februar 2025 um 11.15 Uhr<\/figcaption><\/figure>\n\n\n<div class=\"wp-block-image\">\n<figure class=\"alignleft size-full is-resized\"><a href=\"https:\/\/www.medienberatungev.org\/wp-content\/uploads\/2016\/08\/By-nc-sa_color.png\"><img loading=\"lazy\" decoding=\"async\" width=\"720\" height=\"486\" src=\"https:\/\/www.medienberatungev.org\/wp-content\/uploads\/2016\/08\/By-nc-sa_color.png\" alt=\"Creative commons.org\" class=\"wp-image-1755\" style=\"width:133px;height:auto\" srcset=\"https:\/\/www.medienberatungev.org\/wp-content\/uploads\/2016\/08\/By-nc-sa_color.png 720w, https:\/\/www.medienberatungev.org\/wp-content\/uploads\/2016\/08\/By-nc-sa_color-300x202.png 300w\" sizes=\"auto, (max-width: 709px) 85vw, (max-width: 909px) 67vw, (max-width: 984px) 61vw, (max-width: 1362px) 45vw, 600px\" \/><\/a><figcaption class=\"wp-element-caption\">cc<\/figcaption><\/figure>\n<\/div>","protected":false},"excerpt":{"rendered":"<p>Hallo Eugen, heute wieder nur ein Foto. Ein Buchhaendler mit Humor und Geschichtsbewu\u00dftsein ist Joachim L\u00fchrs (Kunstantiquariat Joachim L\u00fchrs, Michaelisbr\u00fccke 3, 20459 Hamburg). Im Schaufenster gerade gesehen:<\/p>\n","protected":false},"author":2,"featured_media":0,"comment_status":"open","ping_status":"open","sticky":false,"template":"","format":"standard","meta":{"footnotes":""},"categories":[2216,2277,7997,8012,9852,1217,1,6975,9073,1121,2701,2702],"tags":[9853,9851,9854,9855,9850,9849],"class_list":["post-28185","post","type-post","status-publish","format-standard","hentry","category-2216","category-2277","category-nutzloses-wissen","category-nutzl-oses-wissen","category-pardon","category-presse","category-uncategorized","category-wahlen","category-wahlplakat","category-wunst","category-zusammensprudelln","category-zusammensprudeln","tag-4-april-1963","tag-4-april-1964","tag-omas-gegen-rechts","tag-opas-gegen-rechts","tag-pardon","tag-rettet-die-cdu"],"_links":{"self":[{"href":"https:\/\/www.medienberatungev.org\/index.php?rest_route=\/wp\/v2\/posts\/28185","targetHints":{"allow":["GET"]}}],"collection":[{"href":"https:\/\/www.medienberatungev.org\/index.php?rest_route=\/wp\/v2\/posts"}],"about":[{"href":"https:\/\/www.medienberatungev.org\/index.php?rest_route=\/wp\/v2\/types\/post"}],"author":[{"embeddable":true,"href":"https:\/\/www.medienberatungev.org\/index.php?rest_route=\/wp\/v2\/users\/2"}],"replies":[{"embeddable":true,"href":"https:\/\/www.medienberatungev.org\/index.php?rest_route=%2Fwp%2Fv2%2Fcomments&post=28185"}],"version-history":[{"count":12,"href":"https:\/\/www.medienberatungev.org\/index.php?rest_route=\/wp\/v2\/posts\/28185\/revisions"}],"predecessor-version":[{"id":28808,"href":"https:\/\/www.medienberatungev.org\/index.php?rest_route=\/wp\/v2\/posts\/28185\/revisions\/28808"}],"wp:attachment":[{"href":"https:\/\/www.medienberatungev.org\/index.php?rest_route=%2Fwp%2Fv2%2Fmedia&parent=28185"}],"wp:term":[{"taxonomy":"category","embeddable":true,"href":"https:\/\/www.medienberatungev.org\/index.php?rest_route=%2Fwp%2Fv2%2Fcategories&post=28185"},{"taxonomy":"post_tag","embeddable":true,"href":"https:\/\/www.medienberatungev.org\/index.php?rest_route=%2Fwp%2Fv2%2Ftags&post=28185"}],"curies":[{"name":"wp","href":"https:\/\/api.w.org\/{rel}","templated":true}]}}