{"id":2826,"date":"2017-08-08T15:24:15","date_gmt":"2017-08-08T15:24:15","guid":{"rendered":"http:\/\/www.medienberatungev.org\/?p=2826"},"modified":"2025-05-02T14:10:34","modified_gmt":"2025-05-02T14:10:34","slug":"alte-postkarte-gaensemarkt","status":"publish","type":"post","link":"https:\/\/www.medienberatungev.org\/?p=2826","title":{"rendered":"Alte Postkarten G\u00e4nsemarkt mit Lessingtheater (Kino) IX"},"content":{"rendered":"<p><a href=\"http:\/\/www.medienberatungev.org\/wp-content\/uploads\/2017\/08\/AltePostkarteG\u00e4nsemarkt.jpg\"><img loading=\"lazy\" decoding=\"async\" class=\"alignleft size-full wp-image-2827\" src=\"http:\/\/www.medienberatungev.org\/wp-content\/uploads\/2017\/08\/AltePostkarteG\u00e4nsemarkt.jpg\" alt=\"AltePostkarteG\u00e4nsemarkt\" width=\"870\" height=\"598\"><\/a><\/p>\n<p>Rechts sieht man den Eingang des <strong>Lessing Theaters (Kino)<\/strong> von Jeremias (genannt James) Henschel. Das Foto vom G\u00e4nsemarkt mu\u00df vor dem <strong>21. Dezember 1929<\/strong> entstanden sein. An diesem Tag wurde der Neubau (Deutschlandhaus) der Architekten Fritz Block und Ernst Hochfeld er\u00f6ffnet. Die Geb\u00e4ude in der Mitte des Bildes (Apotheke u. a.) wurden f\u00fcr die Errichtung des B\u00fcroneubaus abgebrochen.&nbsp; Im Hof dieses Neubaus wurde ein Kino mit 2.600 Sitzpl\u00e4tzen gebaut, das an die UFA verpachtet wurde. Dem j\u00fcdischen Kinobesitzer <strong>Jeremias Henschel<\/strong>&nbsp; <strong>(Lessing Theater)<\/strong> und den j\u00fcdischen Architekten <strong>Fritz Block<\/strong> und <strong>Ernst Hochfeld<\/strong> <strong>(Deutschlandhaus mit Gro\u00dfkino)<\/strong> gelang <strong>1938<\/strong> die Flucht aus Deutschland.<a href=\"http:\/\/www.medienberatungev.org\/wp-content\/uploads\/2017\/08\/DeutschlandhausG\u00e4nsemarkt.jpg\"><img loading=\"lazy\" decoding=\"async\" class=\" wp-image-2835\" src=\"http:\/\/www.medienberatungev.org\/wp-content\/uploads\/2017\/08\/DeutschlandhausG\u00e4nsemarkt.jpg\" alt=\"Foto Jens Meyer \" width=\"560\" height=\"836\"><\/a><\/p>\n<p><a href=\"http:\/\/www.medienberatungev.org\/wp-content\/uploads\/2017\/08\/AltePostkarteG\u00e4nsemarktmitDH-1.jpg\"><img loading=\"lazy\" decoding=\"async\" class=\"alignleft size-full wp-image-2834\" src=\"http:\/\/www.medienberatungev.org\/wp-content\/uploads\/2017\/08\/AltePostkarteG\u00e4nsemarktmitDH-1.jpg\" alt=\"AltePostkarteG\u00e4nsemarktmitDH-1\" width=\"772\" height=\"492\"><\/a><a href=\"http:\/\/www.medienberatungev.org\/wp-content\/uploads\/2017\/08\/G\u00e4nsemarkt1984.jpg\"><img loading=\"lazy\" decoding=\"async\" class=\"alignleft  wp-image-2836\" src=\"http:\/\/www.medienberatungev.org\/wp-content\/uploads\/2017\/08\/G\u00e4nsemarkt1984.jpg\" alt=\"G\u00e4nsemarkt1984\" width=\"553\" height=\"786\"><\/a><a href=\"http:\/\/www.medienberatungev.org\/wp-content\/uploads\/2016\/08\/By-nc-sa_color.png\"><img loading=\"lazy\" decoding=\"async\" class=\"alignleft  wp-image-1755\" src=\"http:\/\/www.medienberatungev.org\/wp-content\/uploads\/2016\/08\/By-nc-sa_color.png\" alt=\"By-nc-sa_color\" width=\"176\" height=\"118\" srcset=\"https:\/\/www.medienberatungev.org\/wp-content\/uploads\/2016\/08\/By-nc-sa_color.png 720w, https:\/\/www.medienberatungev.org\/wp-content\/uploads\/2016\/08\/By-nc-sa_color-300x202.png 300w\" sizes=\"auto, (max-width: 176px) 85vw, 176px\" \/><\/a><a href=\"http:\/\/www.medienberatungev.org\/wp-content\/uploads\/2016\/01\/IMG_3013.jpg\"><img loading=\"lazy\" decoding=\"async\" class=\"alignleft  wp-image-1170\" src=\"http:\/\/www.medienberatungev.org\/wp-content\/uploads\/2016\/01\/IMG_3013-1024x681.jpg\" alt=\"IMG_3013\" width=\"173\" height=\"115\"><\/a><\/p>\n<p>Fotos zwei und drei von Jens Meyer<\/p>\n<p>1974&nbsp; und 1984<\/p>\n<p>Postkarte eins und zwei:&nbsp; Fotografen sind unbekannt. Die zweite Aufnahme ist zwischen 1929 und 1943 entstanden. (Bombentreffer)<\/p>\n","protected":false},"excerpt":{"rendered":"<p>Rechts sieht man den Eingang des Lessing Theaters (Kino) von Jeremias (genannt James) Henschel. Das Foto vom G\u00e4nsemarkt mu\u00df vor dem 21. Dezember 1929 entstanden sein. An diesem Tag wurde der Neubau (Deutschlandhaus) der Architekten Fritz Block und Ernst Hochfeld er\u00f6ffnet. Die Geb\u00e4ude in der Mitte des Bildes (Apotheke u. a.) wurden f\u00fcr die Errichtung &hellip; <a href=\"https:\/\/www.medienberatungev.org\/?p=2826\" class=\"more-link\"><span class=\"screen-reader-text\">\u201eAlte Postkarten G\u00e4nsemarkt mit Lessingtheater (Kino) IX\u201c<\/span> weiterlesen<\/a><\/p>\n","protected":false},"author":2,"featured_media":0,"comment_status":"open","ping_status":"open","sticky":false,"template":"","format":"standard","meta":{"footnotes":""},"categories":[1288,1245,945,1864,16,5,36,12,1049,10,45,1687,1],"tags":[1866,1867,3757,3603,3540,1865,3562],"class_list":["post-2826","post","type-post","status-publish","format-standard","hentry","category-bezirk-hamburg-mitte","category-fotoarchiv-jens-meyer","category-fotos","category-gaensemarkt","category-hamburg","category-henschel-film-konzern","category-hermann-urich-sass","category-jeremias-henschel","category-kinobesitzer","category-kinogeschichte","category-nsdap","category-ufa-2","category-uncategorized","tag-faun","tag-finanzbehoerde","tag-gaensemarkt","tag-james-henschel","tag-jeremias-henschel","tag-lessing-theater","tag-strassenbahn"],"_links":{"self":[{"href":"https:\/\/www.medienberatungev.org\/index.php?rest_route=\/wp\/v2\/posts\/2826","targetHints":{"allow":["GET"]}}],"collection":[{"href":"https:\/\/www.medienberatungev.org\/index.php?rest_route=\/wp\/v2\/posts"}],"about":[{"href":"https:\/\/www.medienberatungev.org\/index.php?rest_route=\/wp\/v2\/types\/post"}],"author":[{"embeddable":true,"href":"https:\/\/www.medienberatungev.org\/index.php?rest_route=\/wp\/v2\/users\/2"}],"replies":[{"embeddable":true,"href":"https:\/\/www.medienberatungev.org\/index.php?rest_route=%2Fwp%2Fv2%2Fcomments&post=2826"}],"version-history":[{"count":18,"href":"https:\/\/www.medienberatungev.org\/index.php?rest_route=\/wp\/v2\/posts\/2826\/revisions"}],"predecessor-version":[{"id":29183,"href":"https:\/\/www.medienberatungev.org\/index.php?rest_route=\/wp\/v2\/posts\/2826\/revisions\/29183"}],"wp:attachment":[{"href":"https:\/\/www.medienberatungev.org\/index.php?rest_route=%2Fwp%2Fv2%2Fmedia&parent=2826"}],"wp:term":[{"taxonomy":"category","embeddable":true,"href":"https:\/\/www.medienberatungev.org\/index.php?rest_route=%2Fwp%2Fv2%2Fcategories&post=2826"},{"taxonomy":"post_tag","embeddable":true,"href":"https:\/\/www.medienberatungev.org\/index.php?rest_route=%2Fwp%2Fv2%2Ftags&post=2826"}],"curies":[{"name":"wp","href":"https:\/\/api.w.org\/{rel}","templated":true}]}}