{"id":28623,"date":"2025-04-16T17:11:05","date_gmt":"2025-04-16T17:11:05","guid":{"rendered":"https:\/\/www.medienberatungev.org\/?p=28623"},"modified":"2026-02-08T09:20:21","modified_gmt":"2026-02-08T09:20:21","slug":"briefe-an-eugen-lvxvi-1004","status":"publish","type":"post","link":"https:\/\/www.medienberatungev.org\/?p=28623","title":{"rendered":"Briefe an Eugen (LXVI-66) 1004"},"content":{"rendered":"<div class=\"wp-block-image\">\n<figure class=\"alignleft size-large is-resized\"><a href=\"https:\/\/www.medienberatungev.org\/wp-content\/uploads\/2026\/02\/IMG_0036klein.jpg\"><img loading=\"lazy\" decoding=\"async\" width=\"768\" height=\"1024\" src=\"https:\/\/www.medienberatungev.org\/wp-content\/uploads\/2026\/02\/IMG_0036klein-768x1024.jpg\" alt=\"Hallo Eugen\" class=\"wp-image-31315\" style=\"width:115px;height:auto\" srcset=\"https:\/\/www.medienberatungev.org\/wp-content\/uploads\/2026\/02\/IMG_0036klein-768x1024.jpg 768w, https:\/\/www.medienberatungev.org\/wp-content\/uploads\/2026\/02\/IMG_0036klein-225x300.jpg 225w, https:\/\/www.medienberatungev.org\/wp-content\/uploads\/2026\/02\/IMG_0036klein.jpg 800w\" sizes=\"auto, (max-width: 709px) 85vw, (max-width: 909px) 67vw, (max-width: 984px) 61vw, (max-width: 1362px) 45vw, 600px\" \/><\/a><\/figure>\n<\/div>\n\n<div class=\"wp-block-image\">\n<figure class=\"alignright size-full is-resized\"><a href=\"https:\/\/www.medienberatungev.org\/wp-content\/uploads\/2022\/06\/Roemische-Zahlen-am-Heck.jpg\"><img loading=\"lazy\" decoding=\"async\" width=\"220\" height=\"330\" src=\"https:\/\/www.medienberatungev.org\/wp-content\/uploads\/2022\/06\/Roemische-Zahlen-am-Heck.jpg\" alt=\"\" class=\"wp-image-17347\" style=\"width:84px;height:auto\" srcset=\"https:\/\/www.medienberatungev.org\/wp-content\/uploads\/2022\/06\/Roemische-Zahlen-am-Heck.jpg 220w, https:\/\/www.medienberatungev.org\/wp-content\/uploads\/2022\/06\/Roemische-Zahlen-am-Heck-200x300.jpg 200w\" sizes=\"auto, (max-width: 220px) 85vw, 220px\" \/><\/a><figcaption class=\"wp-element-caption\">R\u00f6mische <\/figcaption><\/figure>\n<\/div>\n\n\n\n\n<p>Hallo Eugen, keine gute Nachricht. Am 4. April (2025) ist der Kameramann Niels Christian Bolbrinker gestorben. Ein Bild von ihm und Roswitha Ziegler ist in dem Gorlebenbuch auf Seite 67 abgedruckt. Das habe ich hier mal reingestellt.<\/p>\n\n\n\n<figure class=\"wp-block-image size-large\"><a href=\"https:\/\/www.medienberatungev.org\/wp-content\/uploads\/2025\/04\/Seite-67-1.jpg\"><img loading=\"lazy\" decoding=\"async\" width=\"1024\" height=\"772\" src=\"https:\/\/www.medienberatungev.org\/wp-content\/uploads\/2025\/04\/Seite-67-1-1024x772.jpg\" alt=\"\" class=\"wp-image-28624\" srcset=\"https:\/\/www.medienberatungev.org\/wp-content\/uploads\/2025\/04\/Seite-67-1-1024x772.jpg 1024w, https:\/\/www.medienberatungev.org\/wp-content\/uploads\/2025\/04\/Seite-67-1-300x226.jpg 300w, https:\/\/www.medienberatungev.org\/wp-content\/uploads\/2025\/04\/Seite-67-1-768x579.jpg 768w, https:\/\/www.medienberatungev.org\/wp-content\/uploads\/2025\/04\/Seite-67-1-1200x905.jpg 1200w, https:\/\/www.medienberatungev.org\/wp-content\/uploads\/2025\/04\/Seite-67-1.jpg 1225w\" sizes=\"auto, (max-width: 709px) 85vw, (max-width: 909px) 67vw, (max-width: 1362px) 62vw, 840px\" \/><\/a><figcaption class=\"wp-element-caption\">Aus dem Buch Republik Freies Wendland. Im August 1980 bei 2001 erschienen. Niels Bolbrinker und Roswitha Ziegler. Seite 67. Das k\u00f6nnte eine Eclair ACL sein, oder auch eine A\u00e4ton. Auf jeden Fall 16 mm. Wer dieses Foto gemacht hat, kann man dem Buch nicht entnehmen. Es gibt eine Namensliste mit 20 Fotografen, merkw\u00fcrdiger Weise alles M\u00e4nner mit einer Ausnahme. G\u00fcnther Zint ist mit 333 und Hinrich Schulze mit 29 Fotos dabei. Vermutlich ist das kein gestelltes Foto, das erkennt man an der Zigarette, die Niels in der Hand hat. Offensichtlich ein Linksraucher?<\/figcaption><\/figure>\n\n\n<div class=\"wp-block-image\">\n<figure class=\"alignright size-full is-resized\"><a href=\"https:\/\/www.medienberatungev.org\/wp-content\/uploads\/2020\/01\/image-1.png\"><img loading=\"lazy\" decoding=\"async\" width=\"1024\" height=\"815\" src=\"https:\/\/www.medienberatungev.org\/wp-content\/uploads\/2020\/01\/image-1.png\" alt=\"Tier\" class=\"wp-image-10573\" style=\"width:186px;height:auto\"\/><\/a><figcaption class=\"wp-element-caption\">Zeichnung Helga Bachmann<\/figcaption><\/figure>\n<\/div>","protected":false},"excerpt":{"rendered":"<p>Hallo Eugen, keine gute Nachricht. Am 4. April (2025) ist der Kameramann Niels Christian Bolbrinker gestorben. Ein Bild von ihm und Roswitha Ziegler ist in dem Gorlebenbuch auf Seite 67 abgedruckt. Das habe ich hier mal reingestellt.<\/p>\n","protected":false},"author":2,"featured_media":0,"comment_status":"open","ping_status":"open","sticky":false,"template":"","format":"standard","meta":{"footnotes":""},"categories":[10008,6521,2620,6504,10007,7997,8012,1,7252],"tags":[10005,10006,182,10004],"class_list":["post-28623","post","type-post","status-publish","format-standard","hentry","category-10008","category-16-mm-film","category-film","category-fotograf-henning-scholz","category-gorleben","category-nutzloses-wissen","category-nutzl-oses-wissen","category-uncategorized","category-widerstand","tag-10005","tag-gorleben","tag-niels-bolbrinker","tag-roswitha-ziegler"],"_links":{"self":[{"href":"https:\/\/www.medienberatungev.org\/index.php?rest_route=\/wp\/v2\/posts\/28623","targetHints":{"allow":["GET"]}}],"collection":[{"href":"https:\/\/www.medienberatungev.org\/index.php?rest_route=\/wp\/v2\/posts"}],"about":[{"href":"https:\/\/www.medienberatungev.org\/index.php?rest_route=\/wp\/v2\/types\/post"}],"author":[{"embeddable":true,"href":"https:\/\/www.medienberatungev.org\/index.php?rest_route=\/wp\/v2\/users\/2"}],"replies":[{"embeddable":true,"href":"https:\/\/www.medienberatungev.org\/index.php?rest_route=%2Fwp%2Fv2%2Fcomments&post=28623"}],"version-history":[{"count":15,"href":"https:\/\/www.medienberatungev.org\/index.php?rest_route=\/wp\/v2\/posts\/28623\/revisions"}],"predecessor-version":[{"id":31354,"href":"https:\/\/www.medienberatungev.org\/index.php?rest_route=\/wp\/v2\/posts\/28623\/revisions\/31354"}],"wp:attachment":[{"href":"https:\/\/www.medienberatungev.org\/index.php?rest_route=%2Fwp%2Fv2%2Fmedia&parent=28623"}],"wp:term":[{"taxonomy":"category","embeddable":true,"href":"https:\/\/www.medienberatungev.org\/index.php?rest_route=%2Fwp%2Fv2%2Fcategories&post=28623"},{"taxonomy":"post_tag","embeddable":true,"href":"https:\/\/www.medienberatungev.org\/index.php?rest_route=%2Fwp%2Fv2%2Ftags&post=28623"}],"curies":[{"name":"wp","href":"https:\/\/api.w.org\/{rel}","templated":true}]}}