{"id":28645,"date":"2025-04-17T16:28:18","date_gmt":"2025-04-17T16:28:18","guid":{"rendered":"https:\/\/www.medienberatungev.org\/?p=28645"},"modified":"2026-02-08T09:18:36","modified_gmt":"2026-02-08T09:18:36","slug":"briefe-an-eugen-lvxvii-deutsche-fundstuecke","status":"publish","type":"post","link":"https:\/\/www.medienberatungev.org\/?p=28645","title":{"rendered":"Briefe an Eugen (LXVII-67) Deutsche Fundst\u00fccke"},"content":{"rendered":"<div class=\"wp-block-image\">\n<figure class=\"alignright size-full is-resized\"><a href=\"https:\/\/www.medienberatungev.org\/wp-content\/uploads\/2022\/06\/Roemische-Zahlen-am-Heck.jpg\"><img loading=\"lazy\" decoding=\"async\" width=\"220\" height=\"330\" src=\"https:\/\/www.medienberatungev.org\/wp-content\/uploads\/2022\/06\/Roemische-Zahlen-am-Heck.jpg\" alt=\"\" class=\"wp-image-17347\" style=\"width:68px;height:auto\" srcset=\"https:\/\/www.medienberatungev.org\/wp-content\/uploads\/2022\/06\/Roemische-Zahlen-am-Heck.jpg 220w, https:\/\/www.medienberatungev.org\/wp-content\/uploads\/2022\/06\/Roemische-Zahlen-am-Heck-200x300.jpg 200w\" sizes=\"auto, (max-width: 220px) 85vw, 220px\" \/><\/a><figcaption class=\"wp-element-caption\">R\u00f6mische <\/figcaption><\/figure>\n<\/div>\n\n<div class=\"wp-block-image\">\n<figure class=\"alignleft size-large is-resized\"><a href=\"https:\/\/www.medienberatungev.org\/wp-content\/uploads\/2026\/02\/IMG_0036klein.jpg\"><img loading=\"lazy\" decoding=\"async\" width=\"768\" height=\"1024\" src=\"https:\/\/www.medienberatungev.org\/wp-content\/uploads\/2026\/02\/IMG_0036klein-768x1024.jpg\" alt=\"Hallo Eugen\" class=\"wp-image-31315\" style=\"aspect-ratio:0.7499999811774811;width:74px;height:auto\" srcset=\"https:\/\/www.medienberatungev.org\/wp-content\/uploads\/2026\/02\/IMG_0036klein-768x1024.jpg 768w, https:\/\/www.medienberatungev.org\/wp-content\/uploads\/2026\/02\/IMG_0036klein-225x300.jpg 225w, https:\/\/www.medienberatungev.org\/wp-content\/uploads\/2026\/02\/IMG_0036klein.jpg 800w\" sizes=\"auto, (max-width: 709px) 85vw, (max-width: 909px) 67vw, (max-width: 984px) 61vw, (max-width: 1362px) 45vw, 600px\" \/><\/a><\/figure>\n<\/div>\n\n<p><a href=\"https:\/\/www.medienberatungev.org\/wp-content\/uploads\/2025\/04\/PDF-Briefe-an-Eugen-Deutsche-Fundstuecke.pdf\">PDF Briefe an Eugen Deutsche Fundst\u00fccke<\/a><\/p>\n\n\n<figure class=\"wp-block-image size-large\"><a href=\"https:\/\/www.medienberatungev.org\/wp-content\/uploads\/2017\/04\/IMG_5148-e1671810361161.jpg\"><img decoding=\"async\" src=\"https:\/\/www.medienberatungev.org\/wp-content\/uploads\/2017\/04\/IMG_5148-1024x768.jpg\" alt=\"Admirals Palast Berlin\" class=\"wp-image-2311\"\/><\/a><figcaption class=\"wp-element-caption\">Admirals Palast Berlin. Hier fand die deutsche Erstauff\u00fchrung des Filmes Die M\u00f6rder sind unter uns statt. Foto Jens Meyer.<\/figcaption><\/figure>\n\n\n<div class=\"wp-block-image\">\n<figure class=\"alignright size-full is-resized\"><a href=\"https:\/\/www.medienberatungev.org\/wp-content\/uploads\/2025\/04\/Peeter-van-EyckR.png\"><img loading=\"lazy\" decoding=\"async\" width=\"308\" height=\"395\" src=\"https:\/\/www.medienberatungev.org\/wp-content\/uploads\/2025\/04\/Peeter-van-EyckR.png\" alt=\"\" class=\"wp-image-28909\" style=\"width:170px;height:auto\" srcset=\"https:\/\/www.medienberatungev.org\/wp-content\/uploads\/2025\/04\/Peeter-van-EyckR.png 308w, https:\/\/www.medienberatungev.org\/wp-content\/uploads\/2025\/04\/Peeter-van-EyckR-234x300.png 234w\" sizes=\"auto, (max-width: 308px) 85vw, 308px\" \/><\/a><figcaption class=\"wp-element-caption\">US Filmoffizier Peter van Eyck<\/figcaption><\/figure>\n<\/div>\n\n<div class=\"wp-block-image\">\n<figure class=\"alignright size-full\"><a href=\"https:\/\/www.medienberatungev.org\/wp-content\/uploads\/2025\/04\/Ernst-Wilhelm-Bochert-Gloria-Verleih.jpg\"><img loading=\"lazy\" decoding=\"async\" width=\"160\" height=\"200\" src=\"https:\/\/www.medienberatungev.org\/wp-content\/uploads\/2025\/04\/Ernst-Wilhelm-Bochert-Gloria-Verleih.jpg\" alt=\"Ernst Wilhelm Borchert  \" class=\"wp-image-28915\"\/><\/a><\/figure>\n<\/div>\n\n\n<p><strong>Hallo Eugen<\/strong>, ich hab mir gestern in der ARD-Mediathek noch mal &#8222;Die M\u00f6rder sind unter uns angesehen&#8220; und festgestellt, das der Hauptdarsteller alle Gr\u00fcnde hatte, der NSDAP in allen ihren Gliederungen beizutreten, der Karriere F\u00f6rderung wegen. Nur in einer Szene im Film, als er das junge M\u00e4dchen vor dem Ersticken bewahrt ist er \u00fcberzeugend. Der M\u00f6rder, so finde ich, ist auch eine Fehlbesetzung. Da springt einem der Spie\u00dfer sofort in die Augen. Der Kameramann hat gute Arbeit geleistet. Manchmal sind die zerfallenden Ruinen mir ein wenig zu malerisch fotografiert, so wie sie da auf Zuruf zerfallen. Die eine Ruinenszene sieht sehr nach einer schlechten Studioaufnahme aus. Vor allem wegen der nicht erkl\u00e4rbaren Beleuchtung. Und warum die Russen den neuen Schlu\u00df, den mit dem Gericht, besser fanden, als den urspr\u00fcnglichen, ist mir schleierhaft. R\u00fcckwirkend waere der andere Schlu\u00df vielleicht besser gewesen, J.<\/p>\n\n\n<div class=\"wp-block-image\">\n<figure class=\"alignleft size-full is-resized\"><a href=\"https:\/\/www.medienberatungev.org\/wp-content\/uploads\/2023\/09\/Friedel-Behnn-Grund.jpg\"><img loading=\"lazy\" decoding=\"async\" width=\"483\" height=\"463\" src=\"https:\/\/www.medienberatungev.org\/wp-content\/uploads\/2023\/09\/Friedel-Behnn-Grund.jpg\" alt=\"Friedel Behn-Grund\" class=\"wp-image-24127\" style=\"width:209px;height:auto\" srcset=\"https:\/\/www.medienberatungev.org\/wp-content\/uploads\/2023\/09\/Friedel-Behnn-Grund.jpg 483w, https:\/\/www.medienberatungev.org\/wp-content\/uploads\/2023\/09\/Friedel-Behnn-Grund-300x288.jpg 300w\" sizes=\"auto, (max-width: 483px) 85vw, 483px\" \/><\/a><figcaption class=\"wp-element-caption\">Kameramann Friedel Behn-Grund <\/figcaption><\/figure>\n<\/div>\n\n\n<p><strong>Hallo Eugen<\/strong>, ja was aus der Verhaftung geworden ist, ist irgendwie nicht \u00fcberliefert. Vermutlich haben sie ihn nicht lange in Haft behalten, J. <\/p>\n\n\n\n<p><strong>Hallo Eugen,<\/strong> wie der Arbeitstitel des Filmes war? Also wenn die \u00dcberlieferung geklappt hat, dann war der urspr\u00fcngliche Titel: &#8222;Der Mann, den ich t\u00f6ten werde&#8220;, oder auch &#8222;Der M\u00f6rder, den ich t\u00f6ten werde&#8220;. Und wenn ich der Oma meines Sohnes genau zugeh\u00f6rt habe, dann haben die Russen beim Einmarsch genau das gemacht. Die haben keine Frageb\u00f6gen verteilt, sondern einfach geschossen. Da waren sicher auch viele Unschuldige dabei, wie die Oma meines Sohnes (nicht meine Mutter) ihrem Enkel berichtet hatte. Manche wurden erschossen, weil sie eine T\u00e4towierung in der Achselh\u00f6hle hatten, und nun kommst wieder Du, J.<\/p>\n\n\n\n<p><\/p>\n\n\n<div class=\"wp-block-image\">\n<figure class=\"alignright size-large is-resized\"><a href=\"https:\/\/www.medienberatungev.org\/wp-content\/uploads\/2019\/11\/nilpferd_einauge1-e1573151400812.jpg\"><img loading=\"lazy\" decoding=\"async\" width=\"1024\" height=\"686\" src=\"https:\/\/www.medienberatungev.org\/wp-content\/uploads\/2019\/11\/nilpferd_einauge1-1024x686.jpg\" alt=\"Tier Nilpferd\" class=\"wp-image-10182\" style=\"width:180px;height:auto\"\/><\/a><figcaption class=\"wp-element-caption\">Zeichnung Helga Bachmann<\/figcaption><\/figure>\n<\/div>\n\n<div class=\"wp-block-image\">\n<figure class=\"alignleft size-full is-resized\"><a href=\"https:\/\/www.medienberatungev.org\/wp-content\/uploads\/2016\/08\/By-nc-sa_color.png\"><img loading=\"lazy\" decoding=\"async\" width=\"720\" height=\"486\" src=\"https:\/\/www.medienberatungev.org\/wp-content\/uploads\/2016\/08\/By-nc-sa_color.png\" alt=\"Creative commons.org\" class=\"wp-image-1755\" style=\"width:178px;height:auto\" srcset=\"https:\/\/www.medienberatungev.org\/wp-content\/uploads\/2016\/08\/By-nc-sa_color.png 720w, https:\/\/www.medienberatungev.org\/wp-content\/uploads\/2016\/08\/By-nc-sa_color-300x202.png 300w\" sizes=\"auto, (max-width: 709px) 85vw, (max-width: 909px) 67vw, (max-width: 984px) 61vw, (max-width: 1362px) 45vw, 600px\" \/><\/a><\/figure>\n<\/div>","protected":false},"excerpt":{"rendered":"<p>PDF Briefe an Eugen Deutsche Fundst\u00fccke Hallo Eugen, ich hab mir gestern in der ARD-Mediathek noch mal &#8222;Die M\u00f6rder sind unter uns angesehen&#8220; und festgestellt, das der Hauptdarsteller alle Gr\u00fcnde hatte, der NSDAP in allen ihren Gliederungen beizutreten, der Karriere F\u00f6rderung wegen. Nur in einer Szene im Film, als er das junge M\u00e4dchen vor dem &hellip; <a href=\"https:\/\/www.medienberatungev.org\/?p=28645\" class=\"more-link\"><span class=\"screen-reader-text\">\u201eBriefe an Eugen (LXVII-67) Deutsche Fundst\u00fccke\u201c<\/span> weiterlesen<\/a><\/p>\n","protected":false},"author":2,"featured_media":0,"comment_status":"open","ping_status":"open","sticky":false,"template":"","format":"standard","meta":{"footnotes":""},"categories":[4220,1606,1204,199,6486,6485,1845,452,4984,2948,650,298,1712,2620,2160,1989,1990,45,7997,8012,10016,8594,8944,9219,1713,5913,1,8905,1711,7742,9223,2701,2702,6170,7422],"tags":[1727,3252,10015,10011,9967,10014,9987,10017,8205,56,888,9971,10012,10013,10000,3730],"class_list":["post-28645","post","type-post","status-publish","format-standard","hentry","category-4220","category-1606","category-1204","category-berlin","category-berlin-hauptstadt-der-ddr","category-berlin-ost","category-berlin-west","category-berlinale","category-berliner-kinos","category-deutsche","category-deutsche-filme","category-deutscher-film","category-ernst-wilhelm-borchert","category-film","category-filmwoche","category-friedrichstrasse","category-lichtburg-kino","category-nsdap","category-nutzloses-wissen","category-nutzl-oses-wissen","category-oberfinanzpraesident","category-ost-berlin","category-ostberlin","category-ostdeutsch","category-peter-van-eyck","category-regisseur","category-uncategorized","category-wohnungsnot","category-wolfgang-staudte","category-zufallsfund","category-zusammenbruch","category-zusammensprudelln","category-zusammensprudeln","category-zweispaeltiges-hollywood","category-zwiespaeltiges-hollywood","tag-admiralspalast","tag-berlin-ost","tag-berlin-westt","tag-ernst-borchert","tag-ernst-wilhelm-borchert","tag-fiedel-behn-grund","tag-friedrichstrasse-2","tag-gasag","tag-manfred-barthel","tag-oberfinanzpraesident","tag-ostberlin","tag-peter-van-eyck","tag-wilhelm-borchert","tag-wilhelm-borchertt","tag-will-tremper","tag-wolfgang-staudte"],"_links":{"self":[{"href":"https:\/\/www.medienberatungev.org\/index.php?rest_route=\/wp\/v2\/posts\/28645","targetHints":{"allow":["GET"]}}],"collection":[{"href":"https:\/\/www.medienberatungev.org\/index.php?rest_route=\/wp\/v2\/posts"}],"about":[{"href":"https:\/\/www.medienberatungev.org\/index.php?rest_route=\/wp\/v2\/types\/post"}],"author":[{"embeddable":true,"href":"https:\/\/www.medienberatungev.org\/index.php?rest_route=\/wp\/v2\/users\/2"}],"replies":[{"embeddable":true,"href":"https:\/\/www.medienberatungev.org\/index.php?rest_route=%2Fwp%2Fv2%2Fcomments&post=28645"}],"version-history":[{"count":51,"href":"https:\/\/www.medienberatungev.org\/index.php?rest_route=\/wp\/v2\/posts\/28645\/revisions"}],"predecessor-version":[{"id":31351,"href":"https:\/\/www.medienberatungev.org\/index.php?rest_route=\/wp\/v2\/posts\/28645\/revisions\/31351"}],"wp:attachment":[{"href":"https:\/\/www.medienberatungev.org\/index.php?rest_route=%2Fwp%2Fv2%2Fmedia&parent=28645"}],"wp:term":[{"taxonomy":"category","embeddable":true,"href":"https:\/\/www.medienberatungev.org\/index.php?rest_route=%2Fwp%2Fv2%2Fcategories&post=28645"},{"taxonomy":"post_tag","embeddable":true,"href":"https:\/\/www.medienberatungev.org\/index.php?rest_route=%2Fwp%2Fv2%2Ftags&post=28645"}],"curies":[{"name":"wp","href":"https:\/\/api.w.org\/{rel}","templated":true}]}}