{"id":295,"date":"2014-06-03T21:58:43","date_gmt":"2014-06-03T21:58:43","guid":{"rendered":"http:\/\/www.medienberatungev.org\/?p=295"},"modified":"2025-10-23T12:46:33","modified_gmt":"2025-10-23T12:46:33","slug":"das-leuchtende-auge-ans-abendblatt","status":"publish","type":"post","link":"https:\/\/www.medienberatungev.org\/?p=295","title":{"rendered":"DAS LEUCHTENDE  AUGE oder NENNST DU MICH GOETHE NENN ICH DICH SCHILLER von Stinki Mueller"},"content":{"rendered":"<figure id=\"attachment_6877\" aria-describedby=\"caption-attachment-6877\" style=\"width: 259px\" class=\"wp-caption alignleft\"><a href=\"http:\/\/www.medienberatungev.org\/wp-content\/uploads\/2018\/06\/Tieresehendichan3.jpg\"><img loading=\"lazy\" decoding=\"async\" class=\"wp-image-6877\" src=\"http:\/\/www.medienberatungev.org\/wp-content\/uploads\/2018\/06\/Tieresehendichan3-1024x780.jpg\" alt=\"Tieresehendichan\" width=\"259\" height=\"199\" \/><\/a><figcaption id=\"caption-attachment-6877\" class=\"wp-caption-text\">Zeichnung Helga Bachmann<\/figcaption><\/figure>\n<p><span style=\"font-family: DejaVu Serif,serif;\"><strong>Das leuchtende Auge<\/strong> schreibt ans<strong> Hamburger Abendblatt<\/strong> einen Leserbrief mag aber seinen Namen nicht nennen und das Abendblatt mag ihn auch nicht ver\u00f6ffentlichen. Daf\u00fcr ist eine solche Internet Seite schlie\u00dflich auch da. Hamburger Abendblatt Seite 19 vom 19. Oktober 2013 von Karolin Jacquemain. <strong>Ein Leben f\u00fcrs Kino<\/strong>. <strong>Der Rote Faden oder: <\/strong><\/span><span style=\"font-family: Ubuntu;\"><span style=\"font-size: large;\"><strong>Nennst Du mich Goethe, nenn ich Dich Schiller!<\/strong> Peinlich, ist das treffende Wort f\u00fcr diesen Text von Karolin Jacquemain. Es gibt keinen Film der Coen Br\u00fcder mit dem Titel <strong>Cargo.<\/strong> Richtig dagegen: Eva Hubert war eine m\u00e4chtige Frau in Hamburg.<\/span><\/span><\/p>\n<p><span style=\"font-family: Ubuntu;\"><span style=\"font-size: large;\"><a href=\"https:\/\/www.medienberatungev.org\/wp-content\/uploads\/2014\/06\/Der-Rote-Faden-Nummer-2.pdf\">PDF Der Rote Faden Nummer 2<\/a><\/span><\/span><\/p>\n<p align=\"justify\"><span style=\"font-family: Ubuntu;\"><span style=\"font-size: large;\">Wer es mit Ihr verdarb, kam nicht mehr an die Hamburger Futterkrippe der Filmf\u00f6rderung heran. Doch hier geht es um Steuergelder, die vergeben werden und ohne Frau Hubert w\u00fcrde es diese gef\u00f6rderten Filme mit Sicherheit auch geben. Allerdings ohne diese Steuergelder w\u00fcrde es eine Reihe von Filmen nicht geben. Auch das w\u00e4re bei genauer Betrachtung der hergestellten Filme in einigen F\u00e4llen w\u00fcnschenswert. Auf Beispiele, von denen es eine Menge gibt, insbesondere die Coproduktionen mit dem NDR, verzichte ich hier. Auch ich will es mir schlie\u00dflich mit niemanden verderben und mir den Zugang zum Futternapf auf diese Weise verscherzen. <\/span><\/span><\/p>\n<p align=\"justify\"><span style=\"font-family: Ubuntu;\"><span style=\"font-size: large;\">Da gab es mal eine \u00e4hnlich m\u00e4chtige Frau beim NDR (Doris Heinze), \u00fcber die heute keiner mehr gerne spricht. Wie in jenem Fall auch hier: Hochmut kommt vor dem Fall. Dazu passt auch die vom Abendblatt gesch\u00f6nte Biografie. V\u00f6llig verschwunden: Die Tage mit dem KB. Schon die Gr\u00fcnen scheinen ihr heute ein wenig peinlich, aber \u201edie kleine Eva, die sich ins Kino schummelt, um West Side Story zu sehen, das kommt an. <a href=\"http:\/\/www.medienberatungev.org\/wp-content\/uploads\/2018\/06\/P1050413ZweiSteine-e1529432704754.jpg\"><img loading=\"lazy\" decoding=\"async\" class=\"aligncenter size-full wp-image-7343\" src=\"http:\/\/www.medienberatungev.org\/wp-content\/uploads\/2018\/06\/P1050413ZweiSteine-e1529432704754.jpg\" alt=\"P1050413ZweiSteine\" width=\"640\" height=\"360\" \/><\/a><\/span><\/span><em>(Wenn Du mich Goethe nennst, dann nenn ich dich Schiller) (Volksmund). Das Bild wurde dem Artikel eigenm\u00e4chtig hinzugef\u00fcgt. Schlie\u00dflich bildet der Hintergrund auch einen roten Faden, aus Wolle, versteht sich).<\/em><\/p>\n<p align=\"justify\"><span style=\"font-family: Ubuntu;\"><span style=\"font-size: large;\"><strong>Gef\u00e4lligkeitsjournalismus<\/strong> wurde so was fr\u00fcher genannt. Da nimmt es nicht Wunder, da\u00df sie eine Woche vorher (12.10.2013) im Abendblatt selbst zu Worte kommt:<\/span><\/span><\/p>\n<p style=\"text-align: justify;\"><span style=\"font-family: Ubuntu;\"><span style=\"font-size: large;\"><em>. . . &#8222;Das Hamburger Abendblatt war und ist ein treuer und wichtiger Partner f\u00fcr die kulturpolitische Diskussion in unserer Stadt. In f\u00fcr den Film- und Medienstandort schwierigen Zeiten hat das Hamburger Abendblatt mit seinen versierten Kultur- und Medienjournalisten eine wichtige Position eingenommen, Situationen analysiert und in vielen Artikeln mit Betroffenen und den politischen Entscheidern diskutiert. Unvergessen ist der Kultursenatoren-Countdown Ende 2001! Eine wunderbare Reihe \u00fcber die Zeit ohne Kultursenator(in) in der Hansestadt. Ich lese das Abendblatt, weil es die Informationsquelle ist f\u00fcr alles, was in und um Hamburg passiert. Ich w\u00fcnsche dem Abendblatt weiterhin qualitativen Journalismus, Mut zu Stellungnahmen und Anregungen zur Diskussion. Vor allem noch mehr Platz f\u00fcr den Film und ausf\u00fchrlichere Berichterstattung \u00fcber au\u00dfergew\u00f6hnliche und unbedingt sehenswerte Filme.&#8220;<\/em> (Eva Hubert, fr\u00fcher Filmf\u00f6rderung Hamburg Schleswig-Holstein). Der Volksmund titelt: <strong>Eine Hand w\u00e4scht die andere.<\/strong><\/span><\/span><\/p>\n<figure id=\"attachment_7184\" aria-describedby=\"caption-attachment-7184\" style=\"width: 212px\" class=\"wp-caption alignright\"><a href=\"http:\/\/www.medienberatungev.org\/wp-content\/uploads\/2018\/06\/Tieresehendichan31.jpg\"><img loading=\"lazy\" decoding=\"async\" class=\"wp-image-7184\" src=\"http:\/\/www.medienberatungev.org\/wp-content\/uploads\/2018\/06\/Tieresehendichan31-1024x780.jpg\" alt=\"Tieresehendichan\" width=\"212\" height=\"162\" \/><\/a><figcaption id=\"caption-attachment-7184\" class=\"wp-caption-text\">Zeichnung Helga Bachmann<\/figcaption><\/figure>\n<p><span style=\"font-family: Ubuntu;\"><span style=\"font-size: large;\">(Name ist uns bekannt) Nennt sich hier aber:<\/span><\/span><strong><span style=\"font-family: Ubuntu;\"><span style=\"font-size: large;\"><span style=\"text-decoration: underline;\"> Das leuchtende Auge, b<\/span>esser is! <\/span><\/span><\/strong><span style=\"font-family: Ubuntu;\"><span style=\"font-size: large;\">oder auch Stinki M\u00fcller ist auch ein guter Name. Stinki Miller, deine Mutter sucht dich!<\/span><\/span><span style=\"font-size: small;\"><span style=\"font-size: small;\"> (Hellzapoppin)<\/span><\/span><\/p>\n<p><span style=\"font-size: large;\"><span style=\"font-size: small;\"><a href=\"http:\/\/www.medienberatungev.org\/wp-content\/uploads\/2018\/03\/BahnhofSternschanze2.jpg\"><img loading=\"lazy\" decoding=\"async\" class=\"wp-image-5955 alignleft\" src=\"http:\/\/www.medienberatungev.org\/wp-content\/uploads\/2018\/03\/BahnhofSternschanze2-1024x706.jpg\" alt=\"BahnhofSternschanze2\" width=\"306\" height=\"211\" \/><\/a><br \/><\/span><\/span><\/p>\n\n<div class=\"wp-block-image is-style-default\">\n<figure class=\"alignright size-full is-resized\"><a href=\"https:\/\/www.medienberatungev.org\/wp-content\/uploads\/2016\/08\/By-nc-sa_color.png\"><img loading=\"lazy\" decoding=\"async\" width=\"720\" height=\"486\" src=\"https:\/\/www.medienberatungev.org\/wp-content\/uploads\/2016\/08\/By-nc-sa_color.png\" alt=\"Creative commons.org\" class=\"wp-image-1755\" style=\"width:152px;height:auto\" srcset=\"https:\/\/www.medienberatungev.org\/wp-content\/uploads\/2016\/08\/By-nc-sa_color.png 720w, https:\/\/www.medienberatungev.org\/wp-content\/uploads\/2016\/08\/By-nc-sa_color-300x202.png 300w\" sizes=\"auto, (max-width: 709px) 85vw, (max-width: 909px) 67vw, (max-width: 984px) 61vw, (max-width: 1362px) 45vw, 600px\" \/><\/a><\/figure>\n<\/div>\n\n\n<p><\/p>\n","protected":false},"excerpt":{"rendered":"<p>Das leuchtende Auge schreibt ans Hamburger Abendblatt einen Leserbrief mag aber seinen Namen nicht nennen und das Abendblatt mag ihn auch nicht ver\u00f6ffentlichen. Daf\u00fcr ist eine solche Internet Seite schlie\u00dflich auch da. Hamburger Abendblatt Seite 19 vom 19. Oktober 2013 von Karolin Jacquemain. Ein Leben f\u00fcrs Kino. Der Rote Faden oder: Nennst Du mich Goethe, &hellip; <a href=\"https:\/\/www.medienberatungev.org\/?p=295\" class=\"more-link\"><span class=\"screen-reader-text\">\u201eDAS LEUCHTENDE  AUGE oder NENNST DU MICH GOETHE NENN ICH DICH SCHILLER von Stinki Mueller\u201c<\/span> weiterlesen<\/a><\/p>\n","protected":false},"author":2,"featured_media":0,"comment_status":"open","ping_status":"open","sticky":false,"template":"","format":"standard","meta":{"footnotes":""},"categories":[1909,2,25,540,3457,2157,650,298,3456,919,3310,3285,2584,240,135,2620,5710,2069,2159,454,8,2160,4171,1245,1618,945,680,16,2156,463,412,4665,6,10,3131,2330,1745,415,1801,2789,144,2158,2788,3301,3210,681,123,3374,3074,3128,2978,6104,27],"tags":[3462,3468,3469,3447,3458,683,3459,3466,3460,3467,3628,3450,3573,682,420,612,3597,3448,3613,685,3589,3465,3455,684,3451,3452,3461,687,3463,599,3453,3567,3464,679,3614,3973,3449,686,3454],"class_list":["post-295","post","type-post","status-publish","format-standard","hentry","category-abaton-kino","category-pro-bla","category-ard","category-axel-springer","category-das-leuchtende-auge","category-der-rote-faden","category-deutsche-filme","category-deutscher-film","category-deutsches-fernsehen","category-doris-heinze","category-erich-maria-remark","category-erich-maria-remarque","category-europaeische-filmfoerderung","category-eva-hubert","category-fernsehen","category-film","category-film-redaktion","category-filmbuero-hamburg","category-filmecho-2","category-filmfoerderungs-gmbh-hamburg","category-filmkritik","category-filmwoche","category-foerderfilm","category-fotoarchiv-jens-meyer","category-fotografen","category-fotos","category-goethe","category-hamburg","category-hamburg-abendblatt","category-hamburg-altona","category-hamburger-abendblatt","category-hamburger-kinos","category-im-kino","category-kinogeschichte","category-kriecherei","category-langeweile","category-leserbriefe","category-leserinnen-briefe-an-die-medienberatung","category-medium","category-meer-von-luegen","category-ndr","category-ndr-koenigin","category-parteiwirtschaft","category-remarque","category-satire","category-schiller","category-spd","category-stinky-miller","category-tiere-sehen-dich-an","category-unbeliebtheit","category-weglaufkino","category-west-side-story","category-zdf","tag-arbeiterkampf","tag-aus-roten-faden-werden-manches-mal-pullover","tag-aus-roten-faden-werden-manches-mal-pullover-gestrickt","tag-axel-springer-verlag","tag-cargo","tag-coen","tag-coen-brueder","tag-coproduktionen","tag-der-rote-faden-2","tag-die-kleine-eva-schummelt-sich-ins-kino","tag-doris-heinze","tag-eine-hand-waescht-die-andere","tag-eva-hubert","tag-fargo","tag-filmfoerderung","tag-filmfoerderung-hamburg","tag-filmfoerderungs-gmbh-hamburg","tag-gefaelligkeitsjournalismus","tag-goethe","tag-hamburger-abendblat","tag-hamburger-abendblatt","tag-hamburger-futterkrippe","tag-heinze","tag-karolin-jacquemain","tag-kb","tag-kbw","tag-kommunistische-volkszeitung","tag-kultursenatorin","tag-kvz","tag-lobhudelei","tag-maechtige-frau-beim-ndr","tag-ndr","tag-ran-an-die-fleischtoepfe","tag-rote-faden","tag-schiller","tag-stinky-miller","tag-treuer-partner","tag-west-side-story","tag-zugang-zum-futternapf"],"_links":{"self":[{"href":"https:\/\/www.medienberatungev.org\/index.php?rest_route=\/wp\/v2\/posts\/295","targetHints":{"allow":["GET"]}}],"collection":[{"href":"https:\/\/www.medienberatungev.org\/index.php?rest_route=\/wp\/v2\/posts"}],"about":[{"href":"https:\/\/www.medienberatungev.org\/index.php?rest_route=\/wp\/v2\/types\/post"}],"author":[{"embeddable":true,"href":"https:\/\/www.medienberatungev.org\/index.php?rest_route=\/wp\/v2\/users\/2"}],"replies":[{"embeddable":true,"href":"https:\/\/www.medienberatungev.org\/index.php?rest_route=%2Fwp%2Fv2%2Fcomments&post=295"}],"version-history":[{"count":67,"href":"https:\/\/www.medienberatungev.org\/index.php?rest_route=\/wp\/v2\/posts\/295\/revisions"}],"predecessor-version":[{"id":31140,"href":"https:\/\/www.medienberatungev.org\/index.php?rest_route=\/wp\/v2\/posts\/295\/revisions\/31140"}],"wp:attachment":[{"href":"https:\/\/www.medienberatungev.org\/index.php?rest_route=%2Fwp%2Fv2%2Fmedia&parent=295"}],"wp:term":[{"taxonomy":"category","embeddable":true,"href":"https:\/\/www.medienberatungev.org\/index.php?rest_route=%2Fwp%2Fv2%2Fcategories&post=295"},{"taxonomy":"post_tag","embeddable":true,"href":"https:\/\/www.medienberatungev.org\/index.php?rest_route=%2Fwp%2Fv2%2Ftags&post=295"}],"curies":[{"name":"wp","href":"https:\/\/api.w.org\/{rel}","templated":true}]}}