{"id":299,"date":"2014-06-04T10:58:19","date_gmt":"2014-06-04T10:58:19","guid":{"rendered":"http:\/\/www.medienberatungev.org\/?p=299"},"modified":"2025-10-23T12:43:36","modified_gmt":"2025-10-23T12:43:36","slug":"zitat-von-helmut-faerber-filmkritik","status":"publish","type":"post","link":"https:\/\/www.medienberatungev.org\/?p=299","title":{"rendered":"Zitate von Helmut F\u00e4rber + Don Siegel + Wolfgang Neuss + Herbert Linder"},"content":{"rendered":"<p><strong><a href=\"http:\/\/www.medienberatungev.org\/wp-content\/uploads\/2018\/06\/Tieresehendichan3.jpg\"><img loading=\"lazy\" decoding=\"async\" class=\"wp-image-6877 alignleft\" src=\"http:\/\/www.medienberatungev.org\/wp-content\/uploads\/2018\/06\/Tieresehendichan3-1024x780.jpg\" alt=\"Tieresehendichan3\" width=\"113\" height=\"86\" \/><\/a>&#8222;Es ist immer aufschlu\u00dfreich, wenn Leute sich in einem liberalen Land verhalten als w\u00e4re hier eine Diktatur.&#8220; <\/strong>(Helmut F\u00e4rber in Filmkritik September 1970, Seite 464). <!--more-->In dem Film: <strong>Der grosse Coup (Charley Varrick)<\/strong> von Don Siegel (1973) gibt es auch so sch\u00f6ne S\u00e4tze: So sagt in der deutschen Fassung der Ober Mafia Boss (Maynard Boyle, gespielt von John Vernon) zu &#8222;seinem&#8220; Sparkassen Leiter (Harald Young gespielt von Woodrow Parfrey): <strong>&#8222;Das Gl\u00fcck ist jenen zugetan, die fleissig sind und arbeitsam.&#8220; <\/strong>Und Walter Matthau\u00a0 (Bankr\u00e4uber Charley Varrick) zu seinem Kollegen (Bankr\u00e4uber Andy Robinson, gespielt von Harman Sullivan): <strong>&#8222;\u00dcberrasch mich doch mal damit, da\u00df du tust was ich sage&#8220;, <\/strong>was er aber leider nicht tut und deswegen auch im Kofferraum endet. <strong>&#8222;Der Himmel ist so grau, weil alles Blaue bereits heruntergelogen wurde.&#8220; <\/strong><span style=\"color: #000000;\">(Graffiti auf einer Strassenbahn in Leipzig). <\/span><strong>&#8222;Es ist ja ganz egal, wo ihr das falsch verdiente Geld verliert.&#8220;<\/strong> (Wolfgang Neuss). <strong>&#8222;Der Obergenosse sagt: Es gibt keine Obergenossen. Die Untergenossinnen und Untergenossen nicken. Bei sich aber murren sie und nehmen sich Vatermorde vor und Grundsatzdiskussionen.&#8220;<\/strong> <span style=\"color: #000000;\">(Peter Paul Zahl, Die Gl\u00fccklichen, Seite 70). <a href=\"http:\/\/www.medienberatungev.org\/?attachment_id=8961\" rel=\"attachment wp-att-8961\"><img loading=\"lazy\" decoding=\"async\" class=\"wp-image-8961 alignleft\" src=\"http:\/\/www.medienberatungev.org\/wp-content\/uploads\/2014\/06\/WolfgangNeussschl\u00e4gtsichandenKopf.jpg\" alt=\"\" width=\"142\" height=\"203\" srcset=\"https:\/\/www.medienberatungev.org\/wp-content\/uploads\/2014\/06\/WolfgangNeussschl\u00e4gtsichandenKopf.jpg 597w, https:\/\/www.medienberatungev.org\/wp-content\/uploads\/2014\/06\/WolfgangNeussschl\u00e4gtsichandenKopf-210x300.jpg 210w\" sizes=\"auto, (max-width: 142px) 85vw, 142px\" \/><\/a><strong>&#8222;Ich stehe rum. Ich w\u00fcrd ihn viel lieber trinken. Ich w\u00e4re gerne ne Strassenbahn. Dann h\u00e4tte ich Fenster. Und man k\u00f6nnte aus mir winken.&#8220; <\/strong>(Wolfgang Neuss).<\/span><strong> &#8222;Das Leben ist zu kurz, um sich deutsche Filme anzusehen.&#8220; <\/strong><span style=\"color: #000000;\">(Wolfgang Neuss). <\/span><span style=\"color: #000000;\">Postkarte Verlagswerbung f\u00fcr die B\u00fccher: Wolfgang Neuss Ein faltenreiches Kind (Gaston Salvatore),\u00a0 Wir Kellerkinder (Wolfgang Neuss) EVA TB 15, Neuss Testament (Wolfgang Neuss) EVA\u00a0 TB 55,\u00a0 <\/span><span style=\"color: #000000;\">Foto Gisela Groenewold<a href=\"http:\/\/www.medienberatungev.org\/wp-content\/uploads\/2017\/08\/JuliusLeberTunnel.jpg\">\u00a0<\/a><br \/><\/span><\/p>\n<p>&#8222;Die sich der Vergangenheit nicht erinnern koennen, sind verurteilt, sie zu wiederholen.&#8220; Und er hats sogar \u00fcbersetzt: &#8222;Those who cannot remember the past are condemned to repeat it.&#8220; Seite 403. Herbert Linder in\u00a0\u00a0 Filmkritik August 1970. Wer dieses Zitat sucht, stellt fest, es ist von G. Klaut. Und damit\u00a0 das nicht auffaellt ist es leicht veraendert.\u00a0\u00a0\u00a0\u00a0\u00a0\u00a0\u00a0\u00a0\u00a0\u00a0\u00a0\u00a0\u00a0\u00a0\u00a0\u00a0\u00a0\u00a0\u00a0\u00a0\u00a0\u00a0\u00a0\u00a0\u00a0\u00a0\u00a0\u00a0\u00a0\u00a0\u00a0\u00a0\u00a0\u00a0\u00a0\u00a0\u00a0\u00a0\u00a0\u00a0\u00a0\u00a0\u00a0\u00a0\u00a0\u00a0\u00a0\u00a0\u00a0\u00a0\u00a0\u00a0\u00a0\u00a0\u00a0\u00a0\u00a0\u00a0\u00a0\u00a0\u00a0\u00a0\u00a0\u00a0\u00a0\u00a0\u00a0\u00a0\u00a0\u00a0\u00a0\u00a0\u00a0\u00a0\u00a0\u00a0\u00a0\u00a0\u00a0 &#8222;Wer sich seiner Vergangenheit nicht erinnert, ist dazu verdammt, sie zu wiederholen.&#8220; und soll von George Santayana stammen, der es am 18. November 1965 gesagt haben soll, sagt,\u00a0 na wer wohl? \u00a0 \u00a0\u00a0 \u00a0\u00a0 \u00a0\u00a0 \u00a0\u00a0 \u00a0\u00a0 \u00a0\u00a0 \u00a0\u00a0 \u00a0\u00a0 \u00a0\u00a0 \u00a0\u00a0 \u00a0\u00a0 \u00a0\u00a0 \u00a0\u00a0 \u00a0\u00a0 \u00a0\u00a0 \u00a0 \u00a0 \u00a0 \u00a0 \u00a0 \u00a0 \u00a0 \u00a0 \u00a0 \u00a0 \u00a0 \u00a0 \u00a0 \u00a0 \u00a0 \u00a0 \u00a0 \u00a0 \u00a0 \u00a0 \u00a0 \u00a0 \u00a0 \u00a0 \u00a0 \u00a0 \u00a0 \u00a0 \u00a0 \u00a0 \u00a0 \u00a0 \u00a0 \u00a0 \u00a0 \u00a0 \u00a0 \u00a0 \u00a0 \u00a0 \u00a0 \u00a0 \u00a0 \u00a0 \u00a0 \u00a0 \u00a0 \u00a0 \u00a0 \u00a0 \u00a0 \u00a0 \u00a0 \u00a0 \u00a0 \u00a0 \u00a0 <a href=\"http:\/\/www.medienberatungev.org\/wp-content\/uploads\/2017\/08\/JuliusLeberTunnel.jpg\"><img loading=\"lazy\" decoding=\"async\" class=\"aligncenter wp-image-2783\" src=\"http:\/\/www.medienberatungev.org\/wp-content\/uploads\/2017\/08\/JuliusLeberTunnel.jpg\" alt=\"JuliusLeberTunnel\" width=\"658\" height=\"642\" \/><\/a><a href=\"http:\/\/www.medienberatungev.org\/?attachment_id=8640\" rel=\"attachment wp-att-8640\"><img loading=\"lazy\" decoding=\"async\" class=\"wp-image-8640 alignright\" src=\"http:\/\/www.medienberatungev.org\/wp-content\/uploads\/2019\/03\/By-nc-sa_color.png\" alt=\"\" width=\"184\" height=\"124\" srcset=\"https:\/\/www.medienberatungev.org\/wp-content\/uploads\/2019\/03\/By-nc-sa_color.png 720w, https:\/\/www.medienberatungev.org\/wp-content\/uploads\/2019\/03\/By-nc-sa_color-300x203.png 300w\" sizes=\"auto, (max-width: 184px) 85vw, 184px\" \/><\/a><a href=\"http:\/\/www.medienberatungev.org\/?attachment_id=8642\" rel=\"attachment wp-att-8642\"><img loading=\"lazy\" decoding=\"async\" class=\"wp-image-8642 alignleft\" src=\"http:\/\/www.medienberatungev.org\/wp-content\/uploads\/2019\/03\/milpferd_einauge-1024x686.jpg\" alt=\"\" width=\"162\" height=\"109\" srcset=\"https:\/\/www.medienberatungev.org\/wp-content\/uploads\/2019\/03\/milpferd_einauge-1024x686.jpg 1024w, https:\/\/www.medienberatungev.org\/wp-content\/uploads\/2019\/03\/milpferd_einauge-300x201.jpg 300w, https:\/\/www.medienberatungev.org\/wp-content\/uploads\/2019\/03\/milpferd_einauge-768x515.jpg 768w, https:\/\/www.medienberatungev.org\/wp-content\/uploads\/2019\/03\/milpferd_einauge.jpg 1070w\" sizes=\"auto, (max-width: 162px) 85vw, 162px\" \/><\/a>Foto Jens Meyer<\/p>\n\n\n<p><\/p>\n\n\n\n<p><\/p>\n","protected":false},"excerpt":{"rendered":"<p>&#8222;Es ist immer aufschlu\u00dfreich, wenn Leute sich in einem liberalen Land verhalten als w\u00e4re hier eine Diktatur.&#8220; (Helmut F\u00e4rber in Filmkritik September 1970, Seite 464).<\/p>\n","protected":false},"author":2,"featured_media":0,"comment_status":"open","ping_status":"open","sticky":false,"template":"","format":"gallery","meta":{"footnotes":""},"categories":[6275,6278,2,288,1302,2165,2948,650,298,8,1245,1618,945,470,16,463,6,10,4692,7742,2701,2702,6170,7422],"tags":[321,6296,7444,2990,2980,2992,2991,3611,2993,6298,9154,4754,3574,9153,2994,2995,908,3562,6297,322,101],"class_list":["post-299","post","type-post","status-publish","format-gallery","hentry","category-35-mm-film","category-35-mm-projektoren","category-pro-bla","category-aus-dem-antiquariat","category-bezirk-hamburg-altona","category-bhf-altona","category-deutsche","category-deutsche-filme","category-deutscher-film","category-filmkritik","category-fotoarchiv-jens-meyer","category-fotografen","category-fotos","category-geschichten-aus-dem-leben","category-hamburg","category-hamburg-altona","category-im-kino","category-kinogeschichte","category-wolfgang-neuss","category-zufallsfund","category-zusammensprudelln","category-zusammensprudeln","category-zweispaeltiges-hollywood","category-zwiespaeltiges-hollywood","tag-charley-varrick","tag-charlie","tag-charlie-varrick","tag-das-glueck-ist-jenen-zugetan-die-fleissig-sind-und-arbeitsam","tag-das-leben-ist-zu-kurz-um-sich-deutsche-filme-anzusehen","tag-der-himmel-ist-so-grau-weil-alles-blaue-bereits-heruntergelogen-wurde","tag-der-obergenosse-sagt-es-gibt-keine-obergenossen","tag-deutsche-filme","tag-die-untergenossen-nicken","tag-don-siegel","tag-george-santayana","tag-gisela-groenewold","tag-helmut-faerber","tag-herbert-linder","tag-ich-stehe-rum-ich-wuerd-ihn-lieber-trinken","tag-ich-waere-gerne-ne-strassenbahn-dann-haette-ich-fenster-und-koennte-aus-mir-winken","tag-peter-paul-zahl","tag-strassenbahn","tag-varrick","tag-walter-matthau","tag-wolfgang-neuss","post_format-post-format-gallery"],"_links":{"self":[{"href":"https:\/\/www.medienberatungev.org\/index.php?rest_route=\/wp\/v2\/posts\/299","targetHints":{"allow":["GET"]}}],"collection":[{"href":"https:\/\/www.medienberatungev.org\/index.php?rest_route=\/wp\/v2\/posts"}],"about":[{"href":"https:\/\/www.medienberatungev.org\/index.php?rest_route=\/wp\/v2\/types\/post"}],"author":[{"embeddable":true,"href":"https:\/\/www.medienberatungev.org\/index.php?rest_route=\/wp\/v2\/users\/2"}],"replies":[{"embeddable":true,"href":"https:\/\/www.medienberatungev.org\/index.php?rest_route=%2Fwp%2Fv2%2Fcomments&post=299"}],"version-history":[{"count":52,"href":"https:\/\/www.medienberatungev.org\/index.php?rest_route=\/wp\/v2\/posts\/299\/revisions"}],"predecessor-version":[{"id":31139,"href":"https:\/\/www.medienberatungev.org\/index.php?rest_route=\/wp\/v2\/posts\/299\/revisions\/31139"}],"wp:attachment":[{"href":"https:\/\/www.medienberatungev.org\/index.php?rest_route=%2Fwp%2Fv2%2Fmedia&parent=299"}],"wp:term":[{"taxonomy":"category","embeddable":true,"href":"https:\/\/www.medienberatungev.org\/index.php?rest_route=%2Fwp%2Fv2%2Fcategories&post=299"},{"taxonomy":"post_tag","embeddable":true,"href":"https:\/\/www.medienberatungev.org\/index.php?rest_route=%2Fwp%2Fv2%2Ftags&post=299"}],"curies":[{"name":"wp","href":"https:\/\/api.w.org\/{rel}","templated":true}]}}