{"id":30155,"date":"2025-05-30T14:42:18","date_gmt":"2025-05-30T14:42:18","guid":{"rendered":"https:\/\/www.medienberatungev.org\/?p=30155"},"modified":"2026-02-08T09:16:17","modified_gmt":"2026-02-08T09:16:17","slug":"briefe-an-eugen-der-raub-lxxv-75","status":"publish","type":"post","link":"https:\/\/www.medienberatungev.org\/?p=30155","title":{"rendered":"Briefe an Eugen.  Der Raub (LXXV-75)"},"content":{"rendered":"<div class=\"wp-block-image\">\n<figure class=\"alignright size-full is-resized\"><a href=\"https:\/\/www.medienberatungev.org\/wp-content\/uploads\/2022\/06\/Roemische-Zahlen-am-Heck.jpg\"><img loading=\"lazy\" decoding=\"async\" width=\"220\" height=\"330\" src=\"https:\/\/www.medienberatungev.org\/wp-content\/uploads\/2022\/06\/Roemische-Zahlen-am-Heck.jpg\" alt=\"\" class=\"wp-image-17347\" style=\"width:141px;height:auto\" srcset=\"https:\/\/www.medienberatungev.org\/wp-content\/uploads\/2022\/06\/Roemische-Zahlen-am-Heck.jpg 220w, https:\/\/www.medienberatungev.org\/wp-content\/uploads\/2022\/06\/Roemische-Zahlen-am-Heck-200x300.jpg 200w\" sizes=\"auto, (max-width: 220px) 85vw, 220px\" \/><\/a><figcaption class=\"wp-element-caption\">R\u00f6mische Zahlen<\/figcaption><\/figure>\n<\/div>\n\n<p><a href=\"https:\/\/www.medienberatungev.org\/wp-content\/uploads\/2025\/05\/PDF-Briefe-an-Eugen-Der-Raub-LXXV-75-1.pdf\">PDF Briefe an Eugen Der Raub (LXXV-75)<\/a><\/p>\n\n<div class=\"wp-block-image\">\n<figure class=\"alignleft size-large is-resized\"><a href=\"https:\/\/www.medienberatungev.org\/wp-content\/uploads\/2026\/02\/IMG_0036klein.jpg\"><img loading=\"lazy\" decoding=\"async\" width=\"768\" height=\"1024\" src=\"https:\/\/www.medienberatungev.org\/wp-content\/uploads\/2026\/02\/IMG_0036klein-768x1024.jpg\" alt=\"Hallo Eugen\" class=\"wp-image-31315\" style=\"aspect-ratio:0.7499999813614144;width:119px;height:auto\" srcset=\"https:\/\/www.medienberatungev.org\/wp-content\/uploads\/2026\/02\/IMG_0036klein-768x1024.jpg 768w, https:\/\/www.medienberatungev.org\/wp-content\/uploads\/2026\/02\/IMG_0036klein-225x300.jpg 225w, https:\/\/www.medienberatungev.org\/wp-content\/uploads\/2026\/02\/IMG_0036klein.jpg 800w\" sizes=\"auto, (max-width: 709px) 85vw, (max-width: 909px) 67vw, (max-width: 984px) 61vw, (max-width: 1362px) 45vw, 600px\" \/><\/a><\/figure>\n<\/div>\n\n\n<p><strong>Hallo Eugen,<\/strong> ja bei Pabel gabs im Fenster ein Buch, da mu\u00dfte ich sofort daran denken, wie oft Du Dich schon dar\u00fcber beschwert hast, das \u00fcber den Raub, der da nach 33 bei uns statt gefunden hat, immer nur gelabert wird. Hier wird nicht gelabert und dar\u00fcber kann man schon mal froh sein. Das Buch ist von Cord Aschenbrenner, hat den Titel \u00bbDer Raub\u00ab und handelt von der Enteignung und Vertreibung der J\u00fcdischen Gesch\u00e4ftsleute vom Neuen Wall in Hamburg. Und ist erschienen im Wachholz Verlag. Herausgegeben von Dr. J\u00f6rg Herrman und Dr. Stephan Linck: Im Auftrag der Evangelischen Akademie der Nordkirche. Das Lektorat hat Evelin Schulthei\u00df aus Kirchwalsede gemacht. Das Buch ist rundum gelungen. Durch seine Herausgabe und vor allem durch den gew\u00e4hlten Titel: &#8222;Der Raub&#8220; komme ich drauf, was mich an den bisherigen Darstellungen immer so gest\u00f6rt hat. Die L\u00fccke. Und diese Scheinheiligkeit. Die Namen der T\u00e4ter und der Zuschauer verheimlichen. Und immer so tun, als sei der Faschismus ein Import. Nun sollte man bei einer Ver\u00f6ffentlichung, die von einer der beiden deutschen Staatskirchen unterst\u00fctzt wird, daran denken, das auch die Anh\u00e4nger Martin Luthers ein Interesse daran haben k\u00f6nnten, die Rolle, die ihre Kirche bei der Enteignung und Vertreibung der j\u00fcdischen Gesch\u00e4ftsleute hatte, ebenfalls zu untersuchen. Das ist hier leider nicht der Falll, J.<\/p>\n\n\n<div class=\"wp-block-image\">\n<figure class=\"alignleft size-large is-resized\"><a href=\"https:\/\/www.medienberatungev.org\/wp-content\/uploads\/2025\/05\/Umschlag-kleinDer-Raub.jpg\"><img loading=\"lazy\" decoding=\"async\" width=\"726\" height=\"1024\" src=\"https:\/\/www.medienberatungev.org\/wp-content\/uploads\/2025\/05\/Umschlag-kleinDer-Raub-726x1024.jpg\" alt=\"\" class=\"wp-image-30156\" style=\"width:137px;height:auto\" srcset=\"https:\/\/www.medienberatungev.org\/wp-content\/uploads\/2025\/05\/Umschlag-kleinDer-Raub-726x1024.jpg 726w, https:\/\/www.medienberatungev.org\/wp-content\/uploads\/2025\/05\/Umschlag-kleinDer-Raub-213x300.jpg 213w, https:\/\/www.medienberatungev.org\/wp-content\/uploads\/2025\/05\/Umschlag-kleinDer-Raub-768x1083.jpg 768w, https:\/\/www.medienberatungev.org\/wp-content\/uploads\/2025\/05\/Umschlag-kleinDer-Raub.jpg 800w\" sizes=\"auto, (max-width: 709px) 85vw, (max-width: 909px) 67vw, (max-width: 984px) 61vw, (max-width: 1362px) 45vw, 600px\" \/><\/a><figcaption class=\"wp-element-caption\">Umschlag. Der Raub.<\/figcaption><\/figure>\n<\/div>\n\n\n<p>(Zeichen 2.132) Briefe an Eugen. Der Raub (LXXV-75) <\/p>\n\n\n\n<p><strong>Hallo Eugen<\/strong>, nein. Wie die Haltung der Evangelen in Hamburg zu der Enteignung J\u00fcdischen Gesch\u00e4ftsleute am Neuen Wall war, wird nicht ber\u00fchrt. J.<\/p>\n\n\n\n<p><strong>Hallo Eugen,<\/strong> ob es auch komische S\u00e4tze in dem Buch gibt? Ja, einen habe ich gefunden, bei dem ich spontan lachen mu\u00dfte. Auf Seite 106 formuliert Aschenbrenner \u00fcber die Biografie einer J\u00fcdischen Familie: &#8222;Seine Frau und er bekamen eine Tochter&#8220;. Wie er das wohl gemacht hat, so ganz ohne Geb\u00e4rmutter? Ich habe sofort an den amerikanischen Film denken m\u00fcssen. An den mit Arnold Schwarzenegger. J.<\/p>\n\n\n\n<p><strong>Hallo Eugen<\/strong>, ja vorne und hinten im Buch sind sehr sch\u00f6ne Karten. Vorne die Orte und Namen der geraubten Gesch\u00e4fte und hinten eine Welt&#8211; und eine Europakarte mit den Wegen ins Exil, der Deportation und der R\u00fcckkehr. J.<\/p>\n\n\n\n<p><strong>Hallo Eugen<\/strong>, ja, das die Lektorin Evelin Schulthei\u00df dem Autor Cord Aschenbrenner das Wort \u00bbGoodwill\u00ab nicht abgew\u00f6hnen konnte, ist ein Fehler gewesen und ist mir in seiner Vieldeutigkeit auf den Sack gegangen. Es st\u00f6rt und vernebelt in mehrfacher Hinsicht. Das Wort kommt im Deutschen Handelsgesetzbuch erst seit 2009 zur Anwendung. Der fragliche Zeitraum der Enteignungen ist ein anderer. Und nun kommst wieder Du, J.<\/p>\n\n\n\n<p><strong>Hallo Eugen,<\/strong> Du findest das nicht so schlimm komisch, dass ER auch das Kind &#8211; die Tochter &#8211; bekommt? Es gab ja auch die Formulierung: Sie schenkte ihm eine Tochter, oder sie schenkte ihm ein Kind. Die Formulierung ist aus der Mode. Aber nicht weil die Kinder heute gekauft werden und nicht verschenkt werden. Und nun kommst wieder Du. J.<\/p>\n\n\n\n<p><\/p>\n\n\n<div class=\"wp-block-image\">\n<figure class=\"alignright size-large is-resized\"><a href=\"https:\/\/www.medienberatungev.org\/wp-content\/uploads\/2019\/11\/nilpferd_einauge1-e1573151400812.jpg\"><img loading=\"lazy\" decoding=\"async\" width=\"1024\" height=\"686\" src=\"https:\/\/www.medienberatungev.org\/wp-content\/uploads\/2019\/11\/nilpferd_einauge1-1024x686.jpg\" alt=\"Tier Nilpferd\" class=\"wp-image-10182\" style=\"width:140px;height:auto\"\/><\/a><figcaption class=\"wp-element-caption\">Zeichnung Helga Bachmann<\/figcaption><\/figure>\n<\/div>\n\n","protected":false},"excerpt":{"rendered":"<p>PDF Briefe an Eugen Der Raub (LXXV-75) Hallo Eugen, ja bei Pabel gabs im Fenster ein Buch, da mu\u00dfte ich sofort daran denken, wie oft Du Dich schon dar\u00fcber beschwert hast, das \u00fcber den Raub, der da nach 33 bei uns statt gefunden hat, immer nur gelabert wird. Hier wird nicht gelabert und dar\u00fcber kann &hellip; <a href=\"https:\/\/www.medienberatungev.org\/?p=30155\" class=\"more-link\"><span class=\"screen-reader-text\">\u201eBriefe an Eugen.  Der Raub (LXXV-75)\u201c<\/span> weiterlesen<\/a><\/p>\n","protected":false},"author":2,"featured_media":0,"comment_status":"open","ping_status":"open","sticky":false,"template":"","format":"standard","meta":{"footnotes":""},"categories":[1916,7138,4619,3214,2522,2521,2520,2523,2153,2578,2008,2126,2398,2626,2409,2698,1988,4679,5875,2449,2037,2455,5665,5750,2359,1607,2680,4220,1606,2538,7408,69,2948,2489,7015,14,9072,16,1833,4511,8541,6342,45,1889,7997,8012,10016,2490,9370,10026,488,7305,4356,1,1565,7307,7742,2701,2702],"tags":[10037,10027,10030,10032,3541,10033,10031,10036,10034,10028,7607,10035,10029],"class_list":["post-30155","post","type-post","status-publish","format-standard","hentry","category-1916","category-7138","category-4619","category-3214","category-2522","category-2521","category-2520","category-2523","category-2153","category-2578","category-2008","category-2126","category-2398","category-2626","category-2409","category-2698","category-1988","category-4679","category-5875","category-2449","category-2037","category-2455","category-5665","category-5750","category-2359","category-1607","category-2680","category-4220","category-1606","category-arisierer","category-arisiert","category-arisierung","category-deutsche","category-deutsches-reich","category-diebstahl","category-enteignung","category-entnazifizierung","category-hamburg","category-hamburger","category-juden","category-kz-fuhlsbuettel","category-kz-konzentrationslager","category-nsdap","category-nuernberg","category-nutzloses-wissen","category-nutzl-oses-wissen","category-oberfinanzpraesident","category-oberfinanzpraesident-hamburg","category-pogrom","category-raub","category-reichsfluchtsteuer","category-restitution","category-theresienstadt","category-uncategorized","category-vom-nachttisch-geraeumt","category-wegnahme","category-zufallsfund","category-zusammensprudelln","category-zusammensprudeln","tag-arnold-schwarzenegger","tag-aschenbrenner","tag-campell","tag-cord-aschenbrenner","tag-enteignung","tag-evelin-schultheiss","tag-halberstadt","tag-jens-huckeriede","tag-joerfg-herrmann","tag-neuer-wall","tag-raub","tag-stephan-linck","tag-wachholtz"],"_links":{"self":[{"href":"https:\/\/www.medienberatungev.org\/index.php?rest_route=\/wp\/v2\/posts\/30155","targetHints":{"allow":["GET"]}}],"collection":[{"href":"https:\/\/www.medienberatungev.org\/index.php?rest_route=\/wp\/v2\/posts"}],"about":[{"href":"https:\/\/www.medienberatungev.org\/index.php?rest_route=\/wp\/v2\/types\/post"}],"author":[{"embeddable":true,"href":"https:\/\/www.medienberatungev.org\/index.php?rest_route=\/wp\/v2\/users\/2"}],"replies":[{"embeddable":true,"href":"https:\/\/www.medienberatungev.org\/index.php?rest_route=%2Fwp%2Fv2%2Fcomments&post=30155"}],"version-history":[{"count":24,"href":"https:\/\/www.medienberatungev.org\/index.php?rest_route=\/wp\/v2\/posts\/30155\/revisions"}],"predecessor-version":[{"id":31348,"href":"https:\/\/www.medienberatungev.org\/index.php?rest_route=\/wp\/v2\/posts\/30155\/revisions\/31348"}],"wp:attachment":[{"href":"https:\/\/www.medienberatungev.org\/index.php?rest_route=%2Fwp%2Fv2%2Fmedia&parent=30155"}],"wp:term":[{"taxonomy":"category","embeddable":true,"href":"https:\/\/www.medienberatungev.org\/index.php?rest_route=%2Fwp%2Fv2%2Fcategories&post=30155"},{"taxonomy":"post_tag","embeddable":true,"href":"https:\/\/www.medienberatungev.org\/index.php?rest_route=%2Fwp%2Fv2%2Ftags&post=30155"}],"curies":[{"name":"wp","href":"https:\/\/api.w.org\/{rel}","templated":true}]}}