{"id":30230,"date":"2025-06-12T12:54:16","date_gmt":"2025-06-12T12:54:16","guid":{"rendered":"https:\/\/www.medienberatungev.org\/?p=30230"},"modified":"2026-02-08T09:13:44","modified_gmt":"2026-02-08T09:13:44","slug":"briefe-an-eugen-lxxvii-78-neguel-fuer-die-sizan","status":"publish","type":"post","link":"https:\/\/www.medienberatungev.org\/?p=30230","title":{"rendered":"Briefe an Eugen (LXXVII-78) Neg\u00fcl f\u00fcr die Sizan"},"content":{"rendered":"<div class=\"wp-block-image\">\n<figure class=\"alignleft size-large is-resized\"><a href=\"https:\/\/www.medienberatungev.org\/wp-content\/uploads\/2026\/02\/IMG_0036klein.jpg\"><img loading=\"lazy\" decoding=\"async\" width=\"768\" height=\"1024\" src=\"https:\/\/www.medienberatungev.org\/wp-content\/uploads\/2026\/02\/IMG_0036klein-768x1024.jpg\" alt=\"Hallo Eugen\" class=\"wp-image-31315\" style=\"aspect-ratio:0.7499999804039529;width:127px;height:auto\" srcset=\"https:\/\/www.medienberatungev.org\/wp-content\/uploads\/2026\/02\/IMG_0036klein-768x1024.jpg 768w, https:\/\/www.medienberatungev.org\/wp-content\/uploads\/2026\/02\/IMG_0036klein-225x300.jpg 225w, https:\/\/www.medienberatungev.org\/wp-content\/uploads\/2026\/02\/IMG_0036klein.jpg 800w\" sizes=\"auto, (max-width: 709px) 85vw, (max-width: 909px) 67vw, (max-width: 984px) 61vw, (max-width: 1362px) 45vw, 600px\" \/><\/a><\/figure>\n<\/div>\n\n<div class=\"wp-block-image\">\n<figure class=\"alignright size-full is-resized\"><a href=\"https:\/\/www.medienberatungev.org\/wp-content\/uploads\/2022\/06\/Roemische-Zahlen-am-Heck.jpg\"><img loading=\"lazy\" decoding=\"async\" width=\"220\" height=\"330\" src=\"https:\/\/www.medienberatungev.org\/wp-content\/uploads\/2022\/06\/Roemische-Zahlen-am-Heck.jpg\" alt=\"\" class=\"wp-image-17347\" style=\"width:148px;height:auto\" srcset=\"https:\/\/www.medienberatungev.org\/wp-content\/uploads\/2022\/06\/Roemische-Zahlen-am-Heck.jpg 220w, https:\/\/www.medienberatungev.org\/wp-content\/uploads\/2022\/06\/Roemische-Zahlen-am-Heck-200x300.jpg 200w\" sizes=\"auto, (max-width: 220px) 85vw, 220px\" \/><\/a><figcaption class=\"wp-element-caption\">R\u00f6mische Zahlen<\/figcaption><\/figure>\n<\/div>\n\n\n<p>(Zeichen 3.566)<\/p>\n\n\n<p><a href=\"https:\/\/www.medienberatungev.org\/wp-content\/uploads\/2025\/06\/PDF-Briefe_an_Eugen-LXXVIII-Neguel-fuer-die-Sizan.pdf\">PDF Briefe_an_Eugen (LXXVIII) Neg\u00fcl f\u00fcr die Sizan<\/a><\/p>\n\n\n<p>Briefe an Eugen . Neg\u00fcl f\u00fcr die Sizan (LXXVIII &#8211; 78)<\/p>\n\n\n\n<p><strong>Hallo Eugen,<\/strong> ja, das ist nat\u00fcrlich ein Palindrom. Von Robert Gernhardt stammen die Zeichnungen und der Text vom Kragenb\u00e4r, der nur einmal seinen Kopf dem Betrachter zeigt und von dem Robert Gernhardt schreibt: &#8222;Der Kragenb\u00e4r, der holt sich munter einen nach dem anderen runter:&#8220; Ja, Du hast Recht mit Deiner Vermutung. Es geht nat\u00fcrlich um was anderes. J.<\/p>\n\n\n\n<p><strong>Hallo Eugen<\/strong>, genau genommen gehts um Otto, Ludwig, Wilhelm (genannt Horst) Axtmann und die Vereinfachung durch die Digitalisierung. Gestern habe ich die Seite der Stadt Wiesbaden, die offizielle, gefunden. Stolz berichtet die Stadtverwaltung , da\u00df ihre Seite \u00bbseit dem 26. M\u00e4rz 2025 online\u00ab ist. Und da findet sich auf der \u00bbWebseite der Landeshauptstadt Wiesbaden\u00ab folgender Text. <strong>[Nicht gek\u00fcrzt und nicht ver\u00e4ndert!<\/strong>]. J.<\/p>\n\n\n\n<p class=\"has-text-align-left\"><strong>Axtmann<\/strong>, Otto Ludwig (gen. Horst); Filmjournalist, Verleger; geboren: 27.06.1917 in M\u00fcnchen; gestorben: 19.10.1995 in Wiesbaden. Nach dem Studium der Zeitungswissenschaften in M\u00fcnchen begann Axtmann seine berufliche Laufbahn als Journalist, ehe sie der Zweite Weltkrieg unterbrach. <em>1946 er\u00f6ffnete er in M\u00fcnchen ein Presseb\u00fcro, das unter anderem die Mitteilungen des Verbandes bayrischer Filmtheater herausgab. Ein Jahr sp\u00e4ter wurde er Korrespondent der in Baden-Baden erscheinenden Fachzeitschrift \u00bbIllustrierte Filmwoche\u00ab. Anfang 1950 \u00fcbernahm er die Chefredaktion des \u00bbFilmecho\u00ab in Hamburg. Mit dem offiziellen Organ des damaligen Wirtschaftsverbandes der Filmtheater siedelte er wenige Monate sp\u00e4ter nach Wiesbaden um, wo wichtige Zweige des sich neu formierenden bundesdeutschen Filmproduktions- und Filmverbandswesens ihren Sitz fanden.<\/em> <em>1962 \u00fcbernahm er auch die \u00bbFilmwoche\u00ab und verschmolz beide Zeitschriften zu einem gemeinsamen Titel. Sieben Jahre sp\u00e4ter kamen die \u00bbFilmbl\u00e4tter\u00ab hinzu. Unter seiner Leitung wurde \u00bbfilmecho\/filmwoche\u00ab zum zentralen (zwischen 1969 und 1975 einzigen) Fachorgan der deutschen Filmwirtschaft. In seinen regelm\u00e4\u00dfigen Kolumnen stritt er f\u00fcr den qualit\u00e4tsvollen, zugleich kommerziell erfolgreichen Kinofilm. Er scheute vor Kontroversen (besonders mit Vertretern des sogenannten neuen deutschen Films der 1960er-Jahre) nicht zur\u00fcck, appellierte aber auch stets an die einheitliche Interessenlage der gesamten Branche.<\/em> <em>Daneben brachte er einen seit 1950 j\u00e4hrlich erscheinenden Verleih-Katalog heraus und galt als Mit-Initiator der vom Hauptverband der Filmtheater und \u00bbfilmecho\/filmwoche\u00ab gestifteten \u00bbGoldenen Leinwand\u00ab f\u00fcr besondere Kinoerfolge. 1969 gab er die redaktionelle Leitung der Zeitschrift ab und blieb bis zu seinem Tod ihr Herausgeber. Der Verlag Horst Axtmann GmbH hat auch 2016 seinen Sitz in Wiesbaden.<\/em><\/p>\n\n\n\n<p><strong>Hallo Eugen,<\/strong> ja der obige Text wurde von Friedemann Beyer geschrieben, der es sicher besser wu\u00dfte<em>.<\/em> Ernst Klee hat 2007 in seinem \u00bbKulturlexikon zum Dritten Reich \u2014 Wer war was vor und nach 1945\u00ab den Werdegang dieses Mannes vom V\u00f6lkischen Beobachter bis zur Freiwilligen Selbstkontrolle (FSK) so beschrieben:<\/p>\n\n\n\n<p><em><strong>Axtmann<\/strong>, Otto Horst. Jugendschriftleiter beim NSDAP-Zentralorgan V\u00f6lkischer Beobachter M\u00fcnchen. *27.6.1917 (!). 1937 NSDAP (Nr. 5 917445).<\/em><\/p>\n\n\n\n<p><em>1938 Jugendbuch: Kinder werden Pimpfe. 1939: Marsch des Glaubens. Ein Buch vom Hitlermarsch der HJ. 1939 Wehrmacht. 1941 Lied vom Spaten. Tagebuch eines Arbeitsmannes. 1941: Wir schreiten zum Sieg! Frontgedichte. 1943 Leutnant. Nach 1945 als Horst Otto Axtmann Filmjournalist. Chefredakteur der Fachzeitschriften Filmecho, Filmvorf\u00fchrer, Filmtechnikum. Verlag Horst Axtmann GmbH in Wiesbaden. Journalisten-Handbuch 1960: Im Arbeits- und Hauptausschuss der freiwilligen Selbstkontrolle der Deutschen Filmwirtschaft (FSK). Q.: Literatur-K\u00fcrschner 1943; Stockhorst.<\/em><\/p>\n\n\n\n<p>Das klingt doch gleich schon ganz anders. Und wie peinlich ist doch der Text von Friedemann Beyer. J.<\/p>\n\n\n<div class=\"wp-block-image\">\n<figure class=\"alignleft size-full is-resized\"><a href=\"https:\/\/www.medienberatungev.org\/wp-content\/uploads\/2025\/05\/Screenshot-Alfred-Bauer.pdf.png\"><img loading=\"lazy\" decoding=\"async\" width=\"755\" height=\"614\" src=\"https:\/\/www.medienberatungev.org\/wp-content\/uploads\/2025\/05\/Screenshot-Alfred-Bauer.pdf.png\" alt=\"\" class=\"wp-image-29868\" style=\"width:177px;height:auto\" srcset=\"https:\/\/www.medienberatungev.org\/wp-content\/uploads\/2025\/05\/Screenshot-Alfred-Bauer.pdf.png 755w, https:\/\/www.medienberatungev.org\/wp-content\/uploads\/2025\/05\/Screenshot-Alfred-Bauer.pdf-300x244.png 300w\" sizes=\"auto, (max-width: 709px) 85vw, (max-width: 909px) 67vw, (max-width: 984px) 61vw, (max-width: 1362px) 45vw, 600px\" \/><\/a><figcaption class=\"wp-element-caption\">Dr. Alfred Bauer <\/figcaption><\/figure>\n<\/div>\n\n<div class=\"wp-block-image\">\n<figure class=\"alignright size-full is-resized\"><a href=\"https:\/\/www.medienberatungev.org\/wp-content\/uploads\/2025\/06\/Screenshot-2025-06-10-at-22-14-01-ANNO-Illustrierte-Kronen-Zeitung-1938-08-07-Seite-19.png\"><img loading=\"lazy\" decoding=\"async\" width=\"442\" height=\"367\" src=\"https:\/\/www.medienberatungev.org\/wp-content\/uploads\/2025\/06\/Screenshot-2025-06-10-at-22-14-01-ANNO-Illustrierte-Kronen-Zeitung-1938-08-07-Seite-19.png\" alt=\"\" class=\"wp-image-30255\" style=\"width:200px;height:auto\" srcset=\"https:\/\/www.medienberatungev.org\/wp-content\/uploads\/2025\/06\/Screenshot-2025-06-10-at-22-14-01-ANNO-Illustrierte-Kronen-Zeitung-1938-08-07-Seite-19.png 442w, https:\/\/www.medienberatungev.org\/wp-content\/uploads\/2025\/06\/Screenshot-2025-06-10-at-22-14-01-ANNO-Illustrierte-Kronen-Zeitung-1938-08-07-Seite-19-300x249.png 300w\" sizes=\"auto, (max-width: 442px) 85vw, 442px\" \/><\/a><figcaption class=\"wp-element-caption\">Buchbesprechung aus dem V\u00f6lkischen Beobachter Ausgabe Wien<\/figcaption><\/figure>\n<\/div>\n\n\n<p><strong>Hallo Eugen,<\/strong> Du hast Recht. Das Verstecken der Nazibiografie von Otto Ludwig, genannt Horst Axtmann [18 Jahre sp\u00e4ter!!] ist peinlich. Aber es erkl\u00e4rt immerhin, warum in genannter Zeitschrift Nachforschungen \u00fcber den Werdegang von Dr. Alfred Bauer nie stattgefunden hatten. Und nun kommst wieder Du. J.<\/p>\n\n\n<div class=\"wp-block-image\">\n<figure class=\"alignright size-large is-resized\"><a href=\"https:\/\/www.medienberatungev.org\/wp-content\/uploads\/2019\/11\/nilpferd_einauge1-e1573151400812.jpg\"><img loading=\"lazy\" decoding=\"async\" width=\"1024\" height=\"686\" src=\"https:\/\/www.medienberatungev.org\/wp-content\/uploads\/2019\/11\/nilpferd_einauge1-1024x686.jpg\" alt=\"Tier Nilpferd\" class=\"wp-image-10182\" style=\"width:227px;height:auto\"\/><\/a><figcaption class=\"wp-element-caption\">Zeichnung Helga Bachmann<\/figcaption><\/figure>\n<\/div>\n\n\n<p><\/p>\n\n\n<div class=\"wp-block-image\">\n<figure class=\"alignleft size-full is-resized\"><a href=\"https:\/\/www.medienberatungev.org\/wp-content\/uploads\/2025\/06\/Screenshot-2025-06-15-at-17-34-17-\u201eKinder-werden-Pimpfe-Buecher-der-jungen-Mannschaft-Band-\u2026-Horst-Axtmann-\u2013-Buch-gebraucht-kaufen-\u2013-A02EEaoc01ZZD.png\"><img loading=\"lazy\" decoding=\"async\" width=\"387\" height=\"598\" src=\"https:\/\/www.medienberatungev.org\/wp-content\/uploads\/2025\/06\/Screenshot-2025-06-15-at-17-34-17-\u201eKinder-werden-Pimpfe-Buecher-der-jungen-Mannschaft-Band-\u2026-Horst-Axtmann-\u2013-Buch-gebraucht-kaufen-\u2013-A02EEaoc01ZZD.png\" alt=\"\" class=\"wp-image-30275\" style=\"width:123px;height:auto\" srcset=\"https:\/\/www.medienberatungev.org\/wp-content\/uploads\/2025\/06\/Screenshot-2025-06-15-at-17-34-17-\u201eKinder-werden-Pimpfe-Buecher-der-jungen-Mannschaft-Band-\u2026-Horst-Axtmann-\u2013-Buch-gebraucht-kaufen-\u2013-A02EEaoc01ZZD.png 387w, https:\/\/www.medienberatungev.org\/wp-content\/uploads\/2025\/06\/Screenshot-2025-06-15-at-17-34-17-\u201eKinder-werden-Pimpfe-Buecher-der-jungen-Mannschaft-Band-\u2026-Horst-Axtmann-\u2013-Buch-gebraucht-kaufen-\u2013-A02EEaoc01ZZD-194x300.png 194w\" sizes=\"auto, (max-width: 387px) 85vw, 387px\" \/><\/a><\/figure>\n<\/div>\n\n<p><a href=\"https:\/\/www.medienberatungev.org\/wp-content\/uploads\/2025\/06\/PDF-Herausgeber-Horst-Axtmann.pdf\">PDF Herausgeber Horst Axtmann<\/a><\/p>\n\n\n<figure class=\"wp-block-image size-full is-resized\"><a href=\"https:\/\/www.medienberatungev.org\/wp-content\/uploads\/2025\/06\/Screenshot-2025-06-15-at-17-04-26-Vormarsch-im-September.-Infanterie-im-Polenfeldzug.-von-Ehrhardt-Justus-1942-Antiquariat-Weinek.png\"><img loading=\"lazy\" decoding=\"async\" width=\"191\" height=\"279\" src=\"https:\/\/www.medienberatungev.org\/wp-content\/uploads\/2025\/06\/Screenshot-2025-06-15-at-17-04-26-Vormarsch-im-September.-Infanterie-im-Polenfeldzug.-von-Ehrhardt-Justus-1942-Antiquariat-Weinek.png\" alt=\"\" class=\"wp-image-30278\" style=\"width:122px;height:auto\"\/><\/a><\/figure>\n","protected":false},"excerpt":{"rendered":"<p>(Zeichen 3.566) PDF Briefe_an_Eugen (LXXVIII) Neg\u00fcl f\u00fcr die Sizan Briefe an Eugen . Neg\u00fcl f\u00fcr die Sizan (LXXVIII &#8211; 78) Hallo Eugen, ja, das ist nat\u00fcrlich ein Palindrom. Von Robert Gernhardt stammen die Zeichnungen und der Text vom Kragenb\u00e4r, der nur einmal seinen Kopf dem Betrachter zeigt und von dem Robert Gernhardt schreibt: &#8222;Der Kragenb\u00e4r, &hellip; <a href=\"https:\/\/www.medienberatungev.org\/?p=30230\" class=\"more-link\"><span class=\"screen-reader-text\">\u201eBriefe an Eugen (LXXVII-78) Neg\u00fcl f\u00fcr die Sizan\u201c<\/span> weiterlesen<\/a><\/p>\n","protected":false},"author":2,"featured_media":0,"comment_status":"open","ping_status":"open","sticky":false,"template":"","format":"standard","meta":{"footnotes":""},"categories":[7138,1988,4679,5875,2449,2037,2455,5665,5750,2359,1607,2680,4220,1606,1204,3537,6105,4185,2485,1886,2536,1933,4621,2410,6268,6224,4994,2684,2105,2361,2216,2277,4773,4774,3404,1907,2030,4327,4831,4832,5134,2049,5549,4995,7139,6275,6278,5493,10336,2948,650,298,2489,6535,10087,9072,2620,7999,2159,9099,2160,945,10068,10334,4207,6443,16,8124,6,1049,10,45,8012,7997,10086,4216,8266,9135,5494,1,7941,10067,7742,9223,2701,2702],"tags":[5403,3596,10073,10069,10062,10076,10083,8068,10075,417,8069,10061,10057,9958,10063,7763,10079,10074,10072,10077,8064,9953,10070,10078,9959,10084,10060,10065,10064,940,9952,10059,10071,10081,10066,10080,8067,9097,8411,9955],"class_list":["post-30230","post","type-post","status-publish","format-standard","hentry","category-7138","category-1988","category-4679","category-5875","category-2449","category-2037","category-2455","category-5665","category-5750","category-2359","category-1607","category-2680","category-4220","category-1606","category-1204","category-3537","category-6105","category-4185","category-2485","category-1886","category-2536","category-1933","category-4621","category-2410","category-6268","category-6224","category-4994","category-2684","category-2105","category-2361","category-2216","category-2277","category-4773","category-4774","category-3404","category-1907","category-2030","category-4327","category-4831","category-4832","category-5134","category-2049","category-5549","category-4995","category-7139","category-35-mm-film","category-35-mm-projektoren","category-alfred-bauer","category-bauer","category-deutsche","category-deutsche-filme","category-deutscher-film","category-deutsches-reich","category-dritten-reich","category-ensslen-laiblin","category-entnazifizierung","category-film","category-film-museum","category-filmecho-2","category-filmgeschichte","category-filmwoche","category-fotos","category-freiwillige-selbstkontrolle","category-friedemann-beyer","category-fsk","category-geschichte-des-films","category-hamburg","category-hebecker","category-im-kino","category-kinobesitzer","category-kinogeschichte","category-nsdap","category-nutzl-oses-wissen","category-nutzloses-wissen","category-persilscheine","category-prominente","category-reichsfilmkammer","category-reichskulturkammer","category-silberner-baer","category-uncategorized","category-wehrmacht","category-wiesbaden","category-zufallsfund","category-zusammenbruch","category-zusammensprudelln","category-zusammensprudeln","tag-alfred-bauer","tag-berlinale","tag-die-wehrmacht","tag-die-wehrmcht","tag-die-wwehrmacht","tag-dieter-evers","tag-ensslen","tag-ernst-klee","tag-filmblaetter","tag-filmecho","tag-filmwoche","tag-freiwillige-selbstkontrolle","tag-friedemann-beyer","tag-frontgedichte","tag-fronttgedichte","tag-fsk","tag-hans-haller","tag-hans-volkmar","tag-hauptausschuss-der-freiwilligen-selbstkontrolle","tag-hermann-kohl","tag-horst-axtmann","tag-jugendschriftleiter","tag-jugendschriftleiter-voelkischer-beobachter","tag-justus-ehrhardtt","tag-kinder-werden-pimpfe","tag-laiblin","tag-landeshauptstadt-wiesbaden","tag-lied-vom-spaten","tag-marsch-des-glaubens","tag-martin-schmidt","tag-nsdap-zentralorgan","tag-otto-axtmann","tag-otto-wilhelm-axtmann","tag-reutlingen","tag-tagebuch-eines-arbeitsmannes","tag-verlag-ensslen-laiblin","tag-voelikscher-beobachter","tag-wehrmacht","tag-wiesbaden","tag-wir-schreiten-zum-sieg"],"_links":{"self":[{"href":"https:\/\/www.medienberatungev.org\/index.php?rest_route=\/wp\/v2\/posts\/30230","targetHints":{"allow":["GET"]}}],"collection":[{"href":"https:\/\/www.medienberatungev.org\/index.php?rest_route=\/wp\/v2\/posts"}],"about":[{"href":"https:\/\/www.medienberatungev.org\/index.php?rest_route=\/wp\/v2\/types\/post"}],"author":[{"embeddable":true,"href":"https:\/\/www.medienberatungev.org\/index.php?rest_route=\/wp\/v2\/users\/2"}],"replies":[{"embeddable":true,"href":"https:\/\/www.medienberatungev.org\/index.php?rest_route=%2Fwp%2Fv2%2Fcomments&post=30230"}],"version-history":[{"count":33,"href":"https:\/\/www.medienberatungev.org\/index.php?rest_route=\/wp\/v2\/posts\/30230\/revisions"}],"predecessor-version":[{"id":31346,"href":"https:\/\/www.medienberatungev.org\/index.php?rest_route=\/wp\/v2\/posts\/30230\/revisions\/31346"}],"wp:attachment":[{"href":"https:\/\/www.medienberatungev.org\/index.php?rest_route=%2Fwp%2Fv2%2Fmedia&parent=30230"}],"wp:term":[{"taxonomy":"category","embeddable":true,"href":"https:\/\/www.medienberatungev.org\/index.php?rest_route=%2Fwp%2Fv2%2Fcategories&post=30230"},{"taxonomy":"post_tag","embeddable":true,"href":"https:\/\/www.medienberatungev.org\/index.php?rest_route=%2Fwp%2Fv2%2Ftags&post=30230"}],"curies":[{"name":"wp","href":"https:\/\/api.w.org\/{rel}","templated":true}]}}