{"id":30333,"date":"2025-06-24T14:34:56","date_gmt":"2025-06-24T14:34:56","guid":{"rendered":"https:\/\/www.medienberatungev.org\/?p=30333"},"modified":"2025-07-04T06:02:43","modified_gmt":"2025-07-04T06:02:43","slug":"lehrzeit-heinz-heisig","status":"publish","type":"post","link":"https:\/\/www.medienberatungev.org\/?p=30333","title":{"rendered":"Lehrzeit Heinz Heisig"},"content":{"rendered":"<p><a href=\"https:\/\/www.medienberatungev.org\/wp-content\/uploads\/2025\/06\/PDF-Heinz-Heisig-Lehrjahre-Zeichen-3.140.pdf\">PDF Heinz Heisig Lehrjahre (Zeichen 3.140)<\/a><\/p>\n\n\n<p>(Zeichen 3.140)<\/p>\n\n\n\n<p>In einer Brosch\u00fcre der Landeszentrale f\u00fcr politische Bildung ist (auszugsweise) ein Schreiben an das:<\/p>\n\n\n\n<p>\u201eKomitee ehemaliger politischer Gefangener\u201c vom 15. April 1946 abgedruckt, in dem Heinz (Heinrich) Bernhard Heisig seinen \u00bbWerdegang\u00ab beschreibt:<\/p>\n\n\n\n<p>\u201e<em>Die \u00e4u\u00dferen Daten meines Lebensweges finden Sie in den Antworten des Fragebogens. Was sie nicht aussagen, m\u00f6chte ich in dem anschlie\u00dfenden Lebenslauf niederlegen:<\/em> <em>Ich entstammte kleinb\u00fcrgerlichen Kreisen, besuchte sieben Jahre lang die Volksschule meiner kleinen westf\u00e4lischen Heimatstadt und trat mit dreizehn einhalb Jahren als Lehrling in das kaufm\u00e4nnische B\u00fcro unseres heimischen Amtsblattes ein. Schule und Lehrst\u00e4tte lenkten mein Denken in nationale Bahnen, so dass ich, nachdem ich als Neunzehnj\u00e4hriger an den letzten Schlachten der Westfront teilgenommen hatte, zum Grenzschutz \u00bbOst\u00ab \u00fcbertrat, dem ich bis zum Juli 1919 angeh\u00f6rte.<\/em> <em>Diese Flucht vor der drohenden Arbeitslosigkeit war aber f\u00fcr mich in vielerlei Hinsicht heilsam, denn ich machte als Soldat des Grenzschutzes allzu nahe Bekanntschaft mit dem Militarismus. Nicht zuletzt war es der lebendige Anschauungsunterricht \u00fcber die menschenunw\u00fcrdige Behandlung der Deputatarbeiter auf den adligen Gro\u00dfgrundbesitzen, der mich von jeder Art Nationalismus kurierte.<\/em><\/p>\n\n\n\n<p><em>W\u00e4hrend der anschlie\u00dfenden Lehr- und Wanderjahre in allen Teilen Deutschlands vertiefte sich meine Einsicht noch, da ich im Laufe meiner T\u00e4tigkeit in verschiedenen Berufen in enge Ber\u00fchrung mit dem Leben des werkt\u00e4tigen Volkes kam und seinen Kampf um seine Sehns\u00fcchte aus eigener Anschauung kennenlernte. Was Wunder, dass ich mich zum Sozialismus bekannte und die gro\u00dfen internationalen Dichter und Polemiker mir den Weg zu einer klaren und eindeutigen Weltanschauung wiesen.<\/em><br>( . . . )<\/p>\n\n\n\n<p><em>Als ich <\/em>( . . . ) <em>im Jahre 1930 nach Hamburg ans Waterloo-Theater kam, brachte ich ein gutes R\u00fcstzeug mit. Ich betrachtete es als meine Mission, dem werkt\u00e4tigen Volk beim Kampf um die Besserung seiner sozialen Lage mit meinen Einflussm\u00f6glich-keiten zu helfen und beizustehen. Die Spielplangestaltung des Waterloo-Theaters weist das eindeutig auf, und ich darf f\u00fcr mich in Anspruch nehmen, dass viele amerikanische, englische, russische und franz\u00f6sische Filme ohne meine Initiative nie in Hamburg gezeigt worden w\u00e4re<\/em>n. I<em>n den aufreibenden Jahren der Nazi-Herrschaft konnte ich meinem Ziel und meinen Absichten nur treu bleiben, weil ich, wie es gar nicht anders denkbar und m\u00f6glich war, manches in Kauf nehmen musste, denn dass eine so polemisch festgelegte Spielplangestaltung allen nur denkbaren Anfeindungen und Angriffen ausgesetzt war, versteht sich von selbst. Trotz der w\u00fctenden Angriffe der Nazipresse zeigte ich, wie ich heute noch mit Genugtuung feststellen kann, bis zum November 1940 amerikanische Filme. Aus dem Fragebogen ersehen Sie, welche Verfolgungen mir meine Standardhaltung und Einstellung eingetragen hat.<\/em><\/p>\n\n\n\n<p><em>Was der Fragebogen nicht ausweist, sind die F\u00fclle der kleinen T\u00fccken und Schikanen, und hierzu m\u00f6chte ich nur folgende kleine Aufstellung hinzuf\u00fcgen: Eine Anzeige wegen \u00f6ffentlicher Zerrei\u00dfung eines Hitlerbildes, Anzeige wegen Verweigerung des Hitler-Gru\u00dfes, Verfahren zur Aberkennung der Betriebsf\u00fchrer-Eigenschaft, Verlust meiner Wohnung wegen meines Aufenthaltes im KZ., Anzeige wegen nationaler W\u00fcrdelosigkeit, Anschuldigung des damaligen Kultursenators Dr. <\/em>[Helmuth]<em> Becker <\/em>[1902\u20131962]<em>, ich f\u00fchre einen &#8222;Juden- und Kommunisten-Kintopp&#8220; usw. usw.<\/em><\/p>\n\n\n\n<p>Zitiert nach einer Brosch\u00fcre der Landeszentrale f\u00fcr politische Bildung, Hamburg, nach einem Dokument, das sich im Staatsarchiv Hamburg befindet, unter der Nummer 622, Familie Heisig. 2.4.<\/p>\n\n\n<div class=\"wp-block-image\">\n<figure class=\"alignright size-full is-resized\"><a href=\"https:\/\/www.medienberatungev.org\/wp-content\/uploads\/2020\/01\/image-1.png\"><img loading=\"lazy\" decoding=\"async\" width=\"1024\" height=\"815\" src=\"https:\/\/www.medienberatungev.org\/wp-content\/uploads\/2020\/01\/image-1.png\" alt=\"Tier\" class=\"wp-image-10573\" style=\"width:159px;height:auto\"\/><\/a><figcaption class=\"wp-element-caption\">Zeichnung Helga Bachmann<\/figcaption><\/figure>\n<\/div>","protected":false},"excerpt":{"rendered":"<p>PDF Heinz Heisig Lehrjahre (Zeichen 3.140) (Zeichen 3.140) In einer Brosch\u00fcre der Landeszentrale f\u00fcr politische Bildung ist (auszugsweise) ein Schreiben an das: \u201eKomitee ehemaliger politischer Gefangener\u201c vom 15. April 1946 abgedruckt, in dem Heinz (Heinrich) Bernhard Heisig seinen \u00bbWerdegang\u00ab beschreibt: \u201eDie \u00e4u\u00dferen Daten meines Lebensweges finden Sie in den Antworten des Fragebogens. Was sie nicht &hellip; <a href=\"https:\/\/www.medienberatungev.org\/?p=30333\" class=\"more-link\"><span class=\"screen-reader-text\">\u201eLehrzeit Heinz Heisig\u201c<\/span> weiterlesen<\/a><\/p>\n","protected":false},"author":2,"featured_media":0,"comment_status":"open","ping_status":"open","sticky":false,"template":"","format":"standard","meta":{"footnotes":""},"categories":[2626,2409,2698,1988,4679,5875,2449,2037,2455,5665,5750,2359,1607,2680,4220,1606,1204,3537,6105,4185,2485,1886,2536,1933,4621,2410,6268,6224,4994,2684,2105,2361,6275,6278,2538,7408,69,199,5968,1708,2948,650,298,2489,6535,14,2620,5648,2159,9099,6443,16,1833,4665,53,4273,36,12,4511,8122,1049,10,1729,826,49,54,10101,7997,8012,10016,8266,9135,6043,1687,4658,4937,8267,1,7992,757,8540,2471,2015,9594,7252,1604,7742,9223,2701,2702,6170,7422],"tags":[5761,10102,3729,8271,8380,10114,10111,10110,8268,4069,10100,10116,10117,4052,10098,5669,10115,10109,10107,10112,6062,10113,4071,531,10108],"class_list":["post-30333","post","type-post","status-publish","format-standard","hentry","category-2626","category-2409","category-2698","category-1988","category-4679","category-5875","category-2449","category-2037","category-2455","category-5665","category-5750","category-2359","category-1607","category-2680","category-4220","category-1606","category-1204","category-3537","category-6105","category-4185","category-2485","category-1886","category-2536","category-1933","category-4621","category-2410","category-6268","category-6224","category-4994","category-2684","category-2105","category-2361","category-35-mm-film","category-35-mm-projektoren","category-arisierer","category-arisiert","category-arisierung","category-berlin","category-britische-militaerregierung","category-clara-esslen","category-deutsche","category-deutsche-filme","category-deutscher-film","category-deutsches-reich","category-dritten-reich","category-enteignung","category-film","category-film-kurier","category-filmecho-2","category-filmgeschichte","category-geschichte-des-films","category-hamburg","category-hamburger","category-hamburger-kinos","category-heinz-b-heisig","category-henschel-film-und-theaterkonzern-ohg","category-hermann-urich-sass","category-jeremias-henschel","category-juden","category-karl-christian-fuehrer","category-kinobesitzer","category-kinogeschichte","category-lbb","category-licht-bild-buehne","category-lichtbildbuehne","category-manfred-hirschel","category-nagra-iii","category-nutzloses-wissen","category-nutzl-oses-wissen","category-oberfinanzpraesident","category-reichsfilmkammer","category-reichskulturkammer","category-staatsarchiv","category-ufa-2","category-ufa-ballast","category-ufa-palast","category-ufi","category-uncategorized","category-universal","category-usa","category-waterloo","category-waterloo-filmtheater","category-waterloo-kino","category-waterloo-theater","category-widerstand","category-wiedergutmachung","category-zufallsfund","category-zusammenbruch","category-zusammensprudelln","category-zusammensprudeln","category-zweispaeltiges-hollywood","category-zwiespaeltiges-hollywood","tag-adolf-beckerle","tag-betriebsfuehrer","tag-clara-esslen","tag-dr-helmuth-becker","tag-esslen","tag-familie-heisig","tag-gefangene","tag-grenzschutz","tag-heinrich-bernhard-heisig","tag-heinz-heisig","tag-helmuth-becker","tag-kintopp","tag-kommunisten-kintopp","tag-landeszentrale-fuer-politische-bildung","tag-landeszentrale-fuer-politische-bilduung","tag-malve-heisig","tag-ostfront","tag-osttfront","tag-politische-bildung","tag-politische-gefangene","tag-staatsarchiv","tag-volksschule","tag-waterloo","tag-waterloo-theater","tag-westfront"],"_links":{"self":[{"href":"https:\/\/www.medienberatungev.org\/index.php?rest_route=\/wp\/v2\/posts\/30333","targetHints":{"allow":["GET"]}}],"collection":[{"href":"https:\/\/www.medienberatungev.org\/index.php?rest_route=\/wp\/v2\/posts"}],"about":[{"href":"https:\/\/www.medienberatungev.org\/index.php?rest_route=\/wp\/v2\/types\/post"}],"author":[{"embeddable":true,"href":"https:\/\/www.medienberatungev.org\/index.php?rest_route=\/wp\/v2\/users\/2"}],"replies":[{"embeddable":true,"href":"https:\/\/www.medienberatungev.org\/index.php?rest_route=%2Fwp%2Fv2%2Fcomments&post=30333"}],"version-history":[{"count":11,"href":"https:\/\/www.medienberatungev.org\/index.php?rest_route=\/wp\/v2\/posts\/30333\/revisions"}],"predecessor-version":[{"id":30390,"href":"https:\/\/www.medienberatungev.org\/index.php?rest_route=\/wp\/v2\/posts\/30333\/revisions\/30390"}],"wp:attachment":[{"href":"https:\/\/www.medienberatungev.org\/index.php?rest_route=%2Fwp%2Fv2%2Fmedia&parent=30333"}],"wp:term":[{"taxonomy":"category","embeddable":true,"href":"https:\/\/www.medienberatungev.org\/index.php?rest_route=%2Fwp%2Fv2%2Fcategories&post=30333"},{"taxonomy":"post_tag","embeddable":true,"href":"https:\/\/www.medienberatungev.org\/index.php?rest_route=%2Fwp%2Fv2%2Ftags&post=30333"}],"curies":[{"name":"wp","href":"https:\/\/api.w.org\/{rel}","templated":true}]}}