{"id":30925,"date":"2025-09-19T12:36:37","date_gmt":"2025-09-19T12:36:37","guid":{"rendered":"https:\/\/www.medienberatungev.org\/?p=30925"},"modified":"2026-02-08T09:02:51","modified_gmt":"2026-02-08T09:02:51","slug":"briefe-an-eugen-lxxxiii-83-2","status":"publish","type":"post","link":"https:\/\/www.medienberatungev.org\/?p=30925","title":{"rendered":"Briefe an Eugen (LXXXIII-83) Reise Kamera"},"content":{"rendered":"<div class=\"wp-block-image\">\n<figure class=\"alignright size-full is-resized\"><a href=\"https:\/\/www.medienberatungev.org\/wp-content\/uploads\/2022\/06\/Roemische-Zahlen-am-Heck.jpg\"><img loading=\"lazy\" decoding=\"async\" width=\"220\" height=\"330\" src=\"https:\/\/www.medienberatungev.org\/wp-content\/uploads\/2022\/06\/Roemische-Zahlen-am-Heck.jpg\" alt=\"\" class=\"wp-image-17347\" style=\"width:102px;height:auto\" srcset=\"https:\/\/www.medienberatungev.org\/wp-content\/uploads\/2022\/06\/Roemische-Zahlen-am-Heck.jpg 220w, https:\/\/www.medienberatungev.org\/wp-content\/uploads\/2022\/06\/Roemische-Zahlen-am-Heck-200x300.jpg 200w\" sizes=\"auto, (max-width: 220px) 85vw, 220px\" \/><\/a><figcaption class=\"wp-element-caption\">R\u00f6mische Zahlen<\/figcaption><\/figure>\n<\/div>\n\n\n<p>Hallo Eugen, wenigstens das ist uns erspart geblieben. Siehe Lichtbildb\u00fchne vom Dienstag, d. 31. Oktober 1933 auf Seite eins links unten<\/p>\n\n\n<div class=\"wp-block-image\">\n<figure class=\"alignleft size-large is-resized\"><a href=\"https:\/\/www.medienberatungev.org\/wp-content\/uploads\/2026\/02\/IMG_0036klein.jpg\"><img loading=\"lazy\" decoding=\"async\" width=\"768\" height=\"1024\" src=\"https:\/\/www.medienberatungev.org\/wp-content\/uploads\/2026\/02\/IMG_0036klein-768x1024.jpg\" alt=\"Hallo Eugen\" class=\"wp-image-31315\" style=\"aspect-ratio:0.7499999813614144;width:73px;height:auto\" srcset=\"https:\/\/www.medienberatungev.org\/wp-content\/uploads\/2026\/02\/IMG_0036klein-768x1024.jpg 768w, https:\/\/www.medienberatungev.org\/wp-content\/uploads\/2026\/02\/IMG_0036klein-225x300.jpg 225w, https:\/\/www.medienberatungev.org\/wp-content\/uploads\/2026\/02\/IMG_0036klein.jpg 800w\" sizes=\"auto, (max-width: 709px) 85vw, (max-width: 909px) 67vw, (max-width: 984px) 61vw, (max-width: 1362px) 45vw, 600px\" \/><\/a><\/figure>\n<\/div>\n\n<p>PDF <a href=\"https:\/\/www.medienberatungev.org\/wp-content\/uploads\/2025\/09\/EinFilmgesxchenk-des-Fuehrers.pdf\">EinFilmgeschenk des F\u00fchrers<\/a><\/p>\n\n\n<p>Hallo Eugen, Du hast recht. Man kann es schwer lesen. Daf\u00fcr noch mal hier eine Abschrift des Textes f\u00fcr Dich: \u00dcberschrift:<\/p>\n\n\n\n<p><em>&#8222;<strong>Ein Filmgeschek des F\u00fchrers<\/strong>. Gestern mittag erschien unerwartet Reichskanzler         A d o l f     H i t l e r im Propagandaministerium, um  D  r.  G o e b b e l s   noch einmal pers\u00f6nlich zum Geburtstag zu begl\u00fcckw\u00fcnschen. Der Reichskanzler hatte gleichzeitig sein Geburtstagsgeschenk mitgebracht: es war    &#8211;  e i n e   R e i s e &#8211;  A u f n a h me  &#8211;   A p p a r a t u r       f \u00fc r     N o r m a l f i l m .          Wir freuen uns dar\u00fcber, da\u00df unser Filmminister jetzt selbst Gelegenheit zu direktem praktischen Filmschaffen hat.&#8220;<\/em><\/p>\n\n\n<div class=\"wp-block-image\">\n<figure class=\"alignright size-full is-resized\"><a href=\"https:\/\/www.medienberatungev.org\/wp-content\/uploads\/2020\/01\/image-1.png\"><img loading=\"lazy\" decoding=\"async\" width=\"1024\" height=\"815\" src=\"https:\/\/www.medienberatungev.org\/wp-content\/uploads\/2020\/01\/image-1.png\" alt=\"Tier\" class=\"wp-image-10573\" style=\"width:167px;height:auto\"\/><\/a><figcaption class=\"wp-element-caption\">Zeichnung Helga Bachmann<\/figcaption><\/figure>\n<\/div>\n\n\n<p><\/p>\n\n\n<p><a href=\"https:\/\/www.medienberatungev.org\/wp-content\/uploads\/2025\/09\/LBB_19331031_Nr257_Titelblklein.jpg\"><img loading=\"lazy\" decoding=\"async\" class=\"size-medium wp-image-30952 aligncenter\" src=\"https:\/\/www.medienberatungev.org\/wp-content\/uploads\/2025\/09\/LBB_19331031_Nr257_Titelblklein-209x300.jpg\" alt=\"LichtBildB\u00fchne 31. Oktober 1933 Reisekamera\" width=\"209\" height=\"300\" srcset=\"https:\/\/www.medienberatungev.org\/wp-content\/uploads\/2025\/09\/LBB_19331031_Nr257_Titelblklein-209x300.jpg 209w, https:\/\/www.medienberatungev.org\/wp-content\/uploads\/2025\/09\/LBB_19331031_Nr257_Titelblklein-713x1024.jpg 713w, https:\/\/www.medienberatungev.org\/wp-content\/uploads\/2025\/09\/LBB_19331031_Nr257_Titelblklein-768x1103.jpg 768w, https:\/\/www.medienberatungev.org\/wp-content\/uploads\/2025\/09\/LBB_19331031_Nr257_Titelblklein.jpg 800w\" sizes=\"auto, (max-width: 209px) 85vw, 209px\" \/><\/a><\/p>","protected":false},"excerpt":{"rendered":"<p>Hallo Eugen, wenigstens das ist uns erspart geblieben. Siehe Lichtbildb\u00fchne vom Dienstag, d. 31. Oktober 1933 auf Seite eins links unten PDF EinFilmgeschenk des F\u00fchrers Hallo Eugen, Du hast recht. Man kann es schwer lesen. Daf\u00fcr noch mal hier eine Abschrift des Textes f\u00fcr Dich: \u00dcberschrift: &#8222;Ein Filmgeschek des F\u00fchrers. Gestern mittag erschien unerwartet Reichskanzler &hellip; <a href=\"https:\/\/www.medienberatungev.org\/?p=30925\" class=\"more-link\"><span class=\"screen-reader-text\">\u201eBriefe an Eugen (LXXXIII-83) Reise Kamera\u201c<\/span> weiterlesen<\/a><\/p>\n","protected":false},"author":2,"featured_media":0,"comment_status":"open","ping_status":"open","sticky":false,"template":"","format":"standard","meta":{"footnotes":""},"categories":[1988,6275,10271,199,2948,650,298,4861,6535,2620,10272,6443,536,1689,8597,1729,49,10273,7997,8012,8266,1,1565,2703,7742,2701,2702,6170,7422],"tags":[10275,10276,3180,9694,3605,3733,10279,10278,10274,10277],"class_list":["post-30925","post","type-post","status-publish","format-standard","hentry","category-1988","category-35-mm-film","category-35-mm-reisekamera","category-berlin","category-deutsche","category-deutsche-filme","category-deutscher-film","category-dilettant","category-dritten-reich","category-film","category-geburtstag","category-geschichte-des-films","category-goebbels","category-joseph-goebbels","category-kuddelmuddel","category-lbb","category-lichtbildbuehne","category-normalfilm","category-nutzloses-wissen","category-nutzl-oses-wissen","category-reichsfilmkammer","category-uncategorized","category-vom-nachttisch-geraeumt","category-wichtigtuerei","category-zufallsfund","category-zusammensprudelln","category-zusammensprudeln","category-zweispaeltiges-hollywood","category-zwiespaeltiges-hollywood","tag-35-mm-reisekamera","tag-filmminister","tag-fuehrer","tag-geburtstag","tag-goebbels","tag-lbb","tag-normalfilm","tag-propagandaministerium","tag-reisekamera","tag-wenigstens-das-ist-uns-erspart-geblieben"],"_links":{"self":[{"href":"https:\/\/www.medienberatungev.org\/index.php?rest_route=\/wp\/v2\/posts\/30925","targetHints":{"allow":["GET"]}}],"collection":[{"href":"https:\/\/www.medienberatungev.org\/index.php?rest_route=\/wp\/v2\/posts"}],"about":[{"href":"https:\/\/www.medienberatungev.org\/index.php?rest_route=\/wp\/v2\/types\/post"}],"author":[{"embeddable":true,"href":"https:\/\/www.medienberatungev.org\/index.php?rest_route=\/wp\/v2\/users\/2"}],"replies":[{"embeddable":true,"href":"https:\/\/www.medienberatungev.org\/index.php?rest_route=%2Fwp%2Fv2%2Fcomments&post=30925"}],"version-history":[{"count":19,"href":"https:\/\/www.medienberatungev.org\/index.php?rest_route=\/wp\/v2\/posts\/30925\/revisions"}],"predecessor-version":[{"id":31334,"href":"https:\/\/www.medienberatungev.org\/index.php?rest_route=\/wp\/v2\/posts\/30925\/revisions\/31334"}],"wp:attachment":[{"href":"https:\/\/www.medienberatungev.org\/index.php?rest_route=%2Fwp%2Fv2%2Fmedia&parent=30925"}],"wp:term":[{"taxonomy":"category","embeddable":true,"href":"https:\/\/www.medienberatungev.org\/index.php?rest_route=%2Fwp%2Fv2%2Fcategories&post=30925"},{"taxonomy":"post_tag","embeddable":true,"href":"https:\/\/www.medienberatungev.org\/index.php?rest_route=%2Fwp%2Fv2%2Ftags&post=30925"}],"curies":[{"name":"wp","href":"https:\/\/api.w.org\/{rel}","templated":true}]}}