{"id":30960,"date":"2025-09-26T14:04:45","date_gmt":"2025-09-26T14:04:45","guid":{"rendered":"https:\/\/www.medienberatungev.org\/?p=30960"},"modified":"2026-02-08T09:00:23","modified_gmt":"2026-02-08T09:00:23","slug":"briefe-an-eugen-wuerzburg-aumuehle-lxxxv-85","status":"publish","type":"post","link":"https:\/\/www.medienberatungev.org\/?p=30960","title":{"rendered":"Briefe an Eugen W\u00fcrzburg-Aum\u00fchle (LXXXV- 85)"},"content":{"rendered":"<div class=\"wp-block-image\">\n<figure class=\"alignleft size-large is-resized\"><a href=\"https:\/\/www.medienberatungev.org\/wp-content\/uploads\/2026\/02\/IMG_0036klein.jpg\"><img loading=\"lazy\" decoding=\"async\" width=\"768\" height=\"1024\" src=\"https:\/\/www.medienberatungev.org\/wp-content\/uploads\/2026\/02\/IMG_0036klein-768x1024.jpg\" alt=\"Hallo Eugen\" class=\"wp-image-31315\" style=\"aspect-ratio:0.7499999838815612;width:84px;height:auto\" srcset=\"https:\/\/www.medienberatungev.org\/wp-content\/uploads\/2026\/02\/IMG_0036klein-768x1024.jpg 768w, https:\/\/www.medienberatungev.org\/wp-content\/uploads\/2026\/02\/IMG_0036klein-225x300.jpg 225w, https:\/\/www.medienberatungev.org\/wp-content\/uploads\/2026\/02\/IMG_0036klein.jpg 800w\" sizes=\"auto, (max-width: 709px) 85vw, (max-width: 909px) 67vw, (max-width: 984px) 61vw, (max-width: 1362px) 45vw, 600px\" \/><\/a><\/figure>\n<\/div>\n\n<div class=\"wp-block-image\">\n<figure class=\"alignright size-full is-resized\"><a href=\"https:\/\/www.medienberatungev.org\/wp-content\/uploads\/2022\/06\/Roemische-Zahlen-am-Heck.jpg\"><img loading=\"lazy\" decoding=\"async\" width=\"220\" height=\"330\" src=\"https:\/\/www.medienberatungev.org\/wp-content\/uploads\/2022\/06\/Roemische-Zahlen-am-Heck.jpg\" alt=\"\" class=\"wp-image-17347\" style=\"width:83px;height:auto\" srcset=\"https:\/\/www.medienberatungev.org\/wp-content\/uploads\/2022\/06\/Roemische-Zahlen-am-Heck.jpg 220w, https:\/\/www.medienberatungev.org\/wp-content\/uploads\/2022\/06\/Roemische-Zahlen-am-Heck-200x300.jpg 200w\" sizes=\"auto, (max-width: 220px) 85vw, 220px\" \/><\/a><figcaption class=\"wp-element-caption\">R\u00f6mische Zahlen<\/figcaption><\/figure>\n<\/div>\n\n\n<p>Hallo Eugen, hier sind (wieder mal) zwei Fundst\u00fccke. Eins aus dem Netz und eins aus dem Antiquariat. Das DIN A 5 B\u00fcchlein, das in W\u00fcrzburg -Aum\u00fchle gedruckt wurde. Aus dem sich Widerspr\u00fcche zu dem vor langer Zeit verstorbenen angeblichen Dr. Alfred Bauer, (der mit dem silbernen B\u00e4ren, die bei der Bildgie\u00dferei Hermann Noack in Berlin Friedenau hergestellt werden) ergeben. Seine Doktorarbeit, die er bei dem Professor Wilhelm Laforet geschrieben haben will, der bei Dr. Walter Schubert ebenfalls auftaucht, ja so kommt man leicht ins Stottern. Viel Spass, J.<\/p>\n\n\n\n<figure class=\"wp-block-image size-full\"><a href=\"https:\/\/www.medienberatungev.org\/wp-content\/uploads\/2025\/09\/Triltsch1937-01.jpg\"><img loading=\"lazy\" decoding=\"async\" width=\"700\" height=\"303\" src=\"https:\/\/www.medienberatungev.org\/wp-content\/uploads\/2025\/09\/Triltsch1937-01.jpg\" alt=\"\" class=\"wp-image-30961\" srcset=\"https:\/\/www.medienberatungev.org\/wp-content\/uploads\/2025\/09\/Triltsch1937-01.jpg 700w, https:\/\/www.medienberatungev.org\/wp-content\/uploads\/2025\/09\/Triltsch1937-01-300x130.jpg 300w\" sizes=\"auto, (max-width: 709px) 85vw, (max-width: 909px) 67vw, (max-width: 984px) 61vw, (max-width: 1362px) 45vw, 600px\" \/><\/a><\/figure>\n\n\n<div class=\"wp-block-image\">\n<figure class=\"alignleft size-full is-resized\"><a href=\"https:\/\/www.medienberatungev.org\/wp-content\/uploads\/2025\/05\/Screenshot-Alfred-Bauer.pdf.png\"><img loading=\"lazy\" decoding=\"async\" width=\"755\" height=\"614\" src=\"https:\/\/www.medienberatungev.org\/wp-content\/uploads\/2025\/05\/Screenshot-Alfred-Bauer.pdf.png\" alt=\"Berlinale 1971\" class=\"wp-image-29868\" style=\"width:249px;height:auto\" srcset=\"https:\/\/www.medienberatungev.org\/wp-content\/uploads\/2025\/05\/Screenshot-Alfred-Bauer.pdf.png 755w, https:\/\/www.medienberatungev.org\/wp-content\/uploads\/2025\/05\/Screenshot-Alfred-Bauer.pdf-300x244.png 300w\" sizes=\"auto, (max-width: 709px) 85vw, (max-width: 909px) 67vw, (max-width: 984px) 61vw, (max-width: 1362px) 45vw, 600px\" \/><\/a><figcaption class=\"wp-element-caption\">Ulrich P\u00f6schke (Spio) verleiht Alfred Bauer die Ehrenmedaille der Filmwirtschaft<\/figcaption><\/figure>\n<\/div>\n\n<div class=\"wp-block-image\">\n<figure class=\"alignright size-large is-resized\"><a href=\"https:\/\/www.medienberatungev.org\/wp-content\/uploads\/2018\/08\/milpferd_einauge-e1671899244730.jpg\"><img loading=\"lazy\" decoding=\"async\" width=\"1024\" height=\"686\" src=\"https:\/\/www.medienberatungev.org\/wp-content\/uploads\/2018\/08\/milpferd_einauge-1024x686.jpg\" alt=\"\" class=\"wp-image-7687\" style=\"width:162px;height:auto\"\/><\/a><figcaption class=\"wp-element-caption\">Zeichnung Helga Bachmann<\/figcaption><\/figure>\n<\/div>\n\n\n<p><\/p>\n\n\n<p><a href=\"https:\/\/www.medienberatungev.org\/wp-content\/uploads\/2025\/09\/Walter-Schubert-1939.pdf\">Walter Schubert 1939<\/a><\/p>","protected":false},"excerpt":{"rendered":"<p>Hallo Eugen, hier sind (wieder mal) zwei Fundst\u00fccke. Eins aus dem Netz und eins aus dem Antiquariat. Das DIN A 5 B\u00fcchlein, das in W\u00fcrzburg -Aum\u00fchle gedruckt wurde. Aus dem sich Widerspr\u00fcche zu dem vor langer Zeit verstorbenen angeblichen Dr. Alfred Bauer, (der mit dem silbernen B\u00e4ren, die bei der Bildgie\u00dferei Hermann Noack in Berlin &hellip; <a href=\"https:\/\/www.medienberatungev.org\/?p=30960\" class=\"more-link\"><span class=\"screen-reader-text\">\u201eBriefe an Eugen W\u00fcrzburg-Aum\u00fchle (LXXXV- 85)\u201c<\/span> weiterlesen<\/a><\/p>\n","protected":false},"author":2,"featured_media":0,"comment_status":"open","ping_status":"open","sticky":false,"template":"","format":"standard","meta":{"footnotes":""},"categories":[1886,2536,1933,4621,2410,6268,6224,4994,2684,2105,2361,2216,2277,4773,4774,3404,1907,2030,4327,4831,4832,5134,2049,5549,4995,5595,6275,5493,199,452,2948,650,7703,45,1,2703,7742,2701,2702],"tags":[5403,10280,10281,8891],"class_list":["post-30960","post","type-post","status-publish","format-standard","hentry","category-1886","category-2536","category-1933","category-4621","category-2410","category-6268","category-6224","category-4994","category-2684","category-2105","category-2361","category-2216","category-2277","category-4773","category-4774","category-3404","category-1907","category-2030","category-4327","category-4831","category-4832","category-5134","category-2049","category-5549","category-4995","category-5595","category-35-mm-film","category-alfred-bauer","category-berlin","category-berlinale","category-deutsche","category-deutsche-filme","category-nazis","category-nsdap","category-uncategorized","category-wichtigtuerei","category-zufallsfund","category-zusammensprudelln","category-zusammensprudeln","tag-alfred-bauer","tag-dr-walter-schubert","tag-ulrich-poeschke","tag-walter-schubert"],"_links":{"self":[{"href":"https:\/\/www.medienberatungev.org\/index.php?rest_route=\/wp\/v2\/posts\/30960","targetHints":{"allow":["GET"]}}],"collection":[{"href":"https:\/\/www.medienberatungev.org\/index.php?rest_route=\/wp\/v2\/posts"}],"about":[{"href":"https:\/\/www.medienberatungev.org\/index.php?rest_route=\/wp\/v2\/types\/post"}],"author":[{"embeddable":true,"href":"https:\/\/www.medienberatungev.org\/index.php?rest_route=\/wp\/v2\/users\/2"}],"replies":[{"embeddable":true,"href":"https:\/\/www.medienberatungev.org\/index.php?rest_route=%2Fwp%2Fv2%2Fcomments&post=30960"}],"version-history":[{"count":13,"href":"https:\/\/www.medienberatungev.org\/index.php?rest_route=\/wp\/v2\/posts\/30960\/revisions"}],"predecessor-version":[{"id":31331,"href":"https:\/\/www.medienberatungev.org\/index.php?rest_route=\/wp\/v2\/posts\/30960\/revisions\/31331"}],"wp:attachment":[{"href":"https:\/\/www.medienberatungev.org\/index.php?rest_route=%2Fwp%2Fv2%2Fmedia&parent=30960"}],"wp:term":[{"taxonomy":"category","embeddable":true,"href":"https:\/\/www.medienberatungev.org\/index.php?rest_route=%2Fwp%2Fv2%2Fcategories&post=30960"},{"taxonomy":"post_tag","embeddable":true,"href":"https:\/\/www.medienberatungev.org\/index.php?rest_route=%2Fwp%2Fv2%2Ftags&post=30960"}],"curies":[{"name":"wp","href":"https:\/\/api.w.org\/{rel}","templated":true}]}}