{"id":30976,"date":"2025-09-27T07:39:06","date_gmt":"2025-09-27T07:39:06","guid":{"rendered":"https:\/\/www.medienberatungev.org\/?p=30976"},"modified":"2026-02-08T08:56:41","modified_gmt":"2026-02-08T08:56:41","slug":"briefe-an-eugen-betrifft-gps-lxxxvi-86","status":"publish","type":"post","link":"https:\/\/www.medienberatungev.org\/?p=30976","title":{"rendered":"Briefe an Eugen betrifft GPS (LXXXVI-86) (G\u00fcnter Peter Straschek)"},"content":{"rendered":"\n<figure class=\"wp-block-image size-large is-resized\"><a href=\"https:\/\/www.medienberatungev.org\/wp-content\/uploads\/2026\/02\/IMG_0036klein.jpg\"><img loading=\"lazy\" decoding=\"async\" width=\"768\" height=\"1024\" src=\"https:\/\/www.medienberatungev.org\/wp-content\/uploads\/2026\/02\/IMG_0036klein-768x1024.jpg\" alt=\"Hallo Eugen\" class=\"wp-image-31315\" style=\"aspect-ratio:0.749999976548993;width:72px;height:auto\" srcset=\"https:\/\/www.medienberatungev.org\/wp-content\/uploads\/2026\/02\/IMG_0036klein-768x1024.jpg 768w, https:\/\/www.medienberatungev.org\/wp-content\/uploads\/2026\/02\/IMG_0036klein-225x300.jpg 225w, https:\/\/www.medienberatungev.org\/wp-content\/uploads\/2026\/02\/IMG_0036klein.jpg 800w\" sizes=\"auto, (max-width: 709px) 85vw, (max-width: 909px) 67vw, (max-width: 984px) 61vw, (max-width: 1362px) 45vw, 600px\" \/><\/a><\/figure>\n\n\n<p><a href=\"https:\/\/www.medienberatungev.org\/wp-content\/uploads\/2025\/09\/PDF-Johannes-Beringer-zu-Guenter-Peter-Straschek.pdf\">PDF Johannes Beringer zu G\u00fcnter Peter Straschek<\/a><\/p>\n\n<div class=\"wp-block-image\">\n<figure class=\"alignright size-full is-resized\"><a href=\"https:\/\/www.medienberatungev.org\/wp-content\/uploads\/2022\/06\/Roemische-Zahlen-am-Heck.jpg\"><img loading=\"lazy\" decoding=\"async\" width=\"220\" height=\"330\" src=\"https:\/\/www.medienberatungev.org\/wp-content\/uploads\/2022\/06\/Roemische-Zahlen-am-Heck.jpg\" alt=\"\" class=\"wp-image-17347\" style=\"width:133px;height:auto\" srcset=\"https:\/\/www.medienberatungev.org\/wp-content\/uploads\/2022\/06\/Roemische-Zahlen-am-Heck.jpg 220w, https:\/\/www.medienberatungev.org\/wp-content\/uploads\/2022\/06\/Roemische-Zahlen-am-Heck-200x300.jpg 200w\" sizes=\"auto, (max-width: 220px) 85vw, 220px\" \/><\/a><figcaption class=\"wp-element-caption\">R\u00f6mische Zahlen <\/figcaption><\/figure>\n<\/div>\n\n<div class=\"wp-block-image\">\n<figure class=\"alignleft size-full is-resized\"><a href=\"https:\/\/www.medienberatungev.org\/wp-content\/uploads\/2025\/09\/Screenshot-2025-09-25-at-10-28-40-\u201eFilmkritik-Nr.-\u2013-Buch-gebraucht-kaufen-\u2013-A02H6H4701ZZg.png\"><img loading=\"lazy\" decoding=\"async\" width=\"543\" height=\"782\" src=\"https:\/\/www.medienberatungev.org\/wp-content\/uploads\/2025\/09\/Screenshot-2025-09-25-at-10-28-40-\u201eFilmkritik-Nr.-\u2013-Buch-gebraucht-kaufen-\u2013-A02H6H4701ZZg.png\" alt=\"\" class=\"wp-image-30987\" style=\"width:119px;height:auto\" srcset=\"https:\/\/www.medienberatungev.org\/wp-content\/uploads\/2025\/09\/Screenshot-2025-09-25-at-10-28-40-\u201eFilmkritik-Nr.-\u2013-Buch-gebraucht-kaufen-\u2013-A02H6H4701ZZg.png 543w, https:\/\/www.medienberatungev.org\/wp-content\/uploads\/2025\/09\/Screenshot-2025-09-25-at-10-28-40-\u201eFilmkritik-Nr.-\u2013-Buch-gebraucht-kaufen-\u2013-A02H6H4701ZZg-208x300.png 208w\" sizes=\"auto, (max-width: 543px) 85vw, 543px\" \/><\/a><\/figure>\n<\/div>\n\n\n<p>Hallo Eugen, bei der newfilmkritik habe ich im Netz einen Text von Johannes Beringer (Ehemaliger dffb Student wie ich, nur paar Jahre fr\u00fcher) \u00fcber G\u00fcnter  Peter Straschek gefunden (gleicher dffb Jahrgang 1966).  Johannes Beringer hat mir erlaubt, diesen auf unsere Seite hochzuladen, was ich gut finde. Nun hast  Du ihn J.<\/p>\n\n\n\n<figure class=\"wp-block-image size-full is-resized\"><a href=\"https:\/\/www.medienberatungev.org\/wp-content\/uploads\/2022\/06\/Nilpferdzwinkert.jpg\"><img loading=\"lazy\" decoding=\"async\" width=\"993\" height=\"756\" src=\"https:\/\/www.medienberatungev.org\/wp-content\/uploads\/2022\/06\/Nilpferdzwinkert.jpg\" alt=\"\" class=\"wp-image-17341\" style=\"width:154px;height:auto\" srcset=\"https:\/\/www.medienberatungev.org\/wp-content\/uploads\/2022\/06\/Nilpferdzwinkert.jpg 993w, https:\/\/www.medienberatungev.org\/wp-content\/uploads\/2022\/06\/Nilpferdzwinkert-300x228.jpg 300w, https:\/\/www.medienberatungev.org\/wp-content\/uploads\/2022\/06\/Nilpferdzwinkert-768x585.jpg 768w\" sizes=\"auto, (max-width: 709px) 85vw, (max-width: 909px) 67vw, (max-width: 1362px) 62vw, 840px\" \/><\/a><figcaption class=\"wp-element-caption\">Zeichnung Helga Bachmann<\/figcaption><\/figure>\n\n\n\n<p><\/p>\n","protected":false},"excerpt":{"rendered":"<p>PDF Johannes Beringer zu G\u00fcnter Peter Straschek Hallo Eugen, bei der newfilmkritik habe ich im Netz einen Text von Johannes Beringer (Ehemaliger dffb Student wie ich, nur paar Jahre fr\u00fcher) \u00fcber G\u00fcnter Peter Straschek gefunden (gleicher dffb Jahrgang 1966). Johannes Beringer hat mir erlaubt, diesen auf unsere Seite hochzuladen, was ich gut finde. Nun hast &hellip; <a href=\"https:\/\/www.medienberatungev.org\/?p=30976\" class=\"more-link\"><span class=\"screen-reader-text\">\u201eBriefe an Eugen betrifft GPS (LXXXVI-86) (G\u00fcnter Peter Straschek)\u201c<\/span> weiterlesen<\/a><\/p>\n","protected":false},"author":2,"featured_media":0,"comment_status":"open","ping_status":"open","sticky":false,"template":"","format":"standard","meta":{"footnotes":""},"categories":[6521,4774,3404,1907,2030,4327,4831,4832,5134,2049,199,1845,2948,650,298,3456,4966,2620,8,10123,8012,7997,10282,1,4965,1674,4964,77,7742,2701,2702],"tags":[10300,10290,78,10303,174,10288,10283,10301,10302,10297,10289,10284,10292,10293,10295,10294,10299,10298,10296,9822,10291,10286,1566],"class_list":["post-30976","post","type-post","status-publish","format-standard","hentry","category-16-mm-film","category-4774","category-3404","category-1907","category-2030","category-4327","category-4831","category-4832","category-5134","category-2049","category-berlin","category-berlin-west","category-deutsche","category-deutsche-filme","category-deutscher-film","category-deutsches-fernsehen","category-fields","category-film","category-filmkritik","category-kameramann","category-nutzl-oses-wissen","category-nutzloses-wissen","category-straschek","category-uncategorized","category-w-c-fields-3","category-w-c-fields-2","category-w-c-fields","category-westberlin","category-zufallsfund","category-zusammensprudelln","category-zusammensprudeln","tag-anttonio-labriola","tag-cutterin","tag-dffb","tag-ein-western-fuer-den-sds","tag-filmkritik-2","tag-filmkritik-8-74","tag-guenter-peter-straschek","tag-handbuch-wider-das-kino","tag-hanspeter-krueger","tag-haschrebellen","tag-hula-hupp","tag-johannes-beringer","tag-kristl","tag-kuhle-wampe","tag-m","tag-m-eine-stadt-sucht-einen-moerder","tag-rote-zelle","tag-roten-zellen","tag-schuelerfilm","tag-straub","tag-uraltmasche","tag-w-c-fields-5","tag-werner-duetsch"],"_links":{"self":[{"href":"https:\/\/www.medienberatungev.org\/index.php?rest_route=\/wp\/v2\/posts\/30976","targetHints":{"allow":["GET"]}}],"collection":[{"href":"https:\/\/www.medienberatungev.org\/index.php?rest_route=\/wp\/v2\/posts"}],"about":[{"href":"https:\/\/www.medienberatungev.org\/index.php?rest_route=\/wp\/v2\/types\/post"}],"author":[{"embeddable":true,"href":"https:\/\/www.medienberatungev.org\/index.php?rest_route=\/wp\/v2\/users\/2"}],"replies":[{"embeddable":true,"href":"https:\/\/www.medienberatungev.org\/index.php?rest_route=%2Fwp%2Fv2%2Fcomments&post=30976"}],"version-history":[{"count":9,"href":"https:\/\/www.medienberatungev.org\/index.php?rest_route=\/wp\/v2\/posts\/30976\/revisions"}],"predecessor-version":[{"id":31327,"href":"https:\/\/www.medienberatungev.org\/index.php?rest_route=\/wp\/v2\/posts\/30976\/revisions\/31327"}],"wp:attachment":[{"href":"https:\/\/www.medienberatungev.org\/index.php?rest_route=%2Fwp%2Fv2%2Fmedia&parent=30976"}],"wp:term":[{"taxonomy":"category","embeddable":true,"href":"https:\/\/www.medienberatungev.org\/index.php?rest_route=%2Fwp%2Fv2%2Fcategories&post=30976"},{"taxonomy":"post_tag","embeddable":true,"href":"https:\/\/www.medienberatungev.org\/index.php?rest_route=%2Fwp%2Fv2%2Ftags&post=30976"}],"curies":[{"name":"wp","href":"https:\/\/api.w.org\/{rel}","templated":true}]}}