{"id":3291,"date":"2017-09-13T18:40:55","date_gmt":"2017-09-13T18:40:55","guid":{"rendered":"http:\/\/www.medienberatungev.org\/?p=3291"},"modified":"2021-03-21T17:54:46","modified_gmt":"2021-03-21T17:54:46","slug":"kbw","status":"publish","type":"post","link":"https:\/\/www.medienberatungev.org\/?p=3291","title":{"rendered":"KBW"},"content":{"rendered":"<p><a href=\"http:\/\/www.medienberatungev.org\/wp-content\/uploads\/2017\/09\/KBW.jpg\"><img loading=\"lazy\" decoding=\"async\" class=\"size-large wp-image-3292\" src=\"http:\/\/www.medienberatungev.org\/wp-content\/uploads\/2017\/09\/KBW-1024x1014.jpg\" alt=\"Haus KBW in Hamburg\" width=\"640\" height=\"633\"><\/a><a href=\"http:\/\/www.medienberatungev.org\/wp-content\/uploads\/2017\/09\/By-nc-sa_color.png\"><img loading=\"lazy\" decoding=\"async\" class=\"alignleft  wp-image-3221\" src=\"http:\/\/www.medienberatungev.org\/wp-content\/uploads\/2017\/09\/By-nc-sa_color.png\" alt=\"By-nc-sa_color\" width=\"173\" height=\"117\" srcset=\"https:\/\/www.medienberatungev.org\/wp-content\/uploads\/2017\/09\/By-nc-sa_color.png 720w, https:\/\/www.medienberatungev.org\/wp-content\/uploads\/2017\/09\/By-nc-sa_color-300x202.png 300w\" sizes=\"auto, (max-width: 173px) 85vw, 173px\" \/><\/a><a href=\"http:\/\/www.medienberatungev.org\/wp-content\/uploads\/2017\/09\/nilpferd_tumb.png\"><img loading=\"lazy\" decoding=\"async\" class=\"alignleft  wp-image-3219\" src=\"http:\/\/www.medienberatungev.org\/wp-content\/uploads\/2017\/09\/nilpferd_tumb-1024x815.png\" alt=\"nilpferd_tumb\" width=\"144\" height=\"115\" srcset=\"https:\/\/www.medienberatungev.org\/wp-content\/uploads\/2017\/09\/nilpferd_tumb-1024x815.png 1024w, https:\/\/www.medienberatungev.org\/wp-content\/uploads\/2017\/09\/nilpferd_tumb-300x238.png 300w, https:\/\/www.medienberatungev.org\/wp-content\/uploads\/2017\/09\/nilpferd_tumb.png 1042w\" sizes=\"auto, (max-width: 144px) 85vw, 144px\" \/><\/a>Foto Jens Meyer. Die Vermutung, es handle sich um ein Haus des <strong>KBW<\/strong> (Kommunistischer Bund Westdeutschland) ist nat\u00fcrlich vollkommener Quatsch. Und dennoch ist es eine Abk\u00fcrzung, aber f\u00fcr &#8222;<strong>K<\/strong>ulturwissenschaftliche <strong>B<\/strong>ibliothek <strong>W<\/strong>arburg&#8220;, erbaut 1925 &#8211; 26.<\/p>\n","protected":false},"excerpt":{"rendered":"<p>Foto Jens Meyer. Die Vermutung, es handle sich um ein Haus des KBW (Kommunistischer Bund Westdeutschland) ist nat\u00fcrlich vollkommener Quatsch. Und dennoch ist es eine Abk\u00fcrzung, aber f\u00fcr &#8222;Kulturwissenschaftliche Bibliothek Warburg&#8220;, erbaut 1925 &#8211; 26.<\/p>\n","protected":false},"author":2,"featured_media":0,"comment_status":"open","ping_status":"open","sticky":false,"template":"","format":"standard","meta":{"footnotes":""},"categories":[2153,2578,2948,2489,945,16,4015,1833,1,6641],"tags":[6642,3542,3452],"class_list":["post-3291","post","type-post","status-publish","format-standard","hentry","category-2153","category-2578","category-deutsche","category-deutsches-reich","category-fotos","category-hamburg","category-hamburg-uhlenhorst","category-hamburger","category-uncategorized","category-warburg","tag-aby-warburg","tag-hamburg","tag-kbw"],"_links":{"self":[{"href":"https:\/\/www.medienberatungev.org\/index.php?rest_route=\/wp\/v2\/posts\/3291","targetHints":{"allow":["GET"]}}],"collection":[{"href":"https:\/\/www.medienberatungev.org\/index.php?rest_route=\/wp\/v2\/posts"}],"about":[{"href":"https:\/\/www.medienberatungev.org\/index.php?rest_route=\/wp\/v2\/types\/post"}],"author":[{"embeddable":true,"href":"https:\/\/www.medienberatungev.org\/index.php?rest_route=\/wp\/v2\/users\/2"}],"replies":[{"embeddable":true,"href":"https:\/\/www.medienberatungev.org\/index.php?rest_route=%2Fwp%2Fv2%2Fcomments&post=3291"}],"version-history":[{"count":6,"href":"https:\/\/www.medienberatungev.org\/index.php?rest_route=\/wp\/v2\/posts\/3291\/revisions"}],"predecessor-version":[{"id":14481,"href":"https:\/\/www.medienberatungev.org\/index.php?rest_route=\/wp\/v2\/posts\/3291\/revisions\/14481"}],"wp:attachment":[{"href":"https:\/\/www.medienberatungev.org\/index.php?rest_route=%2Fwp%2Fv2%2Fmedia&parent=3291"}],"wp:term":[{"taxonomy":"category","embeddable":true,"href":"https:\/\/www.medienberatungev.org\/index.php?rest_route=%2Fwp%2Fv2%2Fcategories&post=3291"},{"taxonomy":"post_tag","embeddable":true,"href":"https:\/\/www.medienberatungev.org\/index.php?rest_route=%2Fwp%2Fv2%2Ftags&post=3291"}],"curies":[{"name":"wp","href":"https:\/\/api.w.org\/{rel}","templated":true}]}}