{"id":361,"date":"2014-06-07T23:15:23","date_gmt":"2014-06-07T23:15:23","guid":{"rendered":"http:\/\/www.medienberatungev.org\/?p=361"},"modified":"2025-10-23T09:06:27","modified_gmt":"2025-10-23T09:06:27","slug":"jetzt-ist-der-loeffel-ganz-kurz-geworden","status":"publish","type":"post","link":"https:\/\/www.medienberatungev.org\/?p=361","title":{"rendered":"WER MIT DEM TEUFEL AUS EINEM NAPF ESSEN WILL, BRAUCHT EINEN LANGEN L\u00d6FFEL,  von Stinki Mueller  (August 1996)"},"content":{"rendered":"<p><a href=\"https:\/\/www.medienberatungev.org\/wp-content\/uploads\/2014\/06\/PDFVersion12091996.pdf\">PDFVersion12091996<\/a><\/p>\n<p><a href=\"https:\/\/www.medienberatungev.org\/wp-content\/uploads\/2014\/06\/PDF-Wer-mit-dem-Teufel-aus-einem-Napf-essen-will.pdf\">PDF Wer mit dem Teufel aus einem Napf essen will<\/a><\/p>\n\n\n<figure class=\"wp-block-image size-large is-resized\"><img loading=\"lazy\" decoding=\"async\" width=\"300\" height=\"200\" src=\"https:\/\/www.medienberatungev.org\/wp-content\/uploads\/2018\/08\/Hiermu\u00dfihrGeldarbeitenP1050971klein-e1573063877757.jpg\" alt=\"\" class=\"wp-image-7629\" style=\"width:653px;height:435px\"\/><\/figure>\n\n\n<p><span style=\"font-family: Ubuntu;\"><span style=\"font-size: large;\">\u00bb<\/span><\/span><span style=\"font-family: DejaVu Serif Condensed,serif;\"><span style=\"font-size: large;\">Wer mit dem Teufel aus einem Topf essen will, der mu\u00df einen langen L\u00f6ffel haben<\/span><\/span><span style=\"font-family: Ubuntu;\"><span style=\"font-size: large;\">\u00ab<\/span><\/span><span style=\"font-family: DejaVu Serif Condensed,serif;\"><span style=\"font-size: large;\">, meint David Volksmund. Jetzt hat dieser Herr wieder einmal Recht behalten. Zurzeit jagt eine Kriegserkl\u00e4rung die n\u00e4chste in dem Kampf um das lukrative Grundst\u00fcck an der Friedensallee 7 (in Hamburg Altona). Absender dieser Kriegserkl\u00e4rungen ist eine Firma in Ahrensburg mit der beziehungsreichen Firmenabk\u00fcrzung <strong>GEG.<\/strong>\u00a0<\/span><\/span><\/p>\n<p align=\"JUSTIFY\"><span style=\"font-family: DejaVu Serif Condensed,serif;\"><span style=\"font-size: large;\">Beziehungsreich, weil ein sozialdemokratisches Gewerkschaftsunternehmen diesen Namen (GEG) \u00fcber lange Zeit bewahrte. (<b>G<\/b>ross <b>E<\/b>inkaufs <b>G<\/b>enossenschaft)<\/span><\/span><\/p>\n<p align=\"JUSTIFY\"><span style=\"font-family: DejaVu Serif Condensed,serif;\"><span style=\"font-size: large;\">Doch wer den heutigen Kriegs- und Frontverlauf erkennen will, mu\u00df den Werdegang und die Geschichte der Personen verstehen, die da heute der Bev\u00f6lkerung und den Konkurrenten den Krieg erkl\u00e4ren. <\/span><\/span><\/p>\n<p align=\"JUSTIFY\"><span style=\"font-family: DejaVu Serif Condensed,serif;\"><span style=\"font-size: large;\">Die Genossen der SPD, (darf man die heute \u00fcberhaupt noch so nennen, f\u00e4llt mir beim Abschreiben im Jahre 2014 ein), (die da mit dem kurzen L\u00f6ffel an Teufels Tisch sitzen), sind seit 1979 gef\u00f6rdert und stabilisiert worden. <\/span><\/span><\/p>\n<p align=\"JUSTIFY\"><span style=\"font-family: DejaVu Serif Condensed,serif;\"><span style=\"font-size: large;\">1979 da war der \u201cGenosse\u201d (Torsten Teichert SPD), der jetzt die Bauinteressen des Bodenspekulanten vertritt, noch Vorsitzender des Filmclubs in Neum\u00fcnster. <\/span><\/span><\/p>\n<p align=\"JUSTIFY\"><span style=\"font-family: DejaVu Serif Condensed,serif;\"><span style=\"font-size: large;\">Heute hei\u00dfen diese Menschen: \u201cInvestoren\u201d, das Wort ist modern und verschleiert so den eigentlichen Sachverhalt. Sie lassen angeblich Geld f\u00fcr sich arbeiten. Aber das h\u00e4tten die SPD Genossen doch wissen m\u00fcssen, das Geld nicht arbeiten kann. <\/span><\/span><\/p>\n<p align=\"JUSTIFY\"><span style=\"font-family: DejaVu Serif Condensed,serif;\"><span style=\"font-size: large;\">Sie k\u00f6nnten die Firma, die sie aus Bielefeld geholt hatten, einfach als reichen Bodenspekulanten bezeichnen. <\/span><\/span><\/p>\n<p align=\"JUSTIFY\"><span style=\"font-family: DejaVu Serif Condensed,serif;\"><span style=\"font-size: large;\">Doch f\u00e4ngt man am besten von vorne an: <b>1979<\/b>. In der Stadt gibt es viele Bodenspekulanten neben Herrn Mayr, die pr\u00e4chtig mit den sozialdemokratischen Regierungen zusammenarbeiten. Sie hei\u00dfen B\u00fcll &amp; Liedtke, Deyhle und eben auch Mayr. Jeder, der viel Geld hat und es in Hamburg vermehren m\u00f6chte, dem wird das Stadttor weit aufgetan. <\/span><\/span><\/p>\n<p align=\"JUSTIFY\"><span style=\"font-family: DejaVu Serif Condensed,serif;\"><span style=\"font-size: large;\">Nicht verwunderlich in der Tradition. Die Kaufleute hatten schon damals das meiste Geld mit dem Verkauf und der Verschiffung von Sklaven gemacht. <\/span><\/span><\/p>\n<figure id=\"attachment_3157\" aria-describedby=\"caption-attachment-3157\" style=\"width: 512px\" class=\"wp-caption aligncenter\"><a href=\"http:\/\/www.medienberatungev.org\/wp-content\/uploads\/2017\/09\/Zeisehalle1.jpg\"><img loading=\"lazy\" decoding=\"async\" class=\"wp-image-3157\" src=\"http:\/\/www.medienberatungev.org\/wp-content\/uploads\/2017\/09\/Zeisehalle1.jpg\" alt=\"Foto Jens Meyer\" width=\"512\" height=\"354\" \/><\/a><figcaption id=\"caption-attachment-3157\" class=\"wp-caption-text\">Peter Wiesner (rechts) in der Zeisehalle vor dem Umbau<\/figcaption><\/figure>\n<p align=\"JUSTIFY\"><span style=\"font-family: DejaVu Serif Condensed,serif;\"><span style=\"font-size: large;\">Nur zur Partei der \u201cArbeiterbewegung\u201d scheinen diese Leute nicht recht zu passen. Deswegen wurde das Wort ja auch ge\u00e4ndert, vom Bodenspekulanten zum Investor. <\/span><\/span><span style=\"font-family: DejaVu Serif Condensed,serif;\"><span style=\"font-size: large;\">H\u00f6rt sich besser an und bleibt das gleiche. Doch normaler Weise treten diese \u201cInvestoren\u201d offen auf. Mit den Gesch\u00e4ften von Herrn Mayr verh\u00e4lt es sich anders. Er hat die Genossen seit Jahren f\u00fcr sich eingespannt, sie besorgen ihm die Grundst\u00fccke, sie sorgen daf\u00fcr, dass der Mietzins immer p\u00fcnktlich kommt, sie verwalten seine Immobilien, sie halten dem \u201cInvestor\u201d die Schwierigkeiten mit der \u00d6ffentlichkeit vom Hals.\u00a0 \u00a0 \u00a0 \u00a0 \u00a0 \u00a0 \u00a0 \u00a0 \u00a0 \u00a0 \u00a0 \u00a0 \u00a0 \u00a0 \u00a0 \u00a0 \u00a0 \u00a0\u00a0<\/span><\/span><\/p>\n<p align=\"JUSTIFY\"><a href=\"http:\/\/www.medienberatungev.org\/wp-content\/uploads\/2018\/03\/By-nc-sa_color.png\"><img loading=\"lazy\" decoding=\"async\" class=\"wp-image-5796 alignleft\" src=\"http:\/\/www.medienberatungev.org\/wp-content\/uploads\/2018\/03\/By-nc-sa_color.png\" alt=\"By-nc-sa_color\" width=\"142\" height=\"96\" srcset=\"https:\/\/www.medienberatungev.org\/wp-content\/uploads\/2018\/03\/By-nc-sa_color.png 720w, https:\/\/www.medienberatungev.org\/wp-content\/uploads\/2018\/03\/By-nc-sa_color-300x202.png 300w\" sizes=\"auto, (max-width: 142px) 85vw, 142px\" \/><\/a>Sel<span style=\"font-family: DejaVu Serif Condensed,serif;\"><span style=\"font-size: large;\">bst bei Mietausf\u00e4llen, muss er nicht um seine Gewinne bangen, denn die Genossen haben ihm st\u00e4dtische B\u00fcrgschaften besorgt. Es handelt sich um ein gut funktionierendes Beziehungsgeflecht, das nach au\u00dfen abgeschirmt ist und von denen alle am Gesch\u00e4ft beteiligten Vorteile haben, so da\u00df es schwer ist, aus dem Beziehungsgeflecht auszubrechen, wenn man keine finanziellen Nachteile haben will. <\/span><\/span><\/p>\n<p align=\"JUSTIFY\"><span style=\"font-family: DejaVu Serif Condensed,serif;\"><span style=\"font-size: large;\">W\u00e4ren wir in Italien und w\u00e4ren die Gesch\u00e4fte geheim, dann w\u00fcrden wir es Mafia nennen. Geheim ist es nicht, aber doch schwer zu durchschauen. Dazu mu\u00df man weit zur\u00fcck gehen.<br \/><\/span><\/span><\/p>\n<p align=\"JUSTIFY\"><span style=\"font-family: DejaVu Serif Condensed,serif;\"><span style=\"font-size: large;\">In das Jahre 1979. Damals soll es in der Hamburger SPD einen frischen Wind gegeben haben. Es gab einen B\u00fcrgermeister, der sich mit den Hamburger Elektrizit\u00e4tswerken (HEW) in Sachen Atomkraft angelegt hatte und unter seinen Genossen als Linker galt.<\/span><\/span><\/p>\n<figure id=\"attachment_5103\" aria-describedby=\"caption-attachment-5103\" style=\"width: 450px\" class=\"wp-caption aligncenter\"><a href=\"http:\/\/www.medienberatungev.org\/wp-content\/uploads\/2014\/06\/Hans-Ulrich-Klose1991.jpg\"><img loading=\"lazy\" decoding=\"async\" class=\" wp-image-5103\" src=\"http:\/\/www.medienberatungev.org\/wp-content\/uploads\/2014\/06\/Hans-Ulrich-Klose1991-1024x774.jpg\" alt=\"Foto Henning Scholz 22. November 1991\" width=\"450\" height=\"340\" \/><\/a><figcaption id=\"caption-attachment-5103\" class=\"wp-caption-text\">Foto Henning Scholz 22. November 1991<\/figcaption><\/figure>\n<p align=\"JUSTIFY\"><span style=\"font-family: DejaVu Serif Condensed,serif;\"><span style=\"font-size: large;\"><a href=\"http:\/\/www.medienberatungev.org\/wp-content\/uploads\/2017\/11\/By-nc-sa_color1.png\"><img loading=\"lazy\" decoding=\"async\" class=\"wp-image-4411 alignleft\" src=\"http:\/\/www.medienberatungev.org\/wp-content\/uploads\/2017\/11\/By-nc-sa_color1.png\" alt=\"By-nc-sa_color\" width=\"86\" height=\"58\" srcset=\"https:\/\/www.medienberatungev.org\/wp-content\/uploads\/2017\/11\/By-nc-sa_color1.png 720w, https:\/\/www.medienberatungev.org\/wp-content\/uploads\/2017\/11\/By-nc-sa_color1-300x202.png 300w\" sizes=\"auto, (max-width: 86px) 85vw, 86px\" \/><\/a><a href=\"http:\/\/www.medienberatungev.org\/wp-content\/uploads\/2017\/11\/nilpferd_tumb.png\"><img loading=\"lazy\" decoding=\"async\" class=\"wp-image-4351 alignright\" src=\"http:\/\/www.medienberatungev.org\/wp-content\/uploads\/2017\/11\/nilpferd_tumb-1024x815.png\" alt=\"nilpferd_tumb\" width=\"110\" height=\"87\" \/><\/a><\/span><\/span><\/p>\n<p align=\"JUSTIFY\"><span style=\"font-family: DejaVu Serif Condensed,serif;\"><span style=\"font-size: large;\">Auch in Sachen\u00a0\u00a0\u00a0\u00a0 Kultur war er damals unterwegs. Nach M\u00fcnchen. Dort wollten sich Filmschaffende nicht mehr von der CSU und Herrn Strau\u00df schikanieren lassen. Herr Hans Ulrich Klose lockte sie mit Geld und Selbstverwaltung nach Hamburg. In kurzer Zeit waren sie in Hamburg und bereiteten hier das Filmfest der Filmemacher 1979 vor.<\/span><\/span><\/p>\n<p align=\"JUSTIFY\"><span style=\"font-family: DejaVu Serif Condensed,serif;\"><span style=\"font-size: large;\">Auch das lange geforderte Kommunale Kino Hamburg \u201cMetropolis\u201d wurde endlich verwirklicht.<\/span><\/span><\/p>\n<p align=\"JUSTIFY\"><span style=\"font-family: DejaVu Serif Condensed,serif;\"><span style=\"font-size: large;\">Als Pioniere der ersten Stunde trafen wir uns regelm\u00e4ssig in der Admiralit\u00e4tsstrasse an einer Tischtennisplatte. Alles schien m\u00f6glich. Damals. Keine Teilung in Dokumentarfilmer, Spielfilmer, linke Verleiher, Experimentalfilmer. Ein Verein der Filmemacher wurde gegr\u00fcndet. Anne Kubina und Helga B\u00e4hr \u00fcbernahmen die Arbeit und verhandelten mit den entsprechenden Beh\u00f6rden \u00fcber die Selbstverwaltung der F\u00f6rdermittel. <\/span><\/span><\/p>\n<p align=\"JUSTIFY\"><span style=\"font-family: DejaVu Serif Condensed,serif;\"><span style=\"font-size: large;\">Das erste Filmfest wurde trotz kurzer Vorbereitung, aber dank vieler engagierter Helfer ein gro\u00dfer Erfolg. An Geld f\u00fcr unsere Arbeit hatten wir damals nicht gedacht. <a href=\"http:\/\/www.medienberatungev.org\/wp-content\/uploads\/2018\/06\/ZeiseGiessereigemaltvonMaxKuchel1918.jpg\"><img loading=\"lazy\" decoding=\"async\" class=\"aligncenter size-large wp-image-7505\" src=\"http:\/\/www.medienberatungev.org\/wp-content\/uploads\/2018\/06\/ZeiseGiessereigemaltvonMaxKuchel1918-793x1024.jpg\" alt=\"ZeiseGiessereigemaltvonMaxKuchel1918\" width=\"640\" height=\"826\" \/><\/a><\/span><\/span>(Max Kuchel hat dieses Bild gemalt. Davon gibt es Postkarten. Das Original h\u00e4ngt im Altonaer Museum)<\/p>\n<p align=\"JUSTIFY\"><span style=\"font-family: DejaVu Serif Condensed,serif;\"><span style=\"font-size: large;\">Helga B\u00e4hr wurde zur gew\u00e4hlten Gesch\u00e4ftsf\u00fchrerin. Zusammen mit Anne Kubina streiften sie durch die Viertel auf der Suche nach geeigneten R\u00e4umen f\u00fcr die neue selbstverwaltete Filmf\u00f6rderung. Da fiel ihnen die leerstehende Propeller Fabrik von Theodor Zeise auf. <a href=\"http:\/\/www.medienberatungev.org\/wp-content\/uploads\/2017\/02\/ZeisePropeller3.jpg\"><img loading=\"lazy\" decoding=\"async\" class=\"aligncenter size-full wp-image-2852\" src=\"http:\/\/www.medienberatungev.org\/wp-content\/uploads\/2017\/02\/ZeisePropeller3.jpg\" alt=\"ZeisePropeller3\" width=\"745\" height=\"512\" \/><\/a>In dieser Fabrik mit den anh\u00e4ngenden Wohnh\u00e4usern in der Friedensallee 7 und in der Bergiusstrasse in Hamburg Altona, Ottensen, war es 1979 zu Ende gegangen. 1979 war es mit den Propellern zu Ende gegangen, denn Schiffe wurden in Hamburg kaum noch gebaut, also auch keine Schiffspropeller. Hundert Jahre lang hatten hier Arbeiter unter m\u00f6rderischen Bedingungen gearbeitet.\u00a0\u00a0\u00a0 (siehe Malerei).<br \/><\/span><\/span><\/p>\n<p align=\"JUSTIFY\"><span style=\"font-family: DejaVu Serif Condensed,serif;\"><span style=\"font-size: large;\">Der Quarzsand, die hohen Temperaturen des Bronze Gusses, der Staub, die giftigen Gase, der Dreck. Viele gaben ihr Leben oder waren schon bald Fr\u00fchrentner, die sich nicht lange ihrer Rente freuen konnten. <\/span><\/span><\/p>\n<p align=\"JUSTIFY\"><span style=\"font-family: DejaVu Serif Condensed,serif;\"><span style=\"font-size: large;\">Die Besitzer investierten \u00fcber 10 Jahre lang nicht mehr, sondern sch\u00f6pften lieber die Gewinne ab. Konkurs. Ein Teil der Arbeiter wurde vom Panzerbau der Firma Blohm und Voss \u00fcbernommen. <a href=\"http:\/\/www.medienberatungev.org\/wp-content\/uploads\/2017\/02\/ZeisePropeller1.jpg\"><img loading=\"lazy\" decoding=\"async\" class=\"aligncenter size-full wp-image-2848\" src=\"http:\/\/www.medienberatungev.org\/wp-content\/uploads\/2017\/02\/ZeisePropeller1.jpg\" alt=\"ZeisePropeller1\" width=\"1013\" height=\"698\" \/><\/a>(<span style=\"color: #000000;\"><b>Anmerkung 2014:<\/b><\/span> Das wu\u00dften damals nur Wenige, das auf der anderen Seite der Elbe bei Blohm und Voss, kaum noch Schiffe, aber daf\u00fcr der Panzer \u201cLeo\u201d gebaut wurde. &#8222;Unser Leo&#8220;, wie er liebevoll genannt wurde und wird.)<\/span><\/span><\/p>\n<p align=\"JUSTIFY\"><span style=\"font-family: DejaVu Serif Condensed,serif;\"><span style=\"font-size: large;\">Die vorhandenen Maschinen waren Schrott und wurden folgerichtig verschrottet. Zu dem Gel\u00e4nde geh\u00f6rten mehrere Hallen, ein B\u00fcrogeb\u00e4ude, einige Wohnh\u00e4user und eine Halle gegen\u00fcber. <\/span><\/span><\/p>\n<p align=\"JUSTIFY\"><span style=\"font-family: DejaVu Serif Condensed,serif;\"><span style=\"font-size: large;\">(<strong>Anmerkung 2014:<\/strong> In die wurde sp\u00e4ter ein M\u00f6belhaus (Dombeck) eingebaut, dann verkauft und anschlie\u00dfend von Peter Jorzick in ein Medienhaus umgebaut, heute Sitz der Hamburger Filmf\u00f6rderungs GmbH). <\/span><\/span><span style=\"font-family: DejaVu Serif Condensed,serif;\"><span style=\"font-size: large;\">Die Firmeninhaber von Zeise hatten aus der Fabrik und Wohnungen f\u00fcr die Arbeiter viel Geld rausgezogen und kaum welches wieder hineingesteckt. So waren die Wohnh\u00e4user in einem erb\u00e4rmlichen Zustand. Nur das Verwaltungsgeb\u00e4ude war in einem passablen Zustand. Die beiden Damen vom Filmb\u00fcro e. V. Helga B\u00e4hr und Anne Kubina verliebten sich in das Anwesen und mieteten es an, um es mit den zugesagten Geldern zu einem Filmhaus umbauen zu lassen. <a href=\"http:\/\/www.medienberatungev.org\/wp-content\/uploads\/2017\/02\/zeisepropellerrohling.jpg\"><img loading=\"lazy\" decoding=\"async\" class=\"aligncenter size-large wp-image-2240\" src=\"http:\/\/www.medienberatungev.org\/wp-content\/uploads\/2017\/02\/zeisepropellerrohling-721x1024.jpg\" alt=\"zeisepropellerrohling\" width=\"640\" height=\"908\" \/><\/a>Hinter ihnen standen die ber\u00fchmten (Hark Bohm: \u201dUnsere Kameras werden nicht schweigen\u201d) und weniger ber\u00fchmten Filmemacher (Thomas Mitscherlich) mit Hamburger Wohnsitz. Doch schon bald ging der erste Besitzer des Anwesens &#8211; ein Klempnermeister &#8211; pleite, weil er beim Kauf aus der Konkursmasse von Zeise nicht auf den Zustand der H\u00e4user geachtet hatte. Die jahrelang nicht ausgef\u00fchrten Instandsetzungen frassen ihn, bzw. seine Ersparnisse auf. Zudem waren auch die Mieter gewechselt. <\/span><\/span><\/p>\n<p align=\"JUSTIFY\"><span style=\"font-family: DejaVu Serif Condensed,serif;\"><span style=\"font-size: large;\">Ein Teil der Zeise Arbeiter, die sozusagen bei Zeise Wohnung und Arbeit hatten und deswegen in ihren Forderungen gegen\u00fcber ihrem Vermieter (der gleichzeitig ihr Arbeitgeber war) zur\u00fcckhaltend gewesen waren, zogen weg und machten Platz f\u00fcr Leute, die sich keine kaputten Fenster, keine feuchten W\u00e4nde, keine Ofenheizung gefallen lassen und die wissen, wie man eine Mietminderung durchf\u00fchrt. <\/span><\/span><\/p>\n<p align=\"JUSTIFY\"><span style=\"font-family: DejaVu Serif Condensed,serif;\"><span style=\"font-size: large;\">In der H\u00e4lfte aller Wohnungen wurde nach kurzer Zeit die Miete gemindert. Das Gel\u00e4nde kam unter Zwangsverwaltung und die ins Grundbuch eingetragenen Banken brachten es zur Zwangsversteigerung. <\/span><\/span><\/p>\n<p align=\"JUSTIFY\"><span style=\"font-family: DejaVu Serif Condensed,serif;\"><span style=\"font-size: large;\">Und hier beginnt nun die eigentlich &#8211; sehr unr\u00fchmliche &#8211; Geschichte der SPD, die quasi mit dem Geld eines Bodenspekulanten die Spekulation mit einem Grundst\u00fcck verhindern wollten. Heute, r\u00fcckblickend scheint das ziemlich blau\u00e4ugig gewesen zu sein, oder naiv, oder gedankenlos. (<strong>Anmerkung 2014:<\/strong> oder alles zusammen)<br \/><\/span><\/span><\/p>\n<p align=\"JUSTIFY\"><span style=\"font-family: DejaVu Serif Condensed,serif;\"><span style=\"font-size: large;\">Aber schlie\u00dflich hatte man einen f\u00e4higen Schwaben mit der richtigen Parteizugeh\u00f6rigkeit direkt aus dem B\u00fcro des SPD B\u00fcrgermeisters (das war inzwischen ein andrer) auf den Posten des Gesch\u00e4ftsf\u00fchrers des Filmb\u00fcros e. V. gesetzt (oder wurden die gew\u00e4hlt?). <\/span><\/span><\/p>\n<p align=\"JUSTIFY\"><span style=\"font-family: DejaVu Serif Condensed,serif;\"><span style=\"font-size: large;\"><a href=\"http:\/\/www.medienberatungev.org\/wp-content\/uploads\/2017\/10\/EingangZeiseAnneKubina.jpg\"><img loading=\"lazy\" decoding=\"async\" class=\"aligncenter size-full wp-image-4086\" src=\"http:\/\/www.medienberatungev.org\/wp-content\/uploads\/2017\/10\/EingangZeiseAnneKubina.jpg\" alt=\"EingangZeiseAnneKubina\" width=\"976\" height=\"715\" srcset=\"https:\/\/www.medienberatungev.org\/wp-content\/uploads\/2017\/10\/EingangZeiseAnneKubina.jpg 976w, https:\/\/www.medienberatungev.org\/wp-content\/uploads\/2017\/10\/EingangZeiseAnneKubina-300x219.jpg 300w\" sizes=\"auto, (max-width: 709px) 85vw, (max-width: 909px) 67vw, (max-width: 1362px) 62vw, 840px\" \/><\/a>Einer mit politischem Geschick, mit dem richtigen Machtbewu\u00dftsein, der \u00fcber weite Verbindungen innerhalb der Partei verf\u00fcgte. Die Filmemacher standen wie ein Mann hinter Dieter Kosslick, nur am Rande gab es N\u00f6rgler und Kritiker. Aber deren Kritik war leicht zu entkr\u00e4ften. Sie hatten von dem inzwischen ziemlich gro\u00dfen F\u00f6rderkuchen nichts abbekommen. Der blanke Neid. <\/span><\/span><\/p>\n<p align=\"JUSTIFY\"><span style=\"font-family: DejaVu Serif Condensed,serif;\"><span style=\"font-size: large;\">Als die Versteigerung anstand, wollte Dieter Kosslick die Stadt (-regierung, den Senat), dazu bringen das Geb\u00e4ude zu ersteigern. R\u00fcckblickend mu\u00df man sagen, da\u00df das f\u00fcr alle Beteiligten die beste L\u00f6sung gewesen w\u00e4re. Der Senat wollte nicht. Wollte sich vor allem nicht festlegen. F\u00fcr den Kauf wollten sie kein Geld bereitstellen. Kulturbeh\u00f6rde, Liegenschaft und Finanzbeh\u00f6rde waren mehr f\u00fcr die politische L\u00f6sung.<\/span><\/span><\/p>\n<p align=\"JUSTIFY\"><span style=\"font-family: DejaVu Serif Condensed,serif;\"><span style=\"font-size: large;\">Die politische L\u00f6sung sah so aus, dass man sich selber und den anderen Sand in die Augen streut.<\/span><\/span><\/p>\n<p align=\"JUSTIFY\"><span style=\"font-family: DejaVu Serif Condensed,serif;\"><span style=\"font-size: large;\">Ein Privatmann sollte das Geb\u00e4ude ersteigern, daf\u00fcr, das der neue Besitzer das auch tut, was das Filmb\u00fcro will, sichert man ihm eine Ausfallb\u00fcrgschaft f\u00fcr die nicht gezahlten Mieten zu. Eine solche B\u00fcrgschaftserkl\u00e4rung einer Stadt, das ist f\u00fcr jeden wie Bargeld.<\/span><\/span><\/p>\n<p align=\"JUSTIFY\"><span style=\"font-family: DejaVu Serif Condensed,serif;\"><span style=\"font-size: large;\">Herr Mayr wurde von Dieter Kosslick gefunden. Herr Mayr bekam die B\u00fcrgschaft, er teilte Dieter Kosslick sein H\u00f6chstgebot mit und Dieter Kosslick ersteigerte im Auftrag von Herrn Mayr das gesamte Grundst\u00fcck. Ein Vertragswerk zwischen Mayr und dem Verein Filmb\u00fcro e. V. sicherte die ganze Situation ab. (So wurde es damals kolportiert)<\/span><\/span><\/p>\n<p align=\"JUSTIFY\"><span style=\"font-family: DejaVu Serif Condensed,serif;\"><span style=\"font-size: large;\">Alle jubelten. Filmb\u00fcro gerettet, Mieten langfristig stabil, das Haus wurde gr\u00fcndlich instand gesetzt. Auch die Hallen sollten irgendwann dem Film zugute kommen. Waren doch vorher auch Pl\u00e4ne \u00fcber einen Abri\u00df, eine Squaschhalle und sonst noch was in die Diskussion gebracht worden.<\/span><\/span><\/p>\n<p align=\"JUSTIFY\"><span style=\"font-family: DejaVu Serif Condensed,serif;\"><span style=\"font-size: large;\">Doch Dieter Kosslick wollte nach oben und bekam bald darauf einen Posten in NRW mit mehr Macht und mehr Geld. Ein neuer Kandidat war grade im B\u00fcrgermeister B\u00fcro frisch ausgebildet worden (B\u00fcrgermeister: Klaus von Dohnanyi \/ Torsten Teichert 1986 &#8211; 1988). Mit Dr. und richtigem Parteibuch. Dr. Torsten Teichert. Alle warens zufrieden. (Damals). <\/span><\/span><\/p>\n<p align=\"JUSTIFY\"><span style=\"font-family: DejaVu Serif Condensed,serif;\"><span style=\"font-size: large;\">Er setzte die Pl\u00e4ne seines Vorg\u00e4ngers um, die Zeisehallen wurden geboren. Gegen\u00fcber war in der Zwischenzeit das Medienhaus entstanden. Eine Gruppe um Peter Jorzick hatte es erworben und f\u00fcr ihre Zwecke umgebaut. Der gr\u00f6\u00dfere Teil wurde finanziert, wie alle Geb\u00e4ude finanziert werden: Mit pers\u00f6nlichen und Bankkrediten. Das hatte Peter Jorzick im Werkhof gelernt. <\/span><\/span><\/p>\n<p align=\"JUSTIFY\"><span style=\"font-family: DejaVu Serif Condensed,serif;\"><span style=\"font-size: large;\">Das Architektenteam aus Peter Dinse, Isabell Feest und Peter Wiesner machten aus der alten Schiffspropeller Halle ein B\u00fcro- und Wohnhaus mit erschwinglichen Mieten, die noch heute nicht \u00fcber 20,00 DM liegen (21. August 1996). Das sollte nun auch in den Zeisehallen passieren. Im Unterschied zu Peter Jorzick hatte aber die \u201dElite\u201d des Filmb\u00fcro keine Ahnung davon, wie man eine solche Immobilie plant, baut und letztlich verwaltet. (<strong>R\u00fcckblick 2014<\/strong>:\u00a0 Zur selbsternannten Elite geh\u00f6rte damals auch Torsten Teichert, dessen einzige Qualifikation in einem Parteibuch der SPD bestand). <\/span><\/span><\/p>\n<p align=\"JUSTIFY\"><span style=\"font-family: DejaVu Serif Condensed,serif;\"><span style=\"font-size: large;\">In Peter Wiesner glaubte man den richtigen Architekten gefunden zu haben. Von vermieteten Fl\u00e4chen, von Heizkosten f\u00fcr eine so gro\u00dfe Halle und von hohen Betriebskosten ahnte\u00a0 (die Elite) im Filmb\u00fcro damals niemals etwas.<\/span><\/span><\/p>\n<p align=\"JUSTIFY\"><span style=\"font-family: DejaVu Serif Condensed,serif;\"><span style=\"font-size: large;\">Auch \u00fcber die Miete m\u00fcsse man sp\u00e4ter mal reden. Und alle Mieter lie\u00dfen sich mit den gro\u00dfen Pl\u00e4nen einschl\u00e4fern. Auferstanden aus Ruinen. Vom gro\u00dfen Geld wurde allerorten getr\u00e4umt, von einer \u00f6ffentlichen Videothek der B\u00fccherhallen, von einem gro\u00dfen Kino, von preisg\u00fcnstigen Produktionsb\u00fcros f\u00fcr Film und Video, von gem\u00fctlichen Kneipen und alles setzte der Architekt Peter Wiesner, manchmal besser, manchmal schlechter, um.<\/span><\/span><\/p>\n<p align=\"JUSTIFY\"><span style=\"font-family: DejaVu Serif Condensed,serif;\"><span style=\"font-size: large;\">Auf jeden Fall war es das Stadtgespr\u00e4ch bei der Er\u00f6ffnung vor vier Jahren. Die Zeisehallen waren geboren. Zu welchem Preis wu\u00dfte damals keiner der Beteiligten. Zw\u00f6lf Angestellte und 100 Mitglieder fanden alles gut, so lange das St\u00fcck vom Kuchen f\u00fcr sie nicht kleiner wird.<\/span><\/span><\/p>\n<p align=\"JUSTIFY\"><span style=\"font-family: DejaVu Serif Condensed,serif;\"><span style=\"font-size: large;\">Jetzt sind die Nebenkosten so hoch wie anderswo die Miete. Im Dachgescho\u00df kann man im Sommer bei offenem Fenster H\u00e4hnchen grillen und zahlt f\u00fcr den qm so viel, wie andere, die aber dabei auf die Alster gucken k\u00f6nnen. Und man zahlt an Jemanden, der nicht einmal selber mit Immobilien spekuliert, sondern der seinerzeit nur Puffer des Grundbesitzers ist, der das Geld klaglos weiter reicht, an einen, der sozusagen nur Geld vermehrt und ansonsten keinen \u00c4rger hat.<\/span><\/span><\/p>\n<p align=\"JUSTIFY\"><span style=\"font-family: DejaVu Serif Condensed,serif;\"><span style=\"font-size: large;\">Da ist es nur konsequent, da\u00df dieser Mann den abgelegten Gesch\u00e4ftsf\u00fchrer in seinen Diensten weiterbezahlt. Der Mann hat gute Dienste geleistet und verspricht auch in Zukunft, da\u00df er sein Geld wert ist.<\/span><\/span><\/p>\n<p align=\"JUSTIFY\"><span style=\"font-family: DejaVu Serif Condensed,serif;\"><span style=\"font-size: large;\">Kennt er doch das Beziehungsgeflecht, auf dem diese Subventionswelt und ihre Verbindungen funktioniert aus dem FF.<\/span><\/span><\/p>\n<p align=\"JUSTIFY\"><span style=\"font-family: DejaVu Serif Condensed,serif;\"><span style=\"font-size: large;\">Obwohl noch gar nicht klar ist, ob ein Nutzerinteresse besteht, ob \u00fcberhaupt die Zeise GmbH bei st\u00e4ndig steigenden Mietpreisen f\u00fcr das Kino in die Planung des 850 Pl\u00e4tze Kinos einsteigt, kann man doch vorher schon mal der \u00d6ffentlichkeit und den eigenen Genossen ein wenig Angst einjagen, in dem man ihnen sagt, wenn das gro\u00dfe Kino nicht kommt, dann geht auch das erste Kino pleite. <\/span><\/span><\/p>\n<p align=\"JUSTIFY\"><span style=\"font-family: DejaVu Serif Condensed,serif;\"><span style=\"font-size: large;\">Ein Nutzer wird sich dann schon finden. Die Marktf\u00fchrer Flebbe und UFA stehen bereit zur \u00dcbernahme. Und wenn das Ding dann gelaufen ist, so der Prophet, dann wird auch Torsten Teichert, sorry Dr. Torsten Teichert aus Neum\u00fcnster nicht mehr gebraucht. Es sei denn Herr Mayr m\u00f6chte seinen Grundbesitz in Hamburg weiter mehren <\/span><\/span><\/p>\n<p align=\"JUSTIFY\"><span style=\"font-family: DejaVu Serif Condensed,serif;\"><span style=\"font-size: large;\"><span style=\"text-decoration: underline;\"><b>Anmerkungen 2014<\/b><\/span><span style=\"text-decoration: underline;\">:<\/span> Dr. Torsten Teichert hat das Filmb\u00fcro nach 7 Jahren vor die Wand gefahren und sitzt heute da, wo er schon immer hin wollte, in der Fuhlentwiete. Eine selbstverwaltete Filmf\u00f6rderung gibt es nicht mehr. Dieter Kosslick hat alles richtig gemacht. Ging von Hamburg nach NRW und ist heute Direktor bei der Berlinale in Berlin. Die F<\/span><\/span><span style=\"font-family: DejaVu Serif Condensed,serif;\"><span style=\"font-size: large;\">ilmemacher, die heute noch in der Friedensallee Antr\u00e4ge stellen, zeichnen sich durch ihr devotes Verhalten aus. <strong>Anmerkung 2021<\/strong>: Dieter Kosslick ist im Ruhestand.<br \/><\/span><\/span><\/p>\n<p align=\"JUSTIFY\"><span style=\"font-family: DejaVu Serif Condensed,serif;\"><span style=\"font-size: large;\">Jens Meyer 8. Juni 2014 <a href=\"http:\/\/www.medienberatungev.org\/wp-content\/uploads\/2016\/06\/By-nc-sa_color.png\"><img loading=\"lazy\" decoding=\"async\" class=\"wp-image-4213 alignleft\" src=\"http:\/\/www.medienberatungev.org\/wp-content\/uploads\/2016\/06\/By-nc-sa_color.png\" alt=\"By-nc-sa_color\" width=\"140\" height=\"95\" \/><\/a><a href=\"http:\/\/www.medienberatungev.org\/wp-content\/uploads\/2017\/10\/nilpferd_tumb.png\"><img loading=\"lazy\" decoding=\"async\" class=\"wp-image-4079 alignright\" src=\"http:\/\/www.medienberatungev.org\/wp-content\/uploads\/2017\/10\/nilpferd_tumb-1024x815.png\" alt=\"nilpferd_tumb\" width=\"129\" height=\"103\" \/><\/a><\/span><\/span><span style=\"font-family: DejaVu Serif Condensed,serif;\"><span style=\"font-size: large;\">\/ 18. Oktober 2025<\/span><\/span><\/p>\n\n<div class=\"wp-block-image\">\n<figure class=\"alignleft size-full is-resized\"><a href=\"https:\/\/www.medienberatungev.org\/wp-content\/uploads\/2014\/06\/Teichert_Torsten_Lloyd_Fonds_01.jpg\"><img loading=\"lazy\" decoding=\"async\" width=\"621\" height=\"383\" src=\"https:\/\/www.medienberatungev.org\/wp-content\/uploads\/2014\/06\/Teichert_Torsten_Lloyd_Fonds_01.jpg\" alt=\"Torsten Teichert\" class=\"wp-image-30394\" style=\"width:135px;height:auto\" srcset=\"https:\/\/www.medienberatungev.org\/wp-content\/uploads\/2014\/06\/Teichert_Torsten_Lloyd_Fonds_01.jpg 621w, https:\/\/www.medienberatungev.org\/wp-content\/uploads\/2014\/06\/Teichert_Torsten_Lloyd_Fonds_01-300x185.jpg 300w\" sizes=\"auto, (max-width: 709px) 85vw, (max-width: 909px) 67vw, (max-width: 984px) 61vw, (max-width: 1362px) 45vw, 600px\" \/><\/a><figcaption class=\"wp-element-caption\">Torster Teichert (heute ca. 2020)<\/figcaption><\/figure>\n<\/div>\n\n\n<p><\/p>\n\n\n\n<p><strong>Anmerkung 2025<\/strong>: Das ist nun alles schon lange her. Ob die GEG von Torsten Teichert noch am Start ist entzieht sich meiner Kenntnis.  Jens Meyer  10. Juli 2025.<\/p>\n","protected":false},"excerpt":{"rendered":"<p>PDFVersion12091996 PDF Wer mit dem Teufel aus einem Napf essen will \u00bbWer mit dem Teufel aus einem Topf essen will, der mu\u00df einen langen L\u00f6ffel haben\u00ab, meint David Volksmund. Jetzt hat dieser Herr wieder einmal Recht behalten. Zurzeit jagt eine Kriegserkl\u00e4rung die n\u00e4chste in dem Kampf um das lukrative Grundst\u00fcck an der Friedensallee 7 (in &hellip; <a href=\"https:\/\/www.medienberatungev.org\/?p=361\" class=\"more-link\"><span class=\"screen-reader-text\">\u201eWER MIT DEM TEUFEL AUS EINEM NAPF ESSEN WILL, BRAUCHT EINEN LANGEN L\u00d6FFEL,  von Stinki Mueller  (August 1996)\u201c<\/span> weiterlesen<\/a><\/p>\n","protected":false},"author":2,"featured_media":0,"comment_status":"open","ping_status":"open","sticky":false,"template":"","format":"standard","meta":{"footnotes":""},"categories":[6521,6547,2128,6244,6144,4019,2066,7100,1881,4149,6331,2209,2210,1587,5698,5697,4583,7139,2432,5595,8409,6275,6278,2,8230,2790,2920,6769,2150,1302,440,1216,2974,9222,2948,650,1290,1291,298,3456,2759,432,2571,1785,2584,240,2620,2069,454,9099,8,1245,1618,945,6443,10126,1651,16,2156,463,9454,1833,412,4665,2031,6503,2200,2043,2121,2655,6,1489,2825,6770,1049,10,2577,2811,3510,4934,1801,8012,7997,462,2788,5834,2699,446,1512,1612,2120,5419,1642,123,6634,1181,1832,3374,10124,438,1466,2585,2981,2703,9241,8262,1685,1868,7742,2701,2702],"tags":[459,451,461,3511,436,464,458,3596,7246,3592,7245,433,7251,7250,562,114,3590,7240,469,7242,435,3597,457,10331,466,3595,430,10127,7243,7244,3599,187,434,443,437,410,447,444,456,460,441,465,3986,231,453,118,7247,3594,7249,3598,439,448,442,3593,467,7248,455,3563,2547,3973,429,10125,10128,3591,468,7241,431,445,624],"class_list":["post-361","post","type-post","status-publish","format-standard","hentry","category-16-mm-film","category-6547","category-2128","category-6244","category-6144","category-4019","category-2066","category-7100","category-1881","category-4149","category-6331","category-2209","category-2210","category-1587","category-5698","category-5697","category-4583","category-7139","category-2432","category-5595","category-8409","category-35-mm-film","category-35-mm-projektoren","category-pro-bla","category-altona","category-arbeiter","category-arbeiterklasse","category-architekt","category-bergedorfer-eisenwerke","category-bezirk-hamburg-altona","category-blohm-voss","category-bodenspekulation","category-carl-von-ossietzky","category-desaster","category-deutsche","category-deutsche-filme","category-deutsche-werft-finkenwerder","category-deutsche-werft-reiherstieg","category-deutscher-film","category-deutsches-fernsehen","category-die-weltbuehne","category-dieter-kosslick","category-diletanttenhaufen","category-dumm-wie-schifferscheisse","category-europaeische-filmfoerderung","category-eva-hubert","category-film","category-filmbuero-hamburg","category-filmfoerderungs-gmbh-hamburg","category-filmgeschichte","category-filmkritik","category-fotoarchiv-jens-meyer","category-fotografen","category-fotos","category-geschichte-des-films","category-gesellschaft-fuer-einkaufzentren-und-gewerbeansiedlung","category-gruene","category-hamburg","category-hamburg-abendblatt","category-hamburg-altona","category-hamburg-steinwerder","category-hamburger","category-hamburger-abendblatt","category-hamburger-kinos","category-hdw","category-henning-scholz","category-henning-scholz-pressefotograf","category-howaldtswerke-hamburg","category-hsh-nordbank","category-ignaz-wrobel","category-im-kino","category-kaiser-wilhelm","category-kaspar-hauser","category-kinoarchitektur","category-kinobesitzer","category-kinogeschichte","category-kurt-tucholsky","category-luegen-ist-eine-grosse-kunst","category-max-kuchel","category-medienstadt-hamburg","category-medium","category-nutzl-oses-wissen","category-nutzloses-wissen","category-ottensen","category-parteiwirtschaft","category-peter-jorzick","category-peter-panter","category-peter-wiesner","category-rathaus-altona","category-rathaus-hamburg","category-reeder","category-sanierung-gesund-machen","category-schiffspropeller","category-spd","category-spekulant","category-spekulation","category-stadtverwaltung","category-stinky-miller","category-theodor-mayr","category-theodor-zeise","category-trockendock","category-vertriebskontor","category-vobo-kurzfilm","category-wichtigtuerei","category-zeise","category-zeise-propeller","category-zeise-propeller-fabrik","category-zeise-propellerfabrik","category-zufallsfund","category-zusammensprudelln","category-zusammensprudeln","tag-admiralitaetsstrasse","tag-ahrensburg","tag-altona","tag-altonaer-museum","tag-anne-kubina","tag-arbeiterbewegung","tag-bergiusstrasse","tag-berlinale","tag-bielefeld","tag-blohm-voss","tag-bodenspekulant","tag-buell-liedtke","tag-buergschaft","tag-buergschaftserklaerung","tag-david-volksmund","tag-deyhle","tag-dieter-kosslick","tag-dr-torsten-teichert","tag-elite","tag-filmclub-neumuenster","tag-filmfest-muenchen","tag-filmfoerderungs-gmbh-hamburg","tag-friedensallee","tag-friedensallee-7","tag-frischer-wind","tag-fuhlentwiete","tag-geg","tag-geselschaft-fuer-einkaufszentgren-und-gewerbeansiedlung","tag-gross-einkaufs-genossenschaft","tag-gross-einkaufsgenossenschaft","tag-hamburg-altona","tag-hamburger-filmbuero","tag-hans-ulrich-klose","tag-hark-bohm","tag-helga-baehr","tag-hew","tag-isabell-feest","tag-klaus-von-dohnanyi","tag-kommunales-kino","tag-kulturbehoerde","tag-leo","tag-mafia","tag-max-kuchel","tag-mayr","tag-medienhaus","tag-metropolis","tag-moebelhaus-dombeck","tag-neumuenster","tag-noergler","tag-ottensen","tag-panzerbau","tag-peter-dinse","tag-peter-jorzick","tag-peter-wiesner","tag-schikanieren","tag-schwaben","tag-selbstverwaltet","tag-spd","tag-spd-mitglieder","tag-stinky-miller","tag-teufel","tag-theodor-mayr","tag-theodor-mayr-bielefeld","tag-theodor-zeise","tag-thomas-mitscherlich","tag-thorsten-teichert","tag-torsten-teichert","tag-werkhof","tag-zeise"],"_links":{"self":[{"href":"https:\/\/www.medienberatungev.org\/index.php?rest_route=\/wp\/v2\/posts\/361","targetHints":{"allow":["GET"]}}],"collection":[{"href":"https:\/\/www.medienberatungev.org\/index.php?rest_route=\/wp\/v2\/posts"}],"about":[{"href":"https:\/\/www.medienberatungev.org\/index.php?rest_route=\/wp\/v2\/types\/post"}],"author":[{"embeddable":true,"href":"https:\/\/www.medienberatungev.org\/index.php?rest_route=\/wp\/v2\/users\/2"}],"replies":[{"embeddable":true,"href":"https:\/\/www.medienberatungev.org\/index.php?rest_route=%2Fwp%2Fv2%2Fcomments&post=361"}],"version-history":[{"count":96,"href":"https:\/\/www.medienberatungev.org\/index.php?rest_route=\/wp\/v2\/posts\/361\/revisions"}],"predecessor-version":[{"id":31134,"href":"https:\/\/www.medienberatungev.org\/index.php?rest_route=\/wp\/v2\/posts\/361\/revisions\/31134"}],"wp:attachment":[{"href":"https:\/\/www.medienberatungev.org\/index.php?rest_route=%2Fwp%2Fv2%2Fmedia&parent=361"}],"wp:term":[{"taxonomy":"category","embeddable":true,"href":"https:\/\/www.medienberatungev.org\/index.php?rest_route=%2Fwp%2Fv2%2Fcategories&post=361"},{"taxonomy":"post_tag","embeddable":true,"href":"https:\/\/www.medienberatungev.org\/index.php?rest_route=%2Fwp%2Fv2%2Ftags&post=361"}],"curies":[{"name":"wp","href":"https:\/\/api.w.org\/{rel}","templated":true}]}}