{"id":3654,"date":"2017-10-06T12:16:28","date_gmt":"2017-10-06T12:16:28","guid":{"rendered":"http:\/\/www.medienberatungev.org\/?p=3654"},"modified":"2021-02-18T20:08:34","modified_gmt":"2021-02-18T20:08:34","slug":"rabels-haus-verteidigung-1996","status":"publish","type":"post","link":"https:\/\/www.medienberatungev.org\/?p=3654","title":{"rendered":"Rabels Haus Verteidigung (1990) Die Regierung hat den Mut zur L\u00fccke"},"content":{"rendered":"<figure id=\"attachment_3655\" aria-describedby=\"caption-attachment-3655\" style=\"width: 532px\" class=\"wp-caption alignleft\"><a href=\"http:\/\/www.medienberatungev.org\/wp-content\/uploads\/2017\/10\/RabelsverteidigenScholz.jpg\"><img loading=\"lazy\" decoding=\"async\" class=\"wp-image-3655\" src=\"http:\/\/www.medienberatungev.org\/wp-content\/uploads\/2017\/10\/RabelsverteidigenScholz-1024x700.jpg\" alt=\"Laeiszstrasse  Henning Scholz \" width=\"532\" height=\"364\"><\/a><figcaption id=\"caption-attachment-3655\" class=\"wp-caption-text\">Lama R\u00e4umung Laeiszstrasse Foto Klaus Karszat 19.Februar 1990<\/figcaption><\/figure>\n<p><a href=\"http:\/\/www.medienberatungev.org\/wp-content\/uploads\/2017\/10\/IMG_5645-e1507292826764.jpg\"><img loading=\"lazy\" decoding=\"async\" class=\"alignleft wp-image-3664\" src=\"http:\/\/www.medienberatungev.org\/wp-content\/uploads\/2017\/10\/IMG_5645-e1507292826764-768x1024.jpg\" alt=\"IMG_5645\" width=\"543\" height=\"724\"><\/a><\/p>\n<p>Foto (oben) Klaus Karszat 19. Februar 1990&nbsp; Foto (unten) Jens Meyer 2.Oktober 2017<a href=\"http:\/\/www.medienberatungev.org\/wp-content\/uploads\/2017\/11\/By-nc-sa_color1.png\"><img loading=\"lazy\" decoding=\"async\" class=\"wp-image-4411 alignleft\" src=\"http:\/\/www.medienberatungev.org\/wp-content\/uploads\/2017\/11\/By-nc-sa_color1.png\" alt=\"By-nc-sa_color\" width=\"168\" height=\"113\" srcset=\"https:\/\/www.medienberatungev.org\/wp-content\/uploads\/2017\/11\/By-nc-sa_color1.png 720w, https:\/\/www.medienberatungev.org\/wp-content\/uploads\/2017\/11\/By-nc-sa_color1-300x202.png 300w\" sizes=\"auto, (max-width: 168px) 85vw, 168px\" \/><\/a><a href=\"http:\/\/www.medienberatungev.org\/wp-content\/uploads\/2017\/09\/nilpferd_tumb.png\"><img loading=\"lazy\" decoding=\"async\" class=\"wp-image-3219 alignright\" src=\"http:\/\/www.medienberatungev.org\/wp-content\/uploads\/2017\/09\/nilpferd_tumb-1024x815.png\" alt=\"nilpferd_tumb\" width=\"226\" height=\"179\" srcset=\"https:\/\/www.medienberatungev.org\/wp-content\/uploads\/2017\/09\/nilpferd_tumb-1024x815.png 1024w, https:\/\/www.medienberatungev.org\/wp-content\/uploads\/2017\/09\/nilpferd_tumb-300x238.png 300w, https:\/\/www.medienberatungev.org\/wp-content\/uploads\/2017\/09\/nilpferd_tumb.png 1042w\" sizes=\"auto, (max-width: 226px) 85vw, 226px\" \/><\/a> Ger\u00fcchte besagen, da\u00df die Firma <strong>Sterni Park<\/strong> Besitzerin dieses Grundst\u00fcckes ist. Sollte das Motto lauten: Das Haus mu\u00df wieder zur Wiese werden?<\/p>\n<p>Foto&nbsp; (unten) Klaus Karszat 19. Februar 1990<a href=\"http:\/\/www.medienberatungev.org\/wp-content\/uploads\/2017\/10\/R\u00e4umung19021990.jpg\"><img loading=\"lazy\" decoding=\"async\" class=\"alignleft wp-image-3933\" src=\"http:\/\/www.medienberatungev.org\/wp-content\/uploads\/2017\/10\/R\u00e4umung19021990-1024x678.jpg\" alt=\"R\u00e4umung19021990\" width=\"588\" height=\"388\"><\/a><a href=\"http:\/\/www.medienberatungev.org\/wp-content\/uploads\/2017\/10\/Lama19021990.jpg\"><img loading=\"lazy\" decoding=\"async\" class=\"alignleft  wp-image-3939\" src=\"http:\/\/www.medienberatungev.org\/wp-content\/uploads\/2017\/10\/Lama19021990-1024x682.jpg\" alt=\"Lama19021990\" width=\"626\" height=\"417\"><\/a><\/p>\n\n\n<div class=\"wp-block-image\"><figure class=\"alignright size-large is-resized\"><img loading=\"lazy\" decoding=\"async\" src=\"https:\/\/www.medienberatungev.org\/wp-content\/uploads\/2021\/02\/StaatsratRabels-753x1024.jpg\" alt=\"\" class=\"wp-image-14216\" width=\"163\" height=\"221\"\/><\/figure><\/div>\n\n\n\n<div class=\"wp-block-image\"><figure class=\"aligncenter size-large is-resized\"><img loading=\"lazy\" decoding=\"async\" src=\"https:\/\/www.medienberatungev.org\/wp-content\/uploads\/2021\/01\/Tieresehendichan1klein.jpg\" alt=\"\" class=\"wp-image-13767\" width=\"313\" height=\"222\" srcset=\"https:\/\/www.medienberatungev.org\/wp-content\/uploads\/2021\/01\/Tieresehendichan1klein.jpg 500w, https:\/\/www.medienberatungev.org\/wp-content\/uploads\/2021\/01\/Tieresehendichan1klein-300x212.jpg 300w\" sizes=\"auto, (max-width: 313px) 85vw, 313px\" \/><\/figure><\/div>\n\n\n\n<p><\/p>\n","protected":false},"excerpt":{"rendered":"<p>Foto (oben) Klaus Karszat 19. Februar 1990&nbsp; Foto (unten) Jens Meyer 2.Oktober 2017 Ger\u00fcchte besagen, da\u00df die Firma Sterni Park Besitzerin dieses Grundst\u00fcckes ist. Sollte das Motto lauten: Das Haus mu\u00df wieder zur Wiese werden? Foto&nbsp; (unten) Klaus Karszat 19. Februar 1990<\/p>\n","protected":false},"author":2,"featured_media":0,"comment_status":"open","ping_status":"open","sticky":false,"template":"","format":"standard","meta":{"footnotes":""},"categories":[1288,1216,1533,364,1245,945,16,1138,1041,971,1137,123,1181,1],"tags":[2036,2002,2003,2001,2034,2000,2035,2005],"class_list":["post-3654","post","type-post","status-publish","format-standard","hentry","category-bezirk-hamburg-mitte","category-bodenspekulation","category-buergerliches-gesetzbuch","category-cdu","category-fotoarchiv-jens-meyer","category-fotos","category-hamburg","category-immobilienhaie","category-olaf-scholz","category-schanzenviertel","category-schanzenviertel-hamburg","category-spd","category-spekulation","category-uncategorized","tag-19-februar-1990","tag-hausbesetzung","tag-karolinenviertel","tag-laeiszstrasse","tag-lama-hausbesetzung","tag-rabels-haus","tag-raeumung-lama","tag-sterni-park"],"_links":{"self":[{"href":"https:\/\/www.medienberatungev.org\/index.php?rest_route=\/wp\/v2\/posts\/3654","targetHints":{"allow":["GET"]}}],"collection":[{"href":"https:\/\/www.medienberatungev.org\/index.php?rest_route=\/wp\/v2\/posts"}],"about":[{"href":"https:\/\/www.medienberatungev.org\/index.php?rest_route=\/wp\/v2\/types\/post"}],"author":[{"embeddable":true,"href":"https:\/\/www.medienberatungev.org\/index.php?rest_route=\/wp\/v2\/users\/2"}],"replies":[{"embeddable":true,"href":"https:\/\/www.medienberatungev.org\/index.php?rest_route=%2Fwp%2Fv2%2Fcomments&post=3654"}],"version-history":[{"count":29,"href":"https:\/\/www.medienberatungev.org\/index.php?rest_route=\/wp\/v2\/posts\/3654\/revisions"}],"predecessor-version":[{"id":14219,"href":"https:\/\/www.medienberatungev.org\/index.php?rest_route=\/wp\/v2\/posts\/3654\/revisions\/14219"}],"wp:attachment":[{"href":"https:\/\/www.medienberatungev.org\/index.php?rest_route=%2Fwp%2Fv2%2Fmedia&parent=3654"}],"wp:term":[{"taxonomy":"category","embeddable":true,"href":"https:\/\/www.medienberatungev.org\/index.php?rest_route=%2Fwp%2Fv2%2Fcategories&post=3654"},{"taxonomy":"post_tag","embeddable":true,"href":"https:\/\/www.medienberatungev.org\/index.php?rest_route=%2Fwp%2Fv2%2Ftags&post=3654"}],"curies":[{"name":"wp","href":"https:\/\/api.w.org\/{rel}","templated":true}]}}