{"id":3839,"date":"2017-10-25T13:22:33","date_gmt":"2017-10-25T13:22:33","guid":{"rendered":"http:\/\/www.medienberatungev.org\/?p=3839"},"modified":"2020-11-20T21:18:32","modified_gmt":"2020-11-20T21:18:32","slug":"schauburg-am-millerntor-1927-foto-st-pauli-archiv","status":"publish","type":"post","link":"https:\/\/www.medienberatungev.org\/?p=3839","title":{"rendered":"Schauburg am Millerntor"},"content":{"rendered":"<p><a href=\"http:\/\/www.medienberatungev.org\/wp-content\/uploads\/2017\/10\/Schauburg-am-Millerntor-1927-Foto-St.-Pauli-Archiv.jpg\"><img loading=\"lazy\" decoding=\"async\" class=\"alignleft size-large wp-image-3836\" src=\"http:\/\/www.medienberatungev.org\/wp-content\/uploads\/2017\/10\/Schauburg-am-Millerntor-1927-Foto-St.-Pauli-Archiv-1024x693.jpg\" alt=\"Schauburg-am-Millerntor-1927-Foto-St.-Pauli-Archiv\" width=\"640\" height=\"433\" srcset=\"https:\/\/www.medienberatungev.org\/wp-content\/uploads\/2017\/10\/Schauburg-am-Millerntor-1927-Foto-St.-Pauli-Archiv-1024x693.jpg 1024w, https:\/\/www.medienberatungev.org\/wp-content\/uploads\/2017\/10\/Schauburg-am-Millerntor-1927-Foto-St.-Pauli-Archiv-300x203.jpg 300w, https:\/\/www.medienberatungev.org\/wp-content\/uploads\/2017\/10\/Schauburg-am-Millerntor-1927-Foto-St.-Pauli-Archiv.jpg 1974w\" sizes=\"auto, (max-width: 709px) 85vw, (max-width: 909px) 67vw, (max-width: 984px) 61vw, (max-width: 1362px) 45vw, 600px\" \/><\/a>Das Kino Schauburg am Millerntor. Er\u00f6ffnung am 24. Februar 1927. Das Foto kommt vom St. Pauli Archiv. M\u00f6glicherweise ist das Foto 1929 entstanden. Wenn mich meine Lupe nicht t\u00e4uscht, dann ist als Film der Film &#8222;M\u00f6blierte Zimmer&nbsp; &#8211; der sturmfreie Junggeselle&#8220; mit Hans Albers angek\u00fcndigt. Der Start dieses Filmes war laut Filmportal.de am 27. M\u00e4rz 1929. Architekt der beiden H\u00e4user (Kino und Bierhaus Nagler) war Carl Winand. Das Kino hatte 1932 1.632 Sitzpl\u00e4tze. <a href=\"http:\/\/www.medienberatungev.org\/wp-content\/uploads\/2018\/02\/SchauburgMillerntorgro\u00df.jpg\"><img loading=\"lazy\" decoding=\"async\" class=\"aligncenter size-large wp-image-5545\" src=\"http:\/\/www.medienberatungev.org\/wp-content\/uploads\/2018\/02\/SchauburgMillerntorgro\u00df-1024x664.jpg\" alt=\"SchauburgMillerntorgro\u00df\" width=\"640\" height=\"415\"><\/a>Schauburg Millerntor. Innenraum. Repro von Reinhold S\u00f6gtrop. Datum der Aufnahme ist uns nicht bekannt. Vermutlich Anfang 1930.<\/p>\n<p>Die Anzahl der Sitzpl\u00e4tze wurde einem Bericht entnommen, den die UFA Revisionsabteilung Berlin zwecks \u00dcbernahme dieses Kinos gefertigt hat (datiert auf den 5. Februar 1932). Das Bierhaus Nagler mit 500 Sitzpl\u00e4tzen (links daneben) wurde ebenfalls von Carl Winand entworfen. Eigent\u00fcmer der Geb\u00e4ude war der &gt;Henschel Film- und Theaterkonzern&lt; wie er sich nannte. Eine OHG der Herren Hermann Urich Sass und seines Teilhabers Hugo Streit.&nbsp; Das Grundst\u00fcck geh\u00f6rte weiterhin der Stadt Hamburg (Dom\u00e4ne). 1933 drohte die Arisierung, sprich Enteignung. Hermann Urich Sass hat sich am 27. Januar 1933 das Leben genommen und wurde am 30. Januar 1933 auf dem j\u00fcdischen Friedhof in Hamburg Ohlsdorf beigesetzt. Am 4. Mai 1942 wurde es von englischen Bombern bombardiert. Der Innenraum brannte aus.<\/p>\n<p><strong>Jetzt erinnern zwei Stolpersteine an die Arbeit von Hermann Urich Sass.<\/strong> &nbsp;&nbsp;&nbsp;&nbsp;&nbsp;&nbsp;&nbsp;&nbsp;&nbsp;&nbsp;&nbsp;&nbsp;&nbsp;&nbsp;&nbsp;&nbsp;&nbsp;&nbsp;&nbsp;&nbsp;&nbsp;&nbsp;&nbsp;&nbsp;&nbsp;&nbsp;&nbsp;&nbsp;&nbsp;&nbsp;&nbsp;&nbsp;&nbsp;&nbsp;&nbsp;&nbsp;&nbsp;&nbsp;&nbsp;&nbsp;&nbsp;&nbsp;&nbsp;&nbsp;&nbsp;&nbsp;&nbsp;&nbsp;&nbsp;&nbsp;&nbsp;&nbsp;&nbsp;&nbsp;&nbsp;&nbsp;&nbsp;&nbsp;&nbsp;&nbsp;&nbsp;&nbsp;&nbsp;&nbsp;&nbsp;&nbsp;&nbsp;&nbsp;&nbsp;&nbsp;&nbsp;&nbsp;&nbsp;&nbsp;&nbsp;&nbsp;&nbsp;&nbsp;&nbsp;&nbsp;&nbsp;&nbsp;&nbsp;&nbsp;&nbsp;&nbsp;&nbsp;&nbsp;&nbsp;&nbsp;&nbsp;&nbsp;&nbsp;&nbsp;&nbsp;&nbsp;&nbsp;&nbsp;&nbsp;&nbsp;&nbsp;&nbsp;&nbsp;&nbsp;&nbsp;&nbsp;&nbsp;&nbsp;&nbsp;&nbsp;&nbsp;&nbsp;&nbsp;&nbsp;&nbsp;&nbsp;&nbsp;&nbsp;&nbsp;&nbsp;&nbsp;&nbsp;&nbsp;&nbsp;&nbsp;&nbsp;&nbsp;&nbsp;&nbsp;&nbsp;&nbsp;&nbsp;&nbsp;&nbsp;&nbsp;&nbsp;&nbsp;&nbsp;&nbsp;&nbsp;&nbsp;&nbsp;&nbsp;&nbsp;&nbsp;&nbsp;&nbsp;&nbsp;&nbsp;&nbsp;&nbsp;&nbsp; Foto Stolpersteine Jens Meyer<a href=\"http:\/\/www.medienberatungev.org\/wp-content\/uploads\/2017\/09\/nilpferd_tumb.png\"><img loading=\"lazy\" decoding=\"async\" class=\"wp-image-3219 alignright\" src=\"http:\/\/www.medienberatungev.org\/wp-content\/uploads\/2017\/09\/nilpferd_tumb-1024x815.png\" alt=\"nilpferd_tumb\" width=\"115\" height=\"92\" srcset=\"https:\/\/www.medienberatungev.org\/wp-content\/uploads\/2017\/09\/nilpferd_tumb-1024x815.png 1024w, https:\/\/www.medienberatungev.org\/wp-content\/uploads\/2017\/09\/nilpferd_tumb-300x238.png 300w, https:\/\/www.medienberatungev.org\/wp-content\/uploads\/2017\/09\/nilpferd_tumb.png 1042w\" sizes=\"auto, (max-width: 115px) 85vw, 115px\" \/><\/a><a href=\"http:\/\/www.medienberatungev.org\/wp-content\/uploads\/2017\/11\/By-nc-sa_color1.png\"><img loading=\"lazy\" decoding=\"async\" class=\"wp-image-4411 alignleft\" src=\"http:\/\/www.medienberatungev.org\/wp-content\/uploads\/2017\/11\/By-nc-sa_color1.png\" alt=\"By-nc-sa_color\" width=\"126\" height=\"85\" srcset=\"https:\/\/www.medienberatungev.org\/wp-content\/uploads\/2017\/11\/By-nc-sa_color1.png 720w, https:\/\/www.medienberatungev.org\/wp-content\/uploads\/2017\/11\/By-nc-sa_color1-300x202.png 300w\" sizes=\"auto, (max-width: 126px) 85vw, 126px\" \/><\/a><a href=\"http:\/\/www.medienberatungev.org\/wp-content\/uploads\/2017\/10\/IMG_5791StolpersteineUrich.jpg\"><img loading=\"lazy\" decoding=\"async\" class=\"alignleft size-large wp-image-3816\" src=\"http:\/\/www.medienberatungev.org\/wp-content\/uploads\/2017\/10\/IMG_5791StolpersteineUrich-1024x768.jpg\" alt=\"IMG_5791StolpersteineUrich\" width=\"640\" height=\"480\"><\/a><a href=\"http:\/\/www.medienberatungev.org\/wp-content\/uploads\/2017\/09\/Zuschauerraum4.5.1942.jpg\"><img loading=\"lazy\" decoding=\"async\" class=\"alignleft size-full wp-image-3493\" src=\"http:\/\/www.medienberatungev.org\/wp-content\/uploads\/2017\/09\/Zuschauerraum4.5.1942.jpg\" alt=\"Zuschauerraum4.5.1942\" width=\"989\" height=\"701\"><\/a><a href=\"http:\/\/www.medienberatungev.org\/wp-content\/uploads\/2017\/09\/BritischeBRandbombe.jpg\"><img loading=\"lazy\" decoding=\"async\" class=\"alignleft size-full wp-image-3492\" src=\"http:\/\/www.medienberatungev.org\/wp-content\/uploads\/2017\/09\/BritischeBRandbombe.jpg\" alt=\"BritischeBRandbombe\" width=\"711\" height=\"325\"><\/a><\/p>\n<p>&nbsp;<\/p>\n<p>Foto Tanzende T\u00fcrme Jan Johannsen<\/p>\n<p><a href=\"http:\/\/www.medienberatungev.org\/wp-content\/uploads\/2017\/10\/IMG_2723Stolperstein.jpg\"><img loading=\"lazy\" decoding=\"async\" class=\"size-large wp-image-3870\" src=\"http:\/\/www.medienberatungev.org\/wp-content\/uploads\/2017\/10\/IMG_2723Stolperstein-1024x682.jpg\" alt=\"Stolpersteine vor den Tanzenden T\u00fcrmen Reeperbahn 1 Foto Jan Johannsen 24. Oktober 2017\" width=\"640\" height=\"426\" srcset=\"https:\/\/www.medienberatungev.org\/wp-content\/uploads\/2017\/10\/IMG_2723Stolperstein-1024x682.jpg 1024w, https:\/\/www.medienberatungev.org\/wp-content\/uploads\/2017\/10\/IMG_2723Stolperstein-300x200.jpg 300w\" sizes=\"auto, (max-width: 709px) 85vw, (max-width: 909px) 67vw, (max-width: 984px) 61vw, (max-width: 1362px) 45vw, 600px\" \/><\/a><\/p>\n\n\n<div class=\"wp-block-file\"><a href=\"https:\/\/www.medienberatungev.org\/wp-content\/uploads\/2020\/05\/unsereFirmaisteinarischesUnternehmen.pdf\">unsereFirmaisteinarischesUnternehmen<\/a><a href=\"https:\/\/www.medienberatungev.org\/wp-content\/uploads\/2020\/05\/unsereFirmaisteinarischesUnternehmen.pdf\" class=\"wp-block-file__button\" download>Herunterladen<\/a><\/div>\n","protected":false},"excerpt":{"rendered":"<p>Das Kino Schauburg am Millerntor. Er\u00f6ffnung am 24. Februar 1927. Das Foto kommt vom St. Pauli Archiv. M\u00f6glicherweise ist das Foto 1929 entstanden. Wenn mich meine Lupe nicht t\u00e4uscht, dann ist als Film der Film &#8222;M\u00f6blierte Zimmer&nbsp; &#8211; der sturmfreie Junggeselle&#8220; mit Hans Albers angek\u00fcndigt. Der Start dieses Filmes war laut Filmportal.de am 27. M\u00e4rz &hellip; <a href=\"https:\/\/www.medienberatungev.org\/?p=3839\" class=\"more-link\"><span class=\"screen-reader-text\">\u201eSchauburg am Millerntor\u201c<\/span> weiterlesen<\/a><\/p>\n","protected":false},"author":2,"featured_media":0,"comment_status":"open","ping_status":"open","sticky":false,"template":"","format":"standard","meta":{"footnotes":""},"categories":[2008,1607,1302,1245,945,463,1049,10,826,49,473,1],"tags":[2445,2446,2025,6302,3547,3548,41,6303],"class_list":["post-3839","post","type-post","status-publish","format-standard","hentry","category-2008","category-1607","category-bezirk-hamburg-altona","category-fotoarchiv-jens-meyer","category-fotos","category-hamburg-altona","category-kinobesitzer","category-kinogeschichte","category-licht-bild-buehne","category-lichtbildbuehne","category-reeperbahn","category-uncategorized","tag-24-februar-1927","tag-4-mai-1942","tag-carl-winand","tag-fritz-kuhnert","tag-hermann-urich-sass","tag-hugo-streit","tag-ufa","tag-ufa-revisionsabteilung"],"_links":{"self":[{"href":"https:\/\/www.medienberatungev.org\/index.php?rest_route=\/wp\/v2\/posts\/3839","targetHints":{"allow":["GET"]}}],"collection":[{"href":"https:\/\/www.medienberatungev.org\/index.php?rest_route=\/wp\/v2\/posts"}],"about":[{"href":"https:\/\/www.medienberatungev.org\/index.php?rest_route=\/wp\/v2\/types\/post"}],"author":[{"embeddable":true,"href":"https:\/\/www.medienberatungev.org\/index.php?rest_route=\/wp\/v2\/users\/2"}],"replies":[{"embeddable":true,"href":"https:\/\/www.medienberatungev.org\/index.php?rest_route=%2Fwp%2Fv2%2Fcomments&post=3839"}],"version-history":[{"count":27,"href":"https:\/\/www.medienberatungev.org\/index.php?rest_route=\/wp\/v2\/posts\/3839\/revisions"}],"predecessor-version":[{"id":28420,"href":"https:\/\/www.medienberatungev.org\/index.php?rest_route=\/wp\/v2\/posts\/3839\/revisions\/28420"}],"wp:attachment":[{"href":"https:\/\/www.medienberatungev.org\/index.php?rest_route=%2Fwp%2Fv2%2Fmedia&parent=3839"}],"wp:term":[{"taxonomy":"category","embeddable":true,"href":"https:\/\/www.medienberatungev.org\/index.php?rest_route=%2Fwp%2Fv2%2Fcategories&post=3839"},{"taxonomy":"post_tag","embeddable":true,"href":"https:\/\/www.medienberatungev.org\/index.php?rest_route=%2Fwp%2Fv2%2Ftags&post=3839"}],"curies":[{"name":"wp","href":"https:\/\/api.w.org\/{rel}","templated":true}]}}