{"id":3873,"date":"2017-10-26T16:18:18","date_gmt":"2017-10-26T16:18:18","guid":{"rendered":"http:\/\/www.medienberatungev.org\/?p=3873"},"modified":"2023-08-25T09:52:46","modified_gmt":"2023-08-25T09:52:46","slug":"stolpersteine-fuer-die-reeperbahn","status":"publish","type":"post","link":"https:\/\/www.medienberatungev.org\/?p=3873","title":{"rendered":"Stolpersteine f\u00fcr die Reeperbahn Nummer 1"},"content":{"rendered":"<p><a href=\"http:\/\/www.medienberatungev.org\/wp-content\/uploads\/2017\/10\/IMG_2702Stolperstein.jpg\"><img loading=\"lazy\" decoding=\"async\" class=\"wp-image-3875 aligncenter\" src=\"http:\/\/www.medienberatungev.org\/wp-content\/uploads\/2017\/10\/IMG_2702Stolperstein-1024x682.jpg\" alt=\"IMG_2702Stolperstein\" width=\"646\" height=\"429\" srcset=\"https:\/\/www.medienberatungev.org\/wp-content\/uploads\/2017\/10\/IMG_2702Stolperstein-1024x682.jpg 1024w, https:\/\/www.medienberatungev.org\/wp-content\/uploads\/2017\/10\/IMG_2702Stolperstein-300x200.jpg 300w\" sizes=\"auto, (max-width: 709px) 85vw, (max-width: 909px) 67vw, (max-width: 984px) 61vw, (max-width: 1362px) 45vw, 600px\" \/><\/a><a href=\"http:\/\/www.medienberatungev.org\/wp-content\/uploads\/2017\/10\/IMG_2709Stolperstein.jpg\"><img loading=\"lazy\" decoding=\"async\" class=\"wp-image-3876 aligncenter\" src=\"http:\/\/www.medienberatungev.org\/wp-content\/uploads\/2017\/10\/IMG_2709Stolperstein-1024x682.jpg\" alt=\"IMG_2709Stolperstein\" width=\"648\" height=\"430\" \/><\/a><a href=\"http:\/\/www.medienberatungev.org\/wp-content\/uploads\/2017\/10\/IMG_2712Stoperstein.jpg\"><img loading=\"lazy\" decoding=\"async\" class=\"wp-image-3878 aligncenter\" src=\"http:\/\/www.medienberatungev.org\/wp-content\/uploads\/2017\/10\/IMG_2712Stoperstein-1024x682.jpg\" alt=\"IMG_2712Stoperstein\" width=\"650\" height=\"432\" srcset=\"https:\/\/www.medienberatungev.org\/wp-content\/uploads\/2017\/10\/IMG_2712Stoperstein-1024x682.jpg 1024w, https:\/\/www.medienberatungev.org\/wp-content\/uploads\/2017\/10\/IMG_2712Stoperstein-300x200.jpg 300w\" sizes=\"auto, (max-width: 709px) 85vw, (max-width: 909px) 67vw, (max-width: 984px) 61vw, (max-width: 1362px) 45vw, 600px\" \/><\/a><a href=\"http:\/\/www.medienberatungev.org\/wp-content\/uploads\/2017\/09\/nilfpferdklein.jpg\"><img loading=\"lazy\" decoding=\"async\" class=\"wp-image-3218 alignright\" src=\"http:\/\/www.medienberatungev.org\/wp-content\/uploads\/2017\/09\/nilfpferdklein.jpg\" alt=\"nilfpferdklein\" width=\"208\" height=\"126\" srcset=\"https:\/\/www.medienberatungev.org\/wp-content\/uploads\/2017\/09\/nilfpferdklein.jpg 935w, https:\/\/www.medienberatungev.org\/wp-content\/uploads\/2017\/09\/nilfpferdklein-300x180.jpg 300w\" sizes=\"auto, (max-width: 208px) 85vw, 208px\" \/><\/a><a href=\"http:\/\/www.medienberatungev.org\/wp-content\/uploads\/2017\/11\/By-nc-sa_color1.png\"><img loading=\"lazy\" decoding=\"async\" class=\"wp-image-4411 alignleft\" src=\"http:\/\/www.medienberatungev.org\/wp-content\/uploads\/2017\/11\/By-nc-sa_color1.png\" alt=\"By-nc-sa_color\" width=\"166\" height=\"112\" srcset=\"https:\/\/www.medienberatungev.org\/wp-content\/uploads\/2017\/11\/By-nc-sa_color1.png 720w, https:\/\/www.medienberatungev.org\/wp-content\/uploads\/2017\/11\/By-nc-sa_color1-300x202.png 300w\" sizes=\"auto, (max-width: 166px) 85vw, 166px\" \/><\/a>Fotos Jan Johannsen Jens Meyer + Miguel Manzanilla Urich Sass<a href=\"http:\/\/www.medienberatungev.org\/wp-content\/uploads\/2017\/10\/IMG_2723Stolperstein.jpg\"><img loading=\"lazy\" decoding=\"async\" class=\" wp-image-3870\" src=\"http:\/\/www.medienberatungev.org\/wp-content\/uploads\/2017\/10\/IMG_2723Stolperstein-1024x682.jpg\" alt=\"Stolpersteine vor den Tanzenden T\u00fcrmen Reeperbahn 1 Foto Jan Johannsen 24. Oktober 2017\" width=\"657\" height=\"437\" srcset=\"https:\/\/www.medienberatungev.org\/wp-content\/uploads\/2017\/10\/IMG_2723Stolperstein-1024x682.jpg 1024w, https:\/\/www.medienberatungev.org\/wp-content\/uploads\/2017\/10\/IMG_2723Stolperstein-300x200.jpg 300w\" sizes=\"auto, (max-width: 709px) 85vw, (max-width: 909px) 67vw, (max-width: 984px) 61vw, (max-width: 1362px) 45vw, 600px\" \/><\/a><a href=\"http:\/\/www.medienberatungev.org\/?attachment_id=7996\" rel=\"attachment wp-att-7996\"><img loading=\"lazy\" decoding=\"async\" class=\"wp-image-7996 alignleft\" src=\"http:\/\/www.medienberatungev.org\/wp-content\/uploads\/2018\/10\/Tieresehendichan1klein.jpg\" alt=\"\" width=\"153\" height=\"108\" \/><\/a><a href=\"http:\/\/www.medienberatungev.org\/?attachment_id=8127\" rel=\"attachment wp-att-8127\"><img loading=\"lazy\" decoding=\"async\" class=\"aligncenter size-large wp-image-8127\" src=\"http:\/\/www.medienberatungev.org\/wp-content\/uploads\/2017\/10\/GrabsteinHermannUrichSassklein-697x1024.jpg\" alt=\"\" width=\"640\" height=\"940\" srcset=\"https:\/\/www.medienberatungev.org\/wp-content\/uploads\/2017\/10\/GrabsteinHermannUrichSassklein-697x1024.jpg 697w, https:\/\/www.medienberatungev.org\/wp-content\/uploads\/2017\/10\/GrabsteinHermannUrichSassklein-204x300.jpg 204w, https:\/\/www.medienberatungev.org\/wp-content\/uploads\/2017\/10\/GrabsteinHermannUrichSassklein-768x1129.jpg 768w, https:\/\/www.medienberatungev.org\/wp-content\/uploads\/2017\/10\/GrabsteinHermannUrichSassklein.jpg 1189w\" sizes=\"auto, (max-width: 709px) 85vw, (max-width: 909px) 67vw, (max-width: 984px) 61vw, (max-width: 1362px) 45vw, 600px\" \/><\/a><a href=\"http:\/\/www.medienberatungev.org\/?attachment_id=8079\" rel=\"attachment wp-att-8079\"><img loading=\"lazy\" decoding=\"async\" class=\"aligncenter size-large wp-image-8079\" src=\"http:\/\/www.medienberatungev.org\/wp-content\/uploads\/2018\/10\/DavidUrichSassklein-681x1024.jpg\" alt=\"\" width=\"640\" height=\"962\" \/><\/a><a href=\"http:\/\/www.medienberatungev.org\/?attachment_id=7682\" rel=\"attachment wp-att-7682\"><img loading=\"lazy\" decoding=\"async\" class=\"wp-image-7682 alignright\" src=\"http:\/\/www.medienberatungev.org\/wp-content\/uploads\/2018\/08\/By-nc-sa_color.png\" alt=\"\" width=\"115\" height=\"78\" srcset=\"https:\/\/www.medienberatungev.org\/wp-content\/uploads\/2018\/08\/By-nc-sa_color.png 720w, https:\/\/www.medienberatungev.org\/wp-content\/uploads\/2018\/08\/By-nc-sa_color-300x203.png 300w\" sizes=\"auto, (max-width: 115px) 85vw, 115px\" \/><\/a><a href=\"http:\/\/www.medienberatungev.org\/?attachment_id=7994\" rel=\"attachment wp-att-7994\"><img loading=\"lazy\" decoding=\"async\" class=\"wp-image-7994 alignleft\" src=\"http:\/\/www.medienberatungev.org\/wp-content\/uploads\/2018\/10\/Tieresehendichan3klein.jpg\" alt=\"\" width=\"176\" height=\"134\" \/><\/a>Fotos Grabsteine Jens Meyer<\/p>\n<p>\u00a0<\/p>\n<p><span style=\"font-size: large;\"><b><span style=\"font-family: Ubuntu;\">Nachtrag: <\/span><span style=\"font-family: Ubuntu;\">David Urich Sass und Anita Urich Sass<\/span><\/b><\/span><\/p>\n<p><span style=\"font-size: large;\"><span style=\"font-family: Ubuntu;\">Peter Offenborn hat es <\/span><span style=\"font-family: Ubuntu;\">herausgefunden (nach der Kultussteuerkartei der J\u00fcdischen Gemeinde)<\/span><span style=\"font-family: Ubuntu;\">.<\/span><b> <\/b><\/span><span style=\"font-size: large;\"><span style=\"font-family: Ubuntu;\">Der Vater von Hermann Urich Sass war <\/span><b><span style=\"font-family: Ubuntu;\">David Urich Sass<\/span><\/b><span style=\"font-family: Ubuntu;\">, geb. <\/span><span style=\"font-family: Ubuntu;\">am 05. Mai 1861 in Lemberg (Galizien), das damals zu \u00d6sterreich geh\u00f6rte. Gestorben ist er am 24. Januar 1922 in Hamburg (Beerdigt auf dem J\u00fcdischen Friedhof in Hamburg Ohlsdorf). <\/span><span style=\"font-family: Ubuntu;\">David Urich Sass war von Beruf Kaufmann. Sein Sohn Hermann Urich war zeitweise<\/span><span style=\"font-family: Ubuntu;\"> angestellt bei der Firma Max Blancke &amp; Co . Film- Import\/Export, Eimsb\u00fctteler Chaussee 112, sp\u00e4ter Dammthorstrasse 27). Sp\u00e4ter war er Inhaber dieser Firma. Die Familie wohnte zuletzt in der Schl\u00fcterstrasse 1. <\/span><span style=\"font-family: Ubuntu;\">Sp\u00e4ter \u2013 nach der Emigration der Kinder \u2013 wohnte Hedwig in der Grindelallee 23 b. Neumark. <\/span><\/span><span style=\"font-size: large;\"><span style=\"font-family: Ubuntu;\">Seine Mutter war <\/span><b><span style=\"font-family: Ubuntu;\">Anita Urich Sass<\/span><\/b><span style=\"font-family: Ubuntu;\"> (auch Annita Urich Sass), geb. Italiener, geb. am 17. Juli 1863 in Hamburg. <\/span><span style=\"font-family: Ubuntu;\">Anita Urich Sass wurde am 15. Juli 1942 nach Theresienstadt deportiert und am 18.12. 1942 dort ermordet.<\/span><\/span><\/p>\n\n\n<p><strong>Aktuell: Heute am Sonnabend d. 24. Oktober 2020<\/strong> zwischen 14.00 &#8211; 14.30 findet die Verlegung des Stolpersteines f\u00fcr die Mutter von Hermann Urich Sass, Annita Urich Sass, Reeperbahn Nr. 1 statt. Der letzte Wohnort von Annita Urich Sass war in der Schlachterstrasse in Hamburg. Die Schlachterstrasse gibt es nicht mehr. Sie war bis 1946 in Hamburg beim Grossneumarkt. Das ist ganz in der N\u00e4he von der Reeperbahn Nr. 1. (Dem damaligen Standort des Kinos &#8222;Schauburg&#8220;)<\/p>\n\n\n\n<figure class=\"wp-block-image size-full\"><a href=\"https:\/\/www.medienberatungev.org\/wp-content\/uploads\/2023\/08\/Stolpersteine-Urich-Reeperbahn1dieNachfahren.jpg\"><img loading=\"lazy\" decoding=\"async\" width=\"500\" height=\"667\" src=\"https:\/\/www.medienberatungev.org\/wp-content\/uploads\/2023\/08\/Stolpersteine-Urich-Reeperbahn1dieNachfahren.jpg\" alt=\"\" class=\"wp-image-23733\" srcset=\"https:\/\/www.medienberatungev.org\/wp-content\/uploads\/2023\/08\/Stolpersteine-Urich-Reeperbahn1dieNachfahren.jpg 500w, https:\/\/www.medienberatungev.org\/wp-content\/uploads\/2023\/08\/Stolpersteine-Urich-Reeperbahn1dieNachfahren-225x300.jpg 225w\" sizes=\"auto, (max-width: 500px) 85vw, 500px\" \/><\/a><figcaption>Stolpersteine Urich Sass   Besuch aus Berlin und Mexiko im August 2023<\/figcaption><\/figure>\n","protected":false},"excerpt":{"rendered":"<p>Fotos Jan Johannsen Jens Meyer + Miguel Manzanilla Urich SassFotos Grabsteine Jens Meyer \u00a0 Nachtrag: David Urich Sass und Anita Urich Sass Peter Offenborn hat es herausgefunden (nach der Kultussteuerkartei der J\u00fcdischen Gemeinde). Der Vater von Hermann Urich Sass war David Urich Sass, geb. am 05. Mai 1861 in Lemberg (Galizien), das damals zu \u00d6sterreich &hellip; <a href=\"https:\/\/www.medienberatungev.org\/?p=3873\" class=\"more-link\"><span class=\"screen-reader-text\">\u201eStolpersteine f\u00fcr die Reeperbahn Nummer 1\u201c<\/span> weiterlesen<\/a><\/p>\n","protected":false},"author":2,"featured_media":0,"comment_status":"open","ping_status":"open","sticky":false,"template":"","format":"standard","meta":{"footnotes":""},"categories":[4367,2521,2008,69,1302,1288,14,945,1726,463,37,12,327,1536,1049,10,826,473,1475,73,1,1725],"tags":[4359,4368,2027,2025,4309,2017,3547,3548,4369,976,50,1939],"class_list":["post-3873","post","type-post","status-publish","format-standard","hentry","category-4367","category-2521","category-2008","category-arisierung","category-bezirk-hamburg-altona","category-bezirk-hamburg-mitte","category-enteignung","category-fotos","category-genannt-sass","category-hamburg-altona","category-hugo-streit","category-jeremias-henschel","category-juedischer-friedhof","category-juedischer-friedhof-hamburg-ohlsdorf","category-kinobesitzer","category-kinogeschichte","category-licht-bild-buehne","category-reeperbahn","category-st-pauli","category-thalia-kino","category-uncategorized","category-urich","tag-anita-urich-sass","tag-annita-urich-sass","tag-bierhaus-nagler","tag-carl-winand","tag-david-urich-sass","tag-henschel-film-theaterkonzern","tag-hermann-urich-sass","tag-hugo-streit","tag-italiener","tag-jan-johannsen","tag-schauburg-millerntor","tag-tanzende-tuerme"],"_links":{"self":[{"href":"https:\/\/www.medienberatungev.org\/index.php?rest_route=\/wp\/v2\/posts\/3873","targetHints":{"allow":["GET"]}}],"collection":[{"href":"https:\/\/www.medienberatungev.org\/index.php?rest_route=\/wp\/v2\/posts"}],"about":[{"href":"https:\/\/www.medienberatungev.org\/index.php?rest_route=\/wp\/v2\/types\/post"}],"author":[{"embeddable":true,"href":"https:\/\/www.medienberatungev.org\/index.php?rest_route=\/wp\/v2\/users\/2"}],"replies":[{"embeddable":true,"href":"https:\/\/www.medienberatungev.org\/index.php?rest_route=%2Fwp%2Fv2%2Fcomments&post=3873"}],"version-history":[{"count":29,"href":"https:\/\/www.medienberatungev.org\/index.php?rest_route=\/wp\/v2\/posts\/3873\/revisions"}],"predecessor-version":[{"id":23736,"href":"https:\/\/www.medienberatungev.org\/index.php?rest_route=\/wp\/v2\/posts\/3873\/revisions\/23736"}],"wp:attachment":[{"href":"https:\/\/www.medienberatungev.org\/index.php?rest_route=%2Fwp%2Fv2%2Fmedia&parent=3873"}],"wp:term":[{"taxonomy":"category","embeddable":true,"href":"https:\/\/www.medienberatungev.org\/index.php?rest_route=%2Fwp%2Fv2%2Fcategories&post=3873"},{"taxonomy":"post_tag","embeddable":true,"href":"https:\/\/www.medienberatungev.org\/index.php?rest_route=%2Fwp%2Fv2%2Ftags&post=3873"}],"curies":[{"name":"wp","href":"https:\/\/api.w.org\/{rel}","templated":true}]}}