{"id":3917,"date":"2017-10-27T11:10:43","date_gmt":"2017-10-27T11:10:43","guid":{"rendered":"http:\/\/www.medienberatungev.org\/?p=3917"},"modified":"2025-03-23T09:07:24","modified_gmt":"2025-03-23T09:07:24","slug":"sanierung-heisst-gesundmachen","status":"publish","type":"post","link":"https:\/\/www.medienberatungev.org\/?p=3917","title":{"rendered":"Sanierung heisst Gesundmachen: Rainer Graff"},"content":{"rendered":"\n<h2 class=\"wp-block-heading\"><strong>Nachruf Rainer Graff geb. 1941<\/strong><\/h2>\n\n\n<p><a href=\"https:\/\/www.medienberatungev.org\/wp-content\/uploads\/2017\/10\/PDF-Rainer_Graff_Nachruf.pdf\">PDF Rainer_Graff_Nachruf<\/a><\/p>\n\n\n<figure class=\"wp-block-image is-resized\"><img loading=\"lazy\" decoding=\"async\" width=\"48\" height=\"48\" src=\"https:\/\/www.medienberatungev.org\/wp-content\/uploads\/2019\/11\/rainer-graff-foto.48x48.jpg\" alt=\"\" class=\"wp-image-10259\" style=\"width:52px;height:52px\"\/><\/figure>\n\n\n<p><a href=\"http:\/\/www.medienberatungev.org\/wp-content\/uploads\/2017\/10\/Waldermarstrasse1975.jpg\"><img loading=\"lazy\" decoding=\"async\" class=\"alignleft size-full wp-image-3916\" src=\"http:\/\/www.medienberatungev.org\/wp-content\/uploads\/2017\/10\/Waldermarstrasse1975.jpg\" alt=\"Waldermarstrasse1975\" width=\"711\" height=\"483\" srcset=\"https:\/\/www.medienberatungev.org\/wp-content\/uploads\/2017\/10\/Waldermarstrasse1975.jpg 711w, https:\/\/www.medienberatungev.org\/wp-content\/uploads\/2017\/10\/Waldermarstrasse1975-300x203.jpg 300w\" sizes=\"auto, (max-width: 709px) 85vw, (max-width: 909px) 67vw, (max-width: 984px) 61vw, (max-width: 1362px) 45vw, 600px\" \/><\/a><\/p>\n<p align=\"justify\"><span style=\"font-family: Ubuntu;\">&#8222;Als Gymnasiast gilt Rainer als introvertierter Tr\u00e4umer, der es im Leben schwer haben wird. 15 Jahre sp\u00e4ter schl\u00e4gt er als freiberuflicher Architekt und Stadtplaner in SO 36, Kreuzberg, auf, im Schatten der Mauer, abgeschrieben, sich selbst \u00fcberlassen. Viele Probleme, viel Fluktuation. Marode Altbauquartiere aus der Gr\u00fcnderzeit, riesige Fabriketagen, die Gewerke l\u00e4ngst verschwunden. Lebensqualit\u00e4t sieht anders aus, wer kann, zeigt dem Quartier den R\u00fccken. Wer hier bleibt, hat keine oder nur diese eine Wahl: Alte, Arme, Lebensk\u00fcnstler und Migranten.<\/span><\/p>\n<p align=\"justify\"><span style=\"font-family: Ubuntu;\">Wie viele ist auch Rainer ein Zugezogener, aber einer mit Visionen, die er nun umzusetzen versucht: anders wohnen, anders arbeiten, anders denken, anders leben.<\/span><\/p>\n<p align=\"justify\"><span style=\"font-family: Ubuntu;\">F\u00fcr sich und f\u00fcr andere. Der gelernte Maurer wei\u00df, wo er anzusetzen hat \u2013 an der Bausubstanz, die es zu erhalten gilt. Die Mieten sind l\u00e4cherlich. Mit Monika, Lebensgef\u00e4hrtin und bildende K\u00fcnstlerin, beziehen sie eine 200 Quadratmeter gro\u00dfe Fabriketage in der Naunynstra\u00dfe, die keine 100 Mark kostet. Daf\u00fcr ist sie aber im Winter auch nicht beheizbar. Sie suchen Gleichgesinnte mit \u00e4hnlichen Problemstellungen und Interessenlagen: \u201eNeues Leben in alten Fabriketagen.\u201c <\/span><\/p>\n<p align=\"justify\"><span style=\"font-family: Ubuntu;\">Schnell spricht sich das im Kiez herum, es herrscht Aufbruchsstimmung. Theaterleute, Freiberufler und andere Wagemutige treffen sich auf Rainers Fr\u00fchst\u00fccksfesten, die alle zusammenbringen. \u201eGeht nicht? Gibt\u2019s nicht!\u201c \u2013 Rainer, l\u00e4ngst nicht nur Vordenker, sondern Macher, ist in seinem Element. Er baut eine Zentralheizung um \u00d6l\u00f6fen, entwirft Schlafh\u00f6hlen aus Wetterballons und H\u00fctten, die der eisigen K\u00e4lte in den riesigen R\u00e4umen trotzen sollen. Nach der Geburt seiner Kinder entstehen neue, f\u00fcr sie gedachte R\u00e4ume im Raumsystem. <\/span><\/p>\n<p align=\"justify\"><span style=\"font-family: Ubuntu;\">Die Verbindung von Leben und Arbeiten nimmt Konturen an. Nebenbei schreibt er an seiner Doktorarbeit \u201eAntworten des K\u00f6rpers auf st\u00e4dtische R\u00e4ume\u201c, mehr als f\u00fcnf Jahre lang. Eine Herzensangelegenheit, eher experimentell als empirisch, die ein absurdes und abruptes Ende findet, als er seine handschriftlichen Notizen in einem Karton auf dem Autodach vergisst und losf\u00e4hrt. <\/span><\/p>\n<p align=\"justify\"><span style=\"font-family: Ubuntu;\">Als er nach Kreuzberg zur\u00fcckrast, fliegen einige Bl\u00e4tter vom Wind bewegt \u00fcber den Oranienplatz. Den Rest hat die M\u00fcllabfuhr beseitigt, eine Rekonstruktion ist unm\u00f6glich. Er tr\u00e4gt es mit Fassung. F\u00fcr die Universit\u00e4t und eine klassische akademische Laufbahn ist der Individualist mit Freiheitsdrang, der Systemen skeptisch gegen\u00fcbersteht, sowieso nicht geschaffen. Er ist sein eigenes System. Und in Kreuzberg gibt es f\u00fcr ihn genug zu tun.<\/span><\/p>\n<p align=\"justify\"><span style=\"font-family: Ubuntu;\">Die Hausbesetzerbewegung hat sich formiert. Rainer hat mit den heterogenen, oft politisch radikalen Gruppen keine Ber\u00fchrungs\u00e4ngste. Immerhin hat ihn der Geist der 68er ja auch gestreift, auch wenn er politischen Heilsversprechen eher indifferent begegnet. Der kleinste gemeinsame Nenner ist die Bewahrung der heruntergekommenen Altbausubstanz durch die Instandsetzung unter \u00f6kologischen Gesichtspunkten. Das ist f\u00fcr alle Neuland. Rainer hetzt von Versammlung zu Versammlung, formuliert Ziele und treibt F\u00f6rdergelder auf, trifft auf Zustimmung und entschlossene Ablehnung. Er gr\u00fcndet einen Verein und einen alternativen Sanierungstr\u00e4ger, kommuniziert mit allen Parteien und Institutionen und vernetzt die verschiedensten Initiativen. Sein scheinbar autorit\u00e4res, zielorientiertes Auftreten macht ihn angreifbar. <\/span><\/p>\n<p align=\"justify\"><span style=\"font-family: Ubuntu;\">Er braucht lange, um Gegenpositionen akzeptieren zu k\u00f6nnen. Von \u201eGraf Naunyn\u201c oder \u201eArchitektenmafia\u201c ist die Rede, aber davon l\u00e4sst er sich nicht beeindrucken, wenn er in wei\u00dfer Maurerhose auf seiner Solex von Baustelle zu Baustelle f\u00e4hrt. Die Internationale Bauausstellung 1987 hat schon im Vorfeld Gelder in den Kiez gesp\u00fclt, die vieles erm\u00f6glichen, was sonst Utopie geblieben w\u00e4re. Dachbegr\u00fcnungen, der freie Kinderladen \u201eLanger R\u00fcssel\u201c, den er auch f\u00fcr seine Kinder mitbegr\u00fcndete, Gew\u00e4chsh\u00e4user und Hofg\u00e4rten genauso wie sein Abwasserprojekt \u201eVertikalsumpf\u201c, das seine Gegner als \u201eRheinfall von Schaffhausen\u201c verlachen. <\/span><\/p>\n<p align=\"justify\"><span style=\"font-family: Ubuntu;\">An einer Hauswand l\u00e4uft das Brauchwasser von oben nach unten durch ein ausgekl\u00fcgeltes, mit Schilf bepflanztes Tonnensystem, um gefiltert als Grauwasser wieder <\/span><span style=\"font-family: Ubuntu;\">(ver) <\/span><span style=\"font-family: Ubuntu;\">wendbar zu sein. Auch wenn die Anlage heute nicht mehr in Betrieb ist, die Tonnen an der Hauswand erinnern an die K\u00fchnheit des Versuchs. Andere Spuren seines Wirkens sind aus dem \u00f6ffentlichen Raum verschwunden. Zum Beispiel das Objekt \u201eWindf\u00fchler IV\u201c auf dem Oranienplatz, ein vertikal gekippter Katamaran, dessen Segel sich nach dem Wind richteten und den gespannten Dr\u00e4hten sph\u00e4rische Kl\u00e4nge entlockten. Oder die Kletterskulptur \u201eOst-Geist\u201c aus Bambus, mehr als drei Meter hoch, gekr\u00f6nt von einer japanischen Maske.<\/span><\/p>\n<p align=\"justify\"><span style=\"font-family: Ubuntu;\">Nach dem Mauerfall eine berufliche Entt\u00e4uschung, ein lang vorbereitetes Projekt erh\u00e4lt den Zuschlag, aber sein Name fehlt. Er verl\u00e4sst Kreuzberg, ein beruflicher, dann ein privater Neuanfang. Er zieht an den Wannsee. Neue Lebensgef\u00e4hrtin, zwei kleine Kinder, f\u00fcr Jahre ein Verwaltungsjob bei der Landesentwicklungsgesellschaft in Potsdam. Trotzdem beh\u00e4lt er seine Fabriketage in Kreuzberg, ein Schauraum f\u00fcr seine Designobjekte wie die Loftbox. Pl\u00f6tzlich eine schwere Krankheit, f\u00fcr die sein wacher Geist keine Probleml\u00f6sung findet. Eine Trauerfeier, auf der sich viele Kreuzberger einfinden. Ihr Lebensraum s\u00e4he ohne ihn grauer aus.&#8220; <\/span><strong><span style=\"font-family: Ubuntu;\">Erschienen im Tagesspiegel vom Sonnabend, d. 25. Mai 2013 geschrieben von <\/span><span style=\"font-family: Ubuntu;\">Erik Steffen<\/span><\/strong><\/p>\n<p align=\"justify\"><a href=\"http:\/\/www.medienberatungev.org\/wp-content\/uploads\/2017\/02\/Waldemarstrasse19758.jpg\"><img loading=\"lazy\" decoding=\"async\" class=\"aligncenter size-full wp-image-3434\" src=\"http:\/\/www.medienberatungev.org\/wp-content\/uploads\/2017\/02\/Waldemarstrasse19758.jpg\" alt=\"Waldemarstrasse19758\" width=\"664\" height=\"489\" \/><\/a><br \/><a href=\"http:\/\/www.medienberatungev.org\/wp-content\/uploads\/2017\/02\/Wirbleibendrin.jpg\"><img loading=\"lazy\" decoding=\"async\" class=\"aligncenter size-full wp-image-3083\" src=\"http:\/\/www.medienberatungev.org\/wp-content\/uploads\/2017\/02\/Wirbleibendrin.jpg\" alt=\"Wirbleibendrin\" width=\"747\" height=\"536\" \/><\/a><a href=\"http:\/\/www.medienberatungev.org\/wp-content\/uploads\/2017\/02\/wibleibendrin-2.jpg\"><img loading=\"lazy\" decoding=\"async\" class=\"aligncenter size-large wp-image-2244\" src=\"http:\/\/www.medienberatungev.org\/wp-content\/uploads\/2017\/02\/wibleibendrin-2-727x1024.jpg\" alt=\"wibleibendrin-2\" width=\"640\" height=\"901\" \/><\/a><a href=\"http:\/\/www.medienberatungev.org\/wp-content\/uploads\/2014\/08\/Wandmal.jpg\"><img loading=\"lazy\" decoding=\"async\" class=\"aligncenter size-large wp-image-3002\" src=\"http:\/\/www.medienberatungev.org\/wp-content\/uploads\/2014\/08\/Wandmal-674x1024.jpg\" alt=\"Wandmal\" width=\"640\" height=\"972\" \/> <\/a><a href=\"http:\/\/www.medienberatungev.org\/wp-content\/uploads\/2016\/06\/By-nc-sa_color.png\"><img loading=\"lazy\" decoding=\"async\" class=\"wp-image-4213 alignright\" src=\"http:\/\/www.medienberatungev.org\/wp-content\/uploads\/2016\/06\/By-nc-sa_color.png\" alt=\"By-nc-sa_color\" width=\"170\" height=\"115\" \/><\/a><a href=\"http:\/\/www.medienberatungev.org\/wp-content\/uploads\/2017\/10\/IMG_3013-300x199.jpg\"><img loading=\"lazy\" decoding=\"async\" class=\"wp-image-4078 alignleft\" src=\"http:\/\/www.medienberatungev.org\/wp-content\/uploads\/2017\/10\/IMG_3013-300x199.jpg\" alt=\"IMG_3013-300x199\" width=\"178\" height=\"118\" \/><\/a>Fotos von Helmut Sch\u00f6nberger und Jens Meyer. Im Bild (oben) ist Rainer Graff beim Malen zu sehen. (Der Herr mit dem Lockenkopf in der Mitte des Bildes)<\/p>\n<p align=\"justify\"><a href=\"http:\/\/www.medienberatungev.org\/wp-content\/uploads\/2017\/11\/Waldemarstrass19756.jpg\"><img loading=\"lazy\" decoding=\"async\" class=\"aligncenter size-full wp-image-4269\" src=\"http:\/\/www.medienberatungev.org\/wp-content\/uploads\/2017\/11\/Waldemarstrass19756.jpg\" alt=\"Waldemarstrass19756\" width=\"685\" height=\"487\" \/><\/a><a href=\"http:\/\/www.medienberatungev.org\/wp-content\/uploads\/2017\/11\/walde2.jpg\"><img loading=\"lazy\" decoding=\"async\" class=\"aligncenter size-large wp-image-4270\" src=\"http:\/\/www.medienberatungev.org\/wp-content\/uploads\/2017\/11\/walde2-1024x679.jpg\" alt=\"walde2\" width=\"640\" height=\"424\" \/><\/a><a href=\"http:\/\/www.medienberatungev.org\/wp-content\/uploads\/2017\/11\/WaldemarstrassePlakat.jpg\"><img loading=\"lazy\" decoding=\"async\" class=\"aligncenter size-full wp-image-4266\" src=\"http:\/\/www.medienberatungev.org\/wp-content\/uploads\/2017\/11\/WaldemarstrassePlakat.jpg\" alt=\"WaldemarstrassePlakat\" width=\"715\" height=\"489\" srcset=\"https:\/\/www.medienberatungev.org\/wp-content\/uploads\/2017\/11\/WaldemarstrassePlakat.jpg 715w, https:\/\/www.medienberatungev.org\/wp-content\/uploads\/2017\/11\/WaldemarstrassePlakat-300x205.jpg 300w\" sizes=\"auto, (max-width: 709px) 85vw, (max-width: 909px) 67vw, (max-width: 984px) 61vw, (max-width: 1362px) 45vw, 600px\" \/><\/a><a href=\"http:\/\/www.medienberatungev.org\/wp-content\/uploads\/2017\/02\/Waldemarstrasse19757.jpg\"><img loading=\"lazy\" decoding=\"async\" class=\"aligncenter size-full wp-image-3438\" src=\"http:\/\/www.medienberatungev.org\/wp-content\/uploads\/2017\/02\/Waldemarstrasse19757.jpg\" alt=\"Waldemarstrasse19757\" width=\"654\" height=\"494\" \/><\/a><a href=\"http:\/\/www.medienberatungev.org\/wp-content\/uploads\/2017\/09\/milpferd_einauge.jpg\"><img loading=\"lazy\" decoding=\"async\" class=\"wp-image-3217 alignleft\" src=\"http:\/\/www.medienberatungev.org\/wp-content\/uploads\/2017\/09\/milpferd_einauge-1024x686.jpg\" alt=\"milpferd_einauge\" width=\"209\" height=\"140\" srcset=\"https:\/\/www.medienberatungev.org\/wp-content\/uploads\/2017\/09\/milpferd_einauge-1024x686.jpg 1024w, https:\/\/www.medienberatungev.org\/wp-content\/uploads\/2017\/09\/milpferd_einauge-300x201.jpg 300w, https:\/\/www.medienberatungev.org\/wp-content\/uploads\/2017\/09\/milpferd_einauge.jpg 1070w\" sizes=\"auto, (max-width: 209px) 85vw, 209px\" \/><\/a><\/p>\n\n\n<div class=\"wp-block-file\"><a href=\"https:\/\/www.medienberatungev.org\/wp-content\/uploads\/2014\/08\/werbleibtwodrin1.odt\">werbleibtwodrin<\/a><a href=\"https:\/\/www.medienberatungev.org\/wp-content\/uploads\/2014\/08\/werbleibtwodrin1.odt\" class=\"wp-block-file__button wp-element-button\" download>Herunterladen<\/a><\/div>\n\n\n<div class=\"wp-block-image\">\n<figure class=\"alignright size-large is-resized\"><img decoding=\"async\" src=\"https:\/\/www.medienberatungev.org\/wp-content\/uploads\/2020\/03\/IMG_7852Wirbleibenalle.jpg\" alt=\"\" class=\"wp-image-10956\" style=\"width:642px;height:642px\"\/><\/figure>\n<\/div>\n\n\n<figure class=\"wp-block-image size-large\"><img decoding=\"async\" src=\"https:\/\/www.medienberatungev.org\/wp-content\/uploads\/2014\/08\/werbleibtwodrin0001-677x1024.jpg\" alt=\"5. Mai 1975\" class=\"wp-image-3007\"\/><\/figure>\n\n\n\n<figure class=\"wp-block-image size-large\"><img decoding=\"async\" src=\"https:\/\/www.medienberatungev.org\/wp-content\/uploads\/2017\/02\/Wirbleibendrin.jpg\" alt=\"\" class=\"wp-image-3083\"\/><\/figure>\n\n\n\n<div class=\"wp-block-file\"><a href=\"https:\/\/www.medienberatungev.org\/wp-content\/uploads\/2014\/08\/werbleibtwodrin1.odt\">werbleibtwodrin?<\/a><a href=\"https:\/\/www.medienberatungev.org\/wp-content\/uploads\/2014\/08\/werbleibtwodrin1.odt\" class=\"wp-block-file__button wp-element-button\" download>HerunterladenHerunterladen<\/a><\/div>\n\n\n\n<figure class=\"wp-block-image size-large is-resized\"><img loading=\"lazy\" decoding=\"async\" width=\"500\" height=\"676\" src=\"https:\/\/www.medienberatungev.org\/wp-content\/uploads\/2017\/02\/Malerwaldeklein.png\" alt=\"\" class=\"wp-image-10747\" style=\"width:645px;height:872px\" srcset=\"https:\/\/www.medienberatungev.org\/wp-content\/uploads\/2017\/02\/Malerwaldeklein.png 500w, https:\/\/www.medienberatungev.org\/wp-content\/uploads\/2017\/02\/Malerwaldeklein-222x300.png 222w\" sizes=\"auto, (max-width: 500px) 85vw, 500px\" \/><figcaption class=\"wp-element-caption\">Wenn MalerInnen nichts mehr einf\u00e4llt, dann malen sie die Bilder ab.  (Siehe Bild oben und siehe Bild unten)<\/figcaption><\/figure>\n\n\n\n<figure class=\"wp-block-image size-large is-resized\"><img decoding=\"async\" src=\"https:\/\/www.medienberatungev.org\/wp-content\/uploads\/2020\/03\/IMG_7852Wirbleibenalle.jpg\" alt=\"\" class=\"wp-image-10956\" style=\"width:643px;height:643px\"\/><\/figure>\n\n\n\n<div class=\"wp-block-file\"><a href=\"https:\/\/www.medienberatungev.org\/wp-content\/uploads\/2017\/10\/Abschrift-aus-Info-Bug-56.odt\">Abschrift aus Info Bug 56<\/a><a href=\"https:\/\/www.medienberatungev.org\/wp-content\/uploads\/2017\/10\/Abschrift-aus-Info-Bug-56.odt\" class=\"wp-block-file__button wp-element-button\" download>Herunterladen<\/a><\/div>\n\n\n\n<figure class=\"wp-block-image size-large\"><img loading=\"lazy\" decoding=\"async\" width=\"1024\" height=\"1024\" src=\"https:\/\/www.medienberatungev.org\/wp-content\/uploads\/2020\/03\/IMG_7894-1024x1024.jpg\" alt=\"\" class=\"wp-image-11042\" srcset=\"https:\/\/www.medienberatungev.org\/wp-content\/uploads\/2020\/03\/IMG_7894-1024x1024.jpg 1024w, https:\/\/www.medienberatungev.org\/wp-content\/uploads\/2020\/03\/IMG_7894-300x300.jpg 300w, https:\/\/www.medienberatungev.org\/wp-content\/uploads\/2020\/03\/IMG_7894-150x150.jpg 150w, https:\/\/www.medienberatungev.org\/wp-content\/uploads\/2020\/03\/IMG_7894-768x768.jpg 768w, https:\/\/www.medienberatungev.org\/wp-content\/uploads\/2020\/03\/IMG_7894-1536x1536.jpg 1536w, https:\/\/www.medienberatungev.org\/wp-content\/uploads\/2020\/03\/IMG_7894-2048x2048.jpg 2048w\" sizes=\"auto, (max-width: 709px) 85vw, (max-width: 909px) 67vw, (max-width: 1362px) 62vw, 840px\" \/><figcaption class=\"wp-element-caption\"> <br> <br><br> <strong>Abgeschrieben in der Bernhard Nocht Strasse (Parallel Strasse zur St. Pauli Hafenstrasse). F\u00fcr ALLE ABSCHREIBERINNEN gilt: Man sollte doch darauf achten, das das ABGESCHRIEBENE auch RICHTIG ist. Hier wurde FALSCH abgeschrieben! Die MalerInnen der Hafenstrasse meinten etwas ANDERES, was auch an dem beigef\u00fcgten Bild (siehe oben) deutlich wird. Regel Nr. 1 beim ABSCHREIBEN lautet: Was frauman nicht im Kopf hat, sollte manfrau auch nicht aus dem \u00c4rmel sch\u00fctteln!<\/strong><\/figcaption><\/figure>\n","protected":false},"excerpt":{"rendered":"<p>Nachruf Rainer Graff geb. 1941 PDF Rainer_Graff_Nachruf &#8222;Als Gymnasiast gilt Rainer als introvertierter Tr\u00e4umer, der es im Leben schwer haben wird. 15 Jahre sp\u00e4ter schl\u00e4gt er als freiberuflicher Architekt und Stadtplaner in SO 36, Kreuzberg, auf, im Schatten der Mauer, abgeschrieben, sich selbst \u00fcberlassen. Viele Probleme, viel Fluktuation. Marode Altbauquartiere aus der Gr\u00fcnderzeit, riesige Fabriketagen, &hellip; <a href=\"https:\/\/www.medienberatungev.org\/?p=3917\" class=\"more-link\"><span class=\"screen-reader-text\">\u201eSanierung heisst Gesundmachen: Rainer Graff\u201c<\/span> weiterlesen<\/a><\/p>\n","protected":false},"author":2,"featured_media":0,"comment_status":"open","ping_status":"open","sticky":false,"template":"","format":"standard","meta":{"footnotes":""},"categories":[2049,199,1231,1245,945,1890,2097,123,1],"tags":[3804,2098,2099,1084],"class_list":["post-3917","post","type-post","status-publish","format-standard","hentry","category-2049","category-berlin","category-berlin-kreuzberg","category-fotoarchiv-jens-meyer","category-fotos","category-kreuzberg","category-rainer-graff","category-spd","category-uncategorized","tag-rainer-graff","tag-walde-81","tag-waldemarstrasse-81","tag-wir-bleiben-drin"],"_links":{"self":[{"href":"https:\/\/www.medienberatungev.org\/index.php?rest_route=\/wp\/v2\/posts\/3917","targetHints":{"allow":["GET"]}}],"collection":[{"href":"https:\/\/www.medienberatungev.org\/index.php?rest_route=\/wp\/v2\/posts"}],"about":[{"href":"https:\/\/www.medienberatungev.org\/index.php?rest_route=\/wp\/v2\/types\/post"}],"author":[{"embeddable":true,"href":"https:\/\/www.medienberatungev.org\/index.php?rest_route=\/wp\/v2\/users\/2"}],"replies":[{"embeddable":true,"href":"https:\/\/www.medienberatungev.org\/index.php?rest_route=%2Fwp%2Fv2%2Fcomments&post=3917"}],"version-history":[{"count":47,"href":"https:\/\/www.medienberatungev.org\/index.php?rest_route=\/wp\/v2\/posts\/3917\/revisions"}],"predecessor-version":[{"id":28313,"href":"https:\/\/www.medienberatungev.org\/index.php?rest_route=\/wp\/v2\/posts\/3917\/revisions\/28313"}],"wp:attachment":[{"href":"https:\/\/www.medienberatungev.org\/index.php?rest_route=%2Fwp%2Fv2%2Fmedia&parent=3917"}],"wp:term":[{"taxonomy":"category","embeddable":true,"href":"https:\/\/www.medienberatungev.org\/index.php?rest_route=%2Fwp%2Fv2%2Fcategories&post=3917"},{"taxonomy":"post_tag","embeddable":true,"href":"https:\/\/www.medienberatungev.org\/index.php?rest_route=%2Fwp%2Fv2%2Ftags&post=3917"}],"curies":[{"name":"wp","href":"https:\/\/api.w.org\/{rel}","templated":true}]}}