{"id":451,"date":"2014-06-16T19:47:11","date_gmt":"2014-06-16T19:47:11","guid":{"rendered":"http:\/\/www.medienberatungev.org\/?p=451"},"modified":"2025-07-27T06:34:50","modified_gmt":"2025-07-27T06:34:50","slug":"banklady-ein-film-in-hamburg-gefoerdert","status":"publish","type":"post","link":"https:\/\/www.medienberatungev.org\/?p=451","title":{"rendered":"Banklady"},"content":{"rendered":"<p align=\"JUSTIFY\"><span style=\"font-family: DejaVu Serif,serif;\"><span style=\"font-size: large;\"><b><a href=\"http:\/\/www.medienberatungev.org\/wp-content\/uploads\/2018\/06\/Tieresehendichan3.jpg\"><img loading=\"lazy\" decoding=\"async\" class=\"wp-image-6877 alignleft\" src=\"http:\/\/www.medienberatungev.org\/wp-content\/uploads\/2018\/06\/Tieresehendichan3-1024x780.jpg\" alt=\"Tieresehendichan3\" width=\"146\" height=\"112\"><\/a>Banklady <\/b><\/span><\/span><\/p>\n<p align=\"JUSTIFY\"><span style=\"font-family: DejaVu Serif,serif;\"><span style=\"font-size: large;\">Das schlimmste an den eigenen Vorurteilen ist immer noch, wenn diese einfach best\u00e4tigt werden. Ein tolles Kino. Das Savoy, wie es jetzt ist. Ich sitze da und lese das Presseheft, bevor das Licht ausgeht.<!--more--><\/span><\/span><\/p>\n<p align=\"JUSTIFY\"><span style=\"font-family: DejaVu Serif,serif;\"><span style=\"font-size: large;\"><a href=\"https:\/\/www.medienberatungev.org\/wp-content\/uploads\/2014\/06\/PDF-Banklady.pdf\">PDF Banklady<\/a><\/span><\/span><\/p>\n<p align=\"JUSTIFY\"><span style=\"font-family: DejaVu Serif,serif;\"><span style=\"font-size: large;\">Noch sinne ich dar\u00fcber nach, ob ich bleiben soll. Wo doch alle Zeichen darauf hindeuten, dass es besser w\u00e4re, zu gehen. Das Presseheft droht mir mit einer \u201cwahren Geschichte\u201c, der von Gisela Werler und mit der Produktion von NDR, ARD, Degeto, Filmf\u00f6rderung Hamburg Schleswig Holstein und namentlich den Redakteuren Thomas Schreiber (NDR), Sabine Holtgreve (NDR), Claudia Gr\u00e4ssel (ARD Degeto) und Andreas Schreitm\u00fcller (ARTE). <\/span><\/span><\/p>\n<p align=\"JUSTIFY\"><span style=\"font-family: DejaVu Serif,serif;\"><span style=\"font-size: large;\">Ich m\u00fc\u00dfte es besser wissen. Ich bleibe. Ein Fehler. Ich lese. Die Produzentin hat der Zeitung erz\u00e4hlt, sie wolle <strong>&#8222;richtiges Popcornkino&#8220;<\/strong> machen. Ich weiss nicht, was das ist \u201crichtiges Popkornkino\u201c, aber ich weiss, ich hasse Popkorn und mit Kino, hat das, was da jetzt abgeliefert wurde, sicher nichts zu tun. Das hat etwas von \u201crichtiges Weglaufkino\u201c. Ich sitze daf\u00fcr auf dem richtigen Platz. Ganz Aussen. Rechts. Von der Leinwand aus gesehen, links. <\/span><\/span><\/p>\n<p align=\"JUSTIFY\"><span style=\"font-family: DejaVu Serif,serif;\"><span style=\"font-size: large;\">Das Kino m\u00fc\u00dfte also, um f\u00fcr diesen Film ger\u00fcstet zu sein, nur Pl\u00e4tze in Zweierreihen haben, wo man, ohne die anderen aufzuwecken (daf\u00fcr ist der Film jedoch zu laut), auch im Dunkeln schnell den Ausgang findet. <\/span><\/span><\/p>\n<p align=\"JUSTIFY\"><span style=\"font-family: DejaVu Serif,serif;\"><span style=\"font-size: large;\">Eben: \u201crichtiges Weglaufkino\u201c. Fernsehzuschauer sind (wenn sie \u00fcber die Fernbedienung Verf\u00fcgungsgewalt haben) hier eindeutig im Vorteil. Das Fernsehen wird immer einf\u00e4ltiger. Wenn ich auch schon manches Mal gedacht habe, es w\u00fcrde nicht einf\u00e4ltiger gehen. Irrtum. <\/span><\/span><\/p>\n<p align=\"JUSTIFY\"><span style=\"font-family: DejaVu Serif,serif;\"><span style=\"font-size: large;\">Nachdem der braune Nachlass weitgehend fernsehverwertet ist und selbst der F\u00fchrer und sein Hund schon portr\u00e4tiert wurden, f\u00e4llt jetzt auch der neuere, restliche Teil der Geschichte, in dem die Anh\u00e4nger des F\u00fchrers die Macht weiter aus\u00fcbten, allerdings ohne ihren ehemaligen F\u00fchrer (der war nach ihren Aussagen im Kampf gefallen) dem Abbildungs- und Verwertungszwang zum Opfer. <\/span><\/span><\/p>\n<p align=\"JUSTIFY\"><span style=\"font-family: DejaVu Serif,serif;\"><span style=\"font-size: large;\">Man sieht diesem Produkt deutlich an, hier wurde viel Geld verbraucht. Insofern l\u00e4sst sich der Satz anwenden: Banklady ist ein Beispiel daf\u00fcr, da\u00df es m\u00f6glich ist, auch mit viel Geld, etwas herzustellen, das das Geld nicht wert ist. <\/span><\/span><\/p>\n<p align=\"JUSTIFY\"><span style=\"font-family: DejaVu Serif,serif;\"><span style=\"font-size: large;\">Oder auch so: Wenn es um den Beweis ginge, da\u00df man mit Viel oft Nichts erreichen kann: Die Macher von Banklady zeigen, wie das geht. Allein die Suche nach den Requisiten hat sicher Unsummen verschlungen. Und die VW K\u00e4fer und die Ford Taunus 12 m und 17 m, die da immer wie absichtslos auf der Strasse stehen, wo kommen die alle her?<\/span><\/span><\/p>\n<p align=\"JUSTIFY\"><span style=\"font-family: DejaVu Serif,serif;\"><span style=\"font-size: large;\">Schon bald gilt meine Aufmerksamkeit nicht mehr der zusammengestoppelten Geschichte. Eigentlich, so f\u00e4llt mir auf, fehlt Veronica Ferres in dem Streifen. <\/span><\/span><\/p>\n<p align=\"JUSTIFY\"><span style=\"font-family: DejaVu Serif,serif;\"><span style=\"font-size: large;\">Wo ist die eigentlich? H\u00e4tte die nicht gut die Banklady spielen k\u00f6nnen? Warum wird sie nicht immer automatisch in die Fernseh Filme der ARD Degeto eingebaut? Angemessen w\u00e4re das gewesen. <\/span><\/span><\/p>\n<p align=\"JUSTIFY\"><span style=\"font-family: DejaVu Serif,serif;\"><span style=\"font-size: large;\">Diese Bankr\u00e4uberin kennt ja \u00fcberhaupt niemand.<\/span><\/span><\/p>\n<p align=\"JUSTIFY\"><span style=\"font-family: DejaVu Serif,serif;\"><span style=\"font-size: large;\">Beim Lesen des Presseheftes vorher, da war mir auch der Name Heinz H\u00f6nig ins Auge gefallen. Seine Nennung hatte mir einen \u00e4hnlichen Schrecken eingejagt, wie die genannten beteiligten Fernsehredakteure und -redakt\u00f6sen. <\/span><\/span><\/p>\n<p align=\"JUSTIFY\"><span style=\"font-family: DejaVu Serif,serif;\"><span style=\"font-size: large;\">Aber jetzt bin ich doch \u00fcberrascht. Der Mann spielt seine Rolle als Oberpolizist sehr gut. Ausnahmsweise ist das Drehbuch, mit einem halbwegs brauchbaren Text, an dieser Stelle einigerma\u00dfen gelungen. Der klingt fast, wie aus dem richtigen Leben gegriffen. Wie von Dr. Martin Luther gefordert. Naja, nicht ganz. <\/span><\/span><\/p>\n<p align=\"JUSTIFY\"><span style=\"font-family: DejaVu Serif,serif;\"><span style=\"font-size: large;\">Heinz H\u00f6nig. Der Mann kann was. Habe ich ihm die ganzen Jahre etwa Unrecht getan? Konnte er damals schon Schauspiel und man hat ihn nur nicht gelassen? So wie Liselotte Pulver? Das w\u00e4re ja eine richtige Entdeckung. <\/span><\/span><\/p>\n<p align=\"JUSTIFY\"><span style=\"font-family: DejaVu Serif,serif;\"><span style=\"font-size: large;\">Da mich die Geschichte und die Art und Weise, wie sie erz\u00e4hlt wird, zunehmend langweilt, bemerke ich an mir, da\u00df ich mich nur noch auf die ins Bild gestellten Requisiten konzentriere. (Besser kann das nicht schreiben: &#8222;als die ins Bild gestellten&#8220;).<\/span><\/span><\/p>\n<p align=\"JUSTIFY\"><span style=\"font-family: DejaVu Serif,serif;\"><span style=\"font-size: large;\">Gab es den Ford Taunus 17 m damals schon? Wurde die Mercedes Baureihe wirklich als Taxe verwendet? Und in schwarz? Ist es die Triumph Matura Maschine, die da im B\u00fcro der Krimininalpolizei (der erfolglosen) steht? Und warum der Polizei \u00dcberfall auf die Siedlung und dann noch mit Hamburger Kennzeichen dahin fahren? <\/span><\/span><\/p>\n<p align=\"JUSTIFY\"><span style=\"font-family: DejaVu Serif,serif;\"><span style=\"font-size: large;\">Wo das doch an der Ostsee liegen soll? Durften die da \u00fcberhaupt ermitteln? Und dann gleich die Leute abknallen, ohne mal vorher zu fragen, <a href=\"http:\/\/www.medienberatungev.org\/wp-content\/uploads\/2018\/06\/Tieresehendichan31.jpg\"><img loading=\"lazy\" decoding=\"async\" class=\"wp-image-7184 alignright\" src=\"http:\/\/www.medienberatungev.org\/wp-content\/uploads\/2018\/06\/Tieresehendichan31-1024x780.jpg\" alt=\"Tieresehendichan3\" width=\"129\" height=\"98\"><\/a>ob sie es auch sind? Ist das damals nicht aufgefallen? Gab es keinen Untersuchungsausschu\u00df? Oder wird das alles nur von der ARD Degeto gef\u00e4lscht? <\/span><\/span><\/p>\n<p align=\"JUSTIFY\"><span style=\"font-family: DejaVu Serif,serif;\"><span style=\"font-size: large;\">Die erh\u00f6hte Requisitenaufmerksamkeit meinerseits wird von den Machern des Filmes bei mir ausgel\u00f6st. Ganz am Anfang zeigen uns die Fernsehmacher von ARD und so weiter, wie ihrer Meinung nach die M\u00f6nckebergstrasse mit dem M\u00f6nckebergbrunnen 1965 ausgesehen haben soll. <\/span><\/span><\/p>\n<p align=\"JUSTIFY\"><span style=\"font-family: DejaVu Serif,serif;\"><span style=\"font-size: large;\">Die Einstellung sieht so richtig nach Pappe und Wiking Autos aus. Wo ist das ganze Geld geblieben? F\u00fcr einen Amateur Film h\u00e4tten diese Bilder ja ausgereicht. Man h\u00e4tte den guten Willen gesehen. Und geklatscht. <\/span><\/span><\/p>\n<p align=\"JUSTIFY\">Doch der ber\u00fchmte Dichter hatte es schon formuliert. Lange vor meiner Zeit. &#8222;Wenn einer der mit M\u00fche kaum, geklettert ist auf einen Baum, schon denkt, dass er ein Vogel w\u00e4r, so irrt sich der.&#8220; Oder so \u00e4hnlich. Ich hatte jetzt keine Zeit zum Suchen.<\/p>\n<p align=\"JUSTIFY\"><span style=\"font-family: DejaVu Serif,serif;\"><span style=\"font-size: large;\">Jedenfalls habe ich mich bei dem Bild von der M\u00f6nckebergstrasse 1965 sofort an meine Sammlung von Wiking Autos erinnert, die ich als Kind hatte. Wo sind die eigentlich hingekommen? Sollten sie sich unter den Requisiten von Studio Hamburg befinden? <\/span><\/span><\/p>\n<p align=\"JUSTIFY\"><span style=\"font-family: DejaVu Serif,serif;\"><span style=\"font-size: large;\">Ich ertappe mich dabei, dass ich mich nur noch der Frage widme, wann denn die Auto Kennzeichen der Britischen Besatzungszone mit BH gegen die HH Kennzeichen der neuen Westzone ausgetauscht wurden? Wikipedia gibt die Antwort, das soll 1956 gewesen sein und das Leben der Banklady wurde erst 1965 ruchbar. Vielleicht ein Zahlendreher? Nein. Oder doch?<\/span><\/span><\/p>\n<p align=\"JUSTIFY\"><span style=\"font-family: DejaVu Serif,serif;\"><span style=\"font-size: large;\">Aber der Kn\u00fcppel, der Einsatzstock, der da nach der Razzia auf der Reeperbahn (?) eingesetzt wird, den gab es, wie mir ein in diesen Sachen Kundiger glaubw\u00fcrdig berichtet hatte, damals noch gar nicht. <\/span><\/span><\/p>\n<p align=\"JUSTIFY\"><span style=\"font-family: DejaVu Serif,serif;\"><span style=\"font-size: large;\">Was haben wir als n\u00e4chstes zu erwarten? Von einer Produzentin, die sich selbst als Producer bezeichnet und sich als &#8222;Liebhaberin des Pop Korn Kinos&#8220; outet, zu erwarten? Ich kann nur fordern, die Fernsehgeb\u00fchren sollten gesenkt werden, und zwar sofort, damit solche Bel\u00e4stigungen zuk\u00fcnftig unterbleiben.<\/span><\/span><\/p>\n<p align=\"JUSTIFY\"><span style=\"font-family: DejaVu Serif,serif;\"><span style=\"font-size: large;\">Jens Meyer, d. 10. August 2014<\/span><\/span><\/p>\n<p align=\"JUSTIFY\"><span style=\"font-family: DejaVu Serif,serif;\"><span style=\"font-size: large;\">Sp\u00e4ter stellt sich heraus, auch der erste Satz, der von der wahren Geschichte ist gelogen. Die Dame hat eine Tapetenfabrik nie von innen gesehen. Sie stand nur in einem Laden, in dem Tapeten verkauft wurden. Das war den Machern offenbar zu langweilig, da sieht doch eine dunkle Halle mit einem solchem Monstrum von Tapetenmaschine viel mehr nach Kino aus, was sie gerne als gro\u00dfes bezeichnen und es ist doch nur: Siehe oben! <\/span><\/span><\/p>\n<p align=\"JUSTIFY\">\n\n<div class=\"wp-block-image\">\n<figure class=\"alignright size-large is-resized\"><a href=\"https:\/\/www.medienberatungev.org\/wp-content\/uploads\/2018\/08\/milpferd_einauge-e1671899244730.jpg\"><img loading=\"lazy\" decoding=\"async\" width=\"1024\" height=\"686\" src=\"https:\/\/www.medienberatungev.org\/wp-content\/uploads\/2018\/08\/milpferd_einauge-1024x686.jpg\" alt=\"\" class=\"wp-image-7687\" style=\"width:162px;height:auto\"\/><\/a><figcaption class=\"wp-element-caption\">Zeichnung Helga Bachmann<\/figcaption><\/figure>\n<\/div>","protected":false},"excerpt":{"rendered":"<p>Banklady Das schlimmste an den eigenen Vorurteilen ist immer noch, wenn diese einfach best\u00e4tigt werden. Ein tolles Kino. Das Savoy, wie es jetzt ist. Ich sitze da und lese das Presseheft, bevor das Licht ausgeht.<\/p>\n","protected":false},"author":2,"featured_media":0,"comment_status":"open","ping_status":"open","sticky":false,"template":"","format":"standard","meta":{"footnotes":""},"categories":[4621,2410,6268,6224,4773,4774,2,25,2191,452,2948,650,3456,2571,4861,4860,4274,135,454,189,8,4171,945,16,1833,6,10,1217,4170],"tags":[609,8253,615,3544,142,607,614,26,612,1039,150,608,636,637,3567,606,1040,638,151,371,618,147,611,617],"class_list":["post-451","post","type-post","status-publish","format-standard","hentry","category-4621","category-2410","category-6268","category-6224","category-4773","category-4774","category-pro-bla","category-ard","category-auf-der-reeperbahn","category-berlinale","category-deutsche","category-deutsche-filme","category-deutsches-fernsehen","category-diletanttenhaufen","category-dilettant","category-dilettantenhaufen","category-dilletantenhaufen","category-fernsehen","category-filmfoerderungs-gmbh-hamburg","category-filmfoerderungsanstalt","category-filmkritik","category-foerderfilm","category-fotos","category-hamburg","category-hamburger","category-im-kino","category-kinogeschichte","category-presse","category-pressevorfuehrung","tag-17-m","tag-20-m","tag-andreas-schreitmueller","tag-ard","tag-banklady","tag-bh","tag-claudia-graessel","tag-degeto","tag-filmfoerderung-hamburg","tag-ford","tag-heinz-hoenig","tag-hh","tag-moenckebergbrunnen","tag-moenckebergstrasse","tag-ndr","tag-popkorn","tag-requisiten","tag-sabine-holtgreve","tag-savoy-kino","tag-studio-hamburg","tag-tapetengeschaeft","tag-triumph-matura","tag-veronica-ferres","tag-wiking-autos"],"_links":{"self":[{"href":"https:\/\/www.medienberatungev.org\/index.php?rest_route=\/wp\/v2\/posts\/451","targetHints":{"allow":["GET"]}}],"collection":[{"href":"https:\/\/www.medienberatungev.org\/index.php?rest_route=\/wp\/v2\/posts"}],"about":[{"href":"https:\/\/www.medienberatungev.org\/index.php?rest_route=\/wp\/v2\/types\/post"}],"author":[{"embeddable":true,"href":"https:\/\/www.medienberatungev.org\/index.php?rest_route=\/wp\/v2\/users\/2"}],"replies":[{"embeddable":true,"href":"https:\/\/www.medienberatungev.org\/index.php?rest_route=%2Fwp%2Fv2%2Fcomments&post=451"}],"version-history":[{"count":31,"href":"https:\/\/www.medienberatungev.org\/index.php?rest_route=\/wp\/v2\/posts\/451\/revisions"}],"predecessor-version":[{"id":30499,"href":"https:\/\/www.medienberatungev.org\/index.php?rest_route=\/wp\/v2\/posts\/451\/revisions\/30499"}],"wp:attachment":[{"href":"https:\/\/www.medienberatungev.org\/index.php?rest_route=%2Fwp%2Fv2%2Fmedia&parent=451"}],"wp:term":[{"taxonomy":"category","embeddable":true,"href":"https:\/\/www.medienberatungev.org\/index.php?rest_route=%2Fwp%2Fv2%2Fcategories&post=451"},{"taxonomy":"post_tag","embeddable":true,"href":"https:\/\/www.medienberatungev.org\/index.php?rest_route=%2Fwp%2Fv2%2Ftags&post=451"}],"curies":[{"name":"wp","href":"https:\/\/api.w.org\/{rel}","templated":true}]}}