{"id":5338,"date":"2018-01-16T16:24:08","date_gmt":"2018-01-16T16:24:08","guid":{"rendered":"http:\/\/www.medienberatungev.org\/?p=5338"},"modified":"2023-06-21T17:49:21","modified_gmt":"2023-06-21T17:49:21","slug":"kampstrasse","status":"publish","type":"post","link":"https:\/\/www.medienberatungev.org\/?p=5338","title":{"rendered":"Kampstrasse Ecke Schanzenstrasse"},"content":{"rendered":"<p><a href=\"http:\/\/www.medienberatungev.org\/wp-content\/uploads\/2018\/01\/Kgbund7klein.jpg\"><img loading=\"lazy\" decoding=\"async\" class=\"wp-image-5308 alignnone\" src=\"http:\/\/www.medienberatungev.org\/wp-content\/uploads\/2018\/01\/Kgbund7klein.jpg\" alt=\"Kgbund7klein\" width=\"692\" height=\"478\"><\/a><a href=\"http:\/\/www.medienberatungev.org\/wp-content\/uploads\/2018\/01\/Gastst\u00e4tteSchockKampstr.jpg\"><img loading=\"lazy\" decoding=\"async\" class=\"wp-image-5254 alignnone\" src=\"http:\/\/www.medienberatungev.org\/wp-content\/uploads\/2018\/01\/Gastst\u00e4tteSchockKampstr.jpg\" alt=\"Gastst\u00e4tteSchockKampstr\" width=\"698\" height=\"436\" srcset=\"https:\/\/www.medienberatungev.org\/wp-content\/uploads\/2018\/01\/Gastst\u00e4tteSchockKampstr.jpg 753w, https:\/\/www.medienberatungev.org\/wp-content\/uploads\/2018\/01\/Gastst\u00e4tteSchockKampstr-300x187.jpg 300w\" sizes=\"auto, (max-width: 709px) 85vw, (max-width: 909px) 67vw, (max-width: 984px) 61vw, (max-width: 1362px) 45vw, 600px\" \/><\/a>Fotos Jens Meyer. Gerade erreichte uns die Meldung, das diese Gastst\u00e4tte in der Kampstra\u00dfe Waltraud Schock&nbsp; geh\u00f6rte.&nbsp; Wann ich das Foto gemacht habe, habe ich mir nicht notiert.<\/p>\n\n\n<figure class=\"wp-block-image size-full\"><a href=\"https:\/\/www.medienberatungev.org\/wp-content\/uploads\/2023\/06\/Schockkontrast.jpg\"><img decoding=\"async\" src=\"https:\/\/www.medienberatungev.org\/wp-content\/uploads\/2023\/06\/Schockkontrast.jpg\" alt=\"\" class=\"wp-image-23213\"\/><\/a><figcaption>Hier ist eine etwas h\u00f6here Aufl\u00f6sung und mehr Kontrast. Alles f\u00fcr die Enkelin von Waltraud Schock<\/figcaption><\/figure>\n","protected":false},"excerpt":{"rendered":"<p>Fotos Jens Meyer. Gerade erreichte uns die Meldung, das diese Gastst\u00e4tte in der Kampstra\u00dfe Waltraud Schock&nbsp; geh\u00f6rte.&nbsp; Wann ich das Foto gemacht habe, habe ich mir nicht notiert.<\/p>\n","protected":false},"author":2,"featured_media":0,"comment_status":"open","ping_status":"open","sticky":false,"template":"","format":"standard","meta":{"footnotes":""},"categories":[1245,1618,945,16,463,971,1137,1],"tags":[2246,2242,3632],"class_list":["post-5338","post","type-post","status-publish","format-standard","hentry","category-fotoarchiv-jens-meyer","category-fotografen","category-fotos","category-hamburg","category-hamburg-altona","category-schanzenviertel","category-schanzenviertel-hamburg","category-uncategorized","tag-gaststaette-schock","tag-kampstrasse","tag-schanzenviertel"],"_links":{"self":[{"href":"https:\/\/www.medienberatungev.org\/index.php?rest_route=\/wp\/v2\/posts\/5338","targetHints":{"allow":["GET"]}}],"collection":[{"href":"https:\/\/www.medienberatungev.org\/index.php?rest_route=\/wp\/v2\/posts"}],"about":[{"href":"https:\/\/www.medienberatungev.org\/index.php?rest_route=\/wp\/v2\/types\/post"}],"author":[{"embeddable":true,"href":"https:\/\/www.medienberatungev.org\/index.php?rest_route=\/wp\/v2\/users\/2"}],"replies":[{"embeddable":true,"href":"https:\/\/www.medienberatungev.org\/index.php?rest_route=%2Fwp%2Fv2%2Fcomments&post=5338"}],"version-history":[{"count":6,"href":"https:\/\/www.medienberatungev.org\/index.php?rest_route=\/wp\/v2\/posts\/5338\/revisions"}],"predecessor-version":[{"id":23215,"href":"https:\/\/www.medienberatungev.org\/index.php?rest_route=\/wp\/v2\/posts\/5338\/revisions\/23215"}],"wp:attachment":[{"href":"https:\/\/www.medienberatungev.org\/index.php?rest_route=%2Fwp%2Fv2%2Fmedia&parent=5338"}],"wp:term":[{"taxonomy":"category","embeddable":true,"href":"https:\/\/www.medienberatungev.org\/index.php?rest_route=%2Fwp%2Fv2%2Fcategories&post=5338"},{"taxonomy":"post_tag","embeddable":true,"href":"https:\/\/www.medienberatungev.org\/index.php?rest_route=%2Fwp%2Fv2%2Ftags&post=5338"}],"curies":[{"name":"wp","href":"https:\/\/api.w.org\/{rel}","templated":true}]}}