{"id":5544,"date":"2018-02-05T21:14:48","date_gmt":"2018-02-05T21:14:48","guid":{"rendered":"http:\/\/www.medienberatungev.org\/?p=5544"},"modified":"2026-03-28T19:05:02","modified_gmt":"2026-03-28T19:05:02","slug":"5544","status":"publish","type":"post","link":"https:\/\/www.medienberatungev.org\/?p=5544","title":{"rendered":"Schauburg  Kino am Millerntor"},"content":{"rendered":"\n<figure class=\"wp-block-image size-large\"><a href=\"https:\/\/www.medienberatungev.org\/wp-content\/uploads\/2014\/06\/Ohne-Titel-1-Kopie-e1572985698779.jpg\"><img decoding=\"async\" src=\"https:\/\/www.medienberatungev.org\/wp-content\/uploads\/2014\/06\/Ohne-Titel-1-Kopie-1024x693.jpg\" alt=\"Hugo und Sophie Streit geb. Henschel\" class=\"wp-image-529\"\/><\/a><figcaption class=\"wp-element-caption\">Hugo und Sophie Streit mit der Schauburg Zeitung<br><\/figcaption><\/figure>\n\n\n<div class=\"wp-block-image\">\n<figure class=\"aligncenter size-full is-resized\"><a href=\"https:\/\/www.medienberatungev.org\/wp-content\/uploads\/2024\/10\/Schauburginnen1927.jpg\"><img loading=\"lazy\" decoding=\"async\" width=\"738\" height=\"493\" src=\"https:\/\/www.medienberatungev.org\/wp-content\/uploads\/2024\/10\/Schauburginnen1927.jpg\" alt=\"Foto Louis Segall\" class=\"wp-image-27758\" style=\"width:610px;height:auto\" srcset=\"https:\/\/www.medienberatungev.org\/wp-content\/uploads\/2024\/10\/Schauburginnen1927.jpg 738w, https:\/\/www.medienberatungev.org\/wp-content\/uploads\/2024\/10\/Schauburginnen1927-300x200.jpg 300w\" sizes=\"auto, (max-width: 709px) 85vw, (max-width: 909px) 67vw, (max-width: 984px) 61vw, (max-width: 1362px) 45vw, 600px\" \/><\/a><figcaption class=\"wp-element-caption\">Schauburg Kino Reeperbahn 1 Foto von Louis Segall 1928<br>mit Oskalyd Orgel rechts und links der Leinwand<\/figcaption><\/figure>\n<\/div>\n\n\n<figure class=\"wp-block-image size-large\"><a href=\"https:\/\/www.medienberatungev.org\/wp-content\/uploads\/2018\/02\/SchauburgMillerntorgro\u00df-e1573082839521.jpg\"><img loading=\"lazy\" decoding=\"async\" width=\"1024\" height=\"664\" src=\"https:\/\/www.medienberatungev.org\/wp-content\/uploads\/2018\/02\/SchauburgMillerntorgro\u00df-1024x664.jpg\" alt=\"Zuschauerraum mit Balkon\" class=\"wp-image-5545\"\/><\/a><figcaption class=\"wp-element-caption\">Foto Louis Segall<\/figcaption><\/figure>\n\n\n<div class=\"wp-block-image\">\n<figure class=\"aligncenter size-large is-resized\"><a href=\"https:\/\/www.medienberatungev.org\/wp-content\/uploads\/2016\/06\/FoyerSchauburg-e1573088966980.jpg\"><img loading=\"lazy\" decoding=\"async\" width=\"1024\" height=\"766\" src=\"https:\/\/www.medienberatungev.org\/wp-content\/uploads\/2016\/06\/FoyerSchauburg-1024x766.jpg\" alt=\"\" class=\"wp-image-4209\" style=\"width:606px;height:auto\"\/><\/a><figcaption class=\"wp-element-caption\">Foyer Schauburg am Millerntor Foto Louis Segall<\/figcaption><\/figure>\n<\/div>\n\n<div class=\"wp-block-image\">\n<figure class=\"aligncenter size-large is-resized\"><a href=\"https:\/\/www.medienberatungev.org\/wp-content\/uploads\/2017\/10\/Schauburg-am-Millerntor-1927-Foto-St.-Pauli-Archiv.jpg\"><img loading=\"lazy\" decoding=\"async\" width=\"1024\" height=\"693\" src=\"https:\/\/www.medienberatungev.org\/wp-content\/uploads\/2017\/10\/Schauburg-am-Millerntor-1927-Foto-St.-Pauli-Archiv-1024x693.jpg\" alt=\"Schaubnurg Luftaufnahme\" class=\"wp-image-3836\" style=\"width:605px;height:auto\" srcset=\"https:\/\/www.medienberatungev.org\/wp-content\/uploads\/2017\/10\/Schauburg-am-Millerntor-1927-Foto-St.-Pauli-Archiv-1024x693.jpg 1024w, https:\/\/www.medienberatungev.org\/wp-content\/uploads\/2017\/10\/Schauburg-am-Millerntor-1927-Foto-St.-Pauli-Archiv-300x203.jpg 300w, https:\/\/www.medienberatungev.org\/wp-content\/uploads\/2017\/10\/Schauburg-am-Millerntor-1927-Foto-St.-Pauli-Archiv.jpg 1974w\" sizes=\"auto, (max-width: 709px) 85vw, (max-width: 909px) 67vw, (max-width: 1362px) 62vw, 840px\" \/><\/a><figcaption class=\"wp-element-caption\">Schauburg Millerntor. Reeperbahn Nr. 1. Das Foto wurde nach dem 27. M\u00e4rz 1929 gemacht. Das kann man aus der Reklame f\u00fcr den Film &#8222;M\u00f6blierte Zimmer&#8220; erkennen. Der Start des Filmes war an diesem Tag. Eine Hamburger Erstauff\u00fchrung. Mit Hans Albers. (Luftbild vom Denkmalschuttzamt Hamburg)<\/figcaption><\/figure>\n<\/div>\n\n\n<figure class=\"wp-block-image size-full\"><a href=\"https:\/\/www.medienberatungev.org\/wp-content\/uploads\/2018\/02\/Screenshot-2025-04-01-at-21-35-02-Moeblierte-Zimmer.-Der-sturmfreie-Junggeselle-filmportal.de_.png\"><img loading=\"lazy\" decoding=\"async\" width=\"326\" height=\"221\" src=\"https:\/\/www.medienberatungev.org\/wp-content\/uploads\/2018\/02\/Screenshot-2025-04-01-at-21-35-02-Moeblierte-Zimmer.-Der-sturmfreie-Junggeselle-filmportal.de_.png\" alt=\"\" class=\"wp-image-28417\" srcset=\"https:\/\/www.medienberatungev.org\/wp-content\/uploads\/2018\/02\/Screenshot-2025-04-01-at-21-35-02-Moeblierte-Zimmer.-Der-sturmfreie-Junggeselle-filmportal.de_.png 326w, https:\/\/www.medienberatungev.org\/wp-content\/uploads\/2018\/02\/Screenshot-2025-04-01-at-21-35-02-Moeblierte-Zimmer.-Der-sturmfreie-Junggeselle-filmportal.de_-300x203.png 300w\" sizes=\"auto, (max-width: 326px) 85vw, 326px\" \/><\/a><figcaption class=\"wp-element-caption\">Bild aus dem Film &#8222;M\u00f6blierte Zimmer&#8220;<\/figcaption><\/figure>\n\n\n\n<p>.<\/p>\n\n\n\n<div class=\"wp-block-file\"><a href=\"https:\/\/www.medienberatungev.org\/wp-content\/uploads\/2020\/05\/unsereFirmaisteinarischesUnternehmen.pdf\">unsereFirmaisteinarischesUnternehmen<\/a><a href=\"https:\/\/www.medienberatungev.org\/wp-content\/uploads\/2020\/05\/unsereFirmaisteinarischesUnternehmen.pdf\" class=\"wp-block-file__button wp-element-button\" download>Herunterladen<\/a><\/div>\n\n\n\n<figure class=\"wp-block-image size-full\"><a href=\"https:\/\/www.medienberatungev.org\/wp-content\/uploads\/2014\/05\/04051942.jpg\"><img loading=\"lazy\" decoding=\"async\" width=\"15698\" height=\"11967\" src=\"https:\/\/www.medienberatungev.org\/wp-content\/uploads\/2014\/05\/04051942.jpg\" alt=\"Schauburg Innenraum ausgebrannt\" class=\"wp-image-6660\"\/><\/a><figcaption class=\"wp-element-caption\">Schauburg Millerntor Foto von Erich Andres.<br>Schauburg St. Pauli<\/figcaption><\/figure>\n\n\n\n\n<div class=\"wp-block-image\">\n<figure class=\"alignright size-full is-resized\"><a href=\"https:\/\/www.medienberatungev.org\/wp-content\/uploads\/2022\/06\/Nilpferdzwinkert.jpg\"><img loading=\"lazy\" decoding=\"async\" width=\"993\" height=\"756\" src=\"https:\/\/www.medienberatungev.org\/wp-content\/uploads\/2022\/06\/Nilpferdzwinkert.jpg\" alt=\"\" class=\"wp-image-17341\" style=\"aspect-ratio:1.3135033762019517;width:203px;height:auto\" srcset=\"https:\/\/www.medienberatungev.org\/wp-content\/uploads\/2022\/06\/Nilpferdzwinkert.jpg 993w, https:\/\/www.medienberatungev.org\/wp-content\/uploads\/2022\/06\/Nilpferdzwinkert-300x228.jpg 300w, https:\/\/www.medienberatungev.org\/wp-content\/uploads\/2022\/06\/Nilpferdzwinkert-768x585.jpg 768w\" sizes=\"auto, (max-width: 709px) 85vw, (max-width: 909px) 67vw, (max-width: 1362px) 62vw, 840px\" \/><\/a><figcaption class=\"wp-element-caption\">Zeichnung Helga Bachmann<\/figcaption><\/figure>\n<\/div>\n\n\n<p><\/p>\n","protected":false},"excerpt":{"rendered":"<p>.<\/p>\n","protected":false},"author":2,"featured_media":0,"comment_status":"open","ping_status":"open","sticky":false,"template":"","format":"standard","meta":{"footnotes":""},"categories":[9538,2008,2126,2398,2626,2409,2698,1988,4679,5875,2449,2037,2455,5665,5750,2359,1607,6275,4355,4523,2538,7408,69,9534,2948,650,298,2489,14,3310,3285,2620,8346,9535,6443,16,1833,4665,4514,5,4273,4988,4511,327,1536,4377,6770,1729,5633,826,49,45,7997,8012,8266,488,7305,6317,6318,1320,1475,5634,1,1725,4512,2471,2015,9594,1604,7742,2701,2702],"tags":[3555,3541,3542,2017,3547,3548,9528,2193,975,819,3691],"class_list":["post-5544","post","type-post","status-publish","format-standard","hentry","category-1-mai-1936","category-2008","category-2126","category-2398","category-2626","category-2409","category-2698","category-1988","category-4679","category-5875","category-2449","category-2037","category-2455","category-5665","category-5750","category-2359","category-1607","category-35-mm-film","category-anita-urich-sass","category-annita-urich-sass","category-arisierer","category-arisiert","category-arisierung","category-atelier-schauburg","category-deutsche","category-deutsche-filme","category-deutscher-film","category-deutsches-reich","category-enteignung","category-erich-maria-remark","category-erich-maria-remarque","category-film","category-films","category-fotograf-louis-segall","category-geschichte-des-films","category-hamburg","category-hamburger","category-hamburger-kinos","category-henschel","category-henschel-film-konzern","category-henschel-film-und-theaterkonzern-ohg","category-horst-urich-sass","category-juden","category-juedischer-friedhof","category-juedischer-friedhof-hamburg-ohlsdorf","category-karl-wolffsohn","category-kinoarchitektur","category-lbb","category-lebende-photographien","category-licht-bild-buehne","category-lichtbildbuehne","category-nsdap","category-nutzloses-wissen","category-nutzl-oses-wissen","category-reichsfilmkammer","category-reichsfluchtsteuer","category-restitution","category-schauburg-kino-millerntor","category-schauburg-kino-st-pauli","category-spielbudenplatz","category-st-pauli","category-theater-lebender-photographien","category-uncategorized","category-urich","category-urich-sass","category-waterloo-filmtheater","category-waterloo-kino","category-waterloo-theater","category-wiedergutmachung","category-zufallsfund","category-zusammensprudelln","category-zusammensprudeln","tag-arisierung","tag-enteignung","tag-hamburg","tag-henschel-film-theaterkonzern","tag-hermann-urich-sass","tag-hugo-streit","tag-louis-segall","tag-millerntor","tag-schauburg","tag-schauburg-st-pauli","tag-st-pauli"],"_links":{"self":[{"href":"https:\/\/www.medienberatungev.org\/index.php?rest_route=\/wp\/v2\/posts\/5544","targetHints":{"allow":["GET"]}}],"collection":[{"href":"https:\/\/www.medienberatungev.org\/index.php?rest_route=\/wp\/v2\/posts"}],"about":[{"href":"https:\/\/www.medienberatungev.org\/index.php?rest_route=\/wp\/v2\/types\/post"}],"author":[{"embeddable":true,"href":"https:\/\/www.medienberatungev.org\/index.php?rest_route=\/wp\/v2\/users\/2"}],"replies":[{"embeddable":true,"href":"https:\/\/www.medienberatungev.org\/index.php?rest_route=%2Fwp%2Fv2%2Fcomments&post=5544"}],"version-history":[{"count":38,"href":"https:\/\/www.medienberatungev.org\/index.php?rest_route=\/wp\/v2\/posts\/5544\/revisions"}],"predecessor-version":[{"id":31643,"href":"https:\/\/www.medienberatungev.org\/index.php?rest_route=\/wp\/v2\/posts\/5544\/revisions\/31643"}],"wp:attachment":[{"href":"https:\/\/www.medienberatungev.org\/index.php?rest_route=%2Fwp%2Fv2%2Fmedia&parent=5544"}],"wp:term":[{"taxonomy":"category","embeddable":true,"href":"https:\/\/www.medienberatungev.org\/index.php?rest_route=%2Fwp%2Fv2%2Fcategories&post=5544"},{"taxonomy":"post_tag","embeddable":true,"href":"https:\/\/www.medienberatungev.org\/index.php?rest_route=%2Fwp%2Fv2%2Ftags&post=5544"}],"curies":[{"name":"wp","href":"https:\/\/api.w.org\/{rel}","templated":true}]}}