{"id":5595,"date":"2018-02-09T10:21:32","date_gmt":"2018-02-09T10:21:32","guid":{"rendered":"http:\/\/www.medienberatungev.org\/?p=5595"},"modified":"2019-12-12T19:46:40","modified_gmt":"2019-12-12T19:46:40","slug":"alte-postkarte-berlin","status":"publish","type":"post","link":"https:\/\/www.medienberatungev.org\/?p=5595","title":{"rendered":"Alte Postkarte Berlin"},"content":{"rendered":"<p><a href=\"http:\/\/www.medienberatungev.org\/wp-content\/uploads\/2018\/02\/AltePostkarteBerlinBTklein.jpg\"><img loading=\"lazy\" decoding=\"async\" class=\"aligncenter  wp-image-5594\" src=\"http:\/\/www.medienberatungev.org\/wp-content\/uploads\/2018\/02\/AltePostkarteBerlinBTklein.jpg\" alt=\"AltePostkarteBerlinBTklein\" width=\"641\" height=\"439\"><\/a><\/p>\n\n\n<figure class=\"wp-block-image is-resized\"><img loading=\"lazy\" decoding=\"async\" src=\"https:\/\/www.medienberatungev.org\/wp-content\/uploads\/2019\/12\/BerlinBlickvonderSiegess\u00e4uleBrandenburgerTor-1024x663.jpg\" alt=\"\" class=\"wp-image-10411\" width=\"625\" height=\"404\" srcset=\"https:\/\/www.medienberatungev.org\/wp-content\/uploads\/2019\/12\/BerlinBlickvonderSiegess\u00e4uleBrandenburgerTor-1024x663.jpg 1024w, https:\/\/www.medienberatungev.org\/wp-content\/uploads\/2019\/12\/BerlinBlickvonderSiegess\u00e4uleBrandenburgerTor-300x194.jpg 300w, https:\/\/www.medienberatungev.org\/wp-content\/uploads\/2019\/12\/BerlinBlickvonderSiegess\u00e4uleBrandenburgerTor-768x497.jpg 768w\" sizes=\"auto, (max-width: 709px) 85vw, (max-width: 909px) 67vw, (max-width: 984px) 61vw, (max-width: 1362px) 45vw, 600px\" \/><\/figure>\n\n\n\n<figure class=\"wp-block-image is-resized\"><img loading=\"lazy\" decoding=\"async\" src=\"https:\/\/www.medienberatungev.org\/wp-content\/uploads\/2019\/05\/BerlinBlickvonderSiegess\u00e4uleBrandenburgerTor-1024x667.jpg\" alt=\"Berlin Fotos vom Juli 1961 (alles noch ohne Mauer). Diese wurde am 13. August 1961 gebaut. Was Bullrich Salz f\u00fcr die Verdauung, ist Ulbricht f\u00fcr die Weltanschauung. Gern zitiert wird Walter Ulbricht auch, der kurz vor dem Bau der Mauer verk\u00fcndet hatte: &gt;Niemand hat die Absicht eine Mauer zu bauen<, darum wurde er sp\u00e4ter auch Walter Niemand genannt.\" class=\"wp-image-9085\" width=\"622\" height=\"405\" srcset=\"https:\/\/www.medienberatungev.org\/wp-content\/uploads\/2019\/05\/BerlinBlickvonderSiegess\u00e4uleBrandenburgerTor-1024x667.jpg 1024w, https:\/\/www.medienberatungev.org\/wp-content\/uploads\/2019\/05\/BerlinBlickvonderSiegess\u00e4uleBrandenburgerTor-300x195.jpg 300w, https:\/\/www.medienberatungev.org\/wp-content\/uploads\/2019\/05\/BerlinBlickvonderSiegess\u00e4uleBrandenburgerTor-768x500.jpg 768w\" sizes=\"auto, (max-width: 709px) 85vw, (max-width: 909px) 67vw, (max-width: 984px) 61vw, (max-width: 1362px) 45vw, 600px\" \/><\/figure>\n\n\n\n<figure class=\"wp-block-image is-resized\"><img loading=\"lazy\" decoding=\"async\" src=\"https:\/\/www.medienberatungev.org\/wp-content\/uploads\/2019\/05\/BerlinSiegess\u00e4uleJuli1961.jpg\" alt=\"\" class=\"wp-image-9087\" width=\"621\" height=\"381\" srcset=\"https:\/\/www.medienberatungev.org\/wp-content\/uploads\/2019\/05\/BerlinSiegess\u00e4uleJuli1961.jpg 527w, https:\/\/www.medienberatungev.org\/wp-content\/uploads\/2019\/05\/BerlinSiegess\u00e4uleJuli1961-300x184.jpg 300w\" sizes=\"auto, (max-width: 709px) 85vw, (max-width: 909px) 67vw, (max-width: 984px) 61vw, (max-width: 1362px) 45vw, 600px\" \/><\/figure>\n","protected":false},"excerpt":{"rendered":"","protected":false},"author":2,"featured_media":0,"comment_status":"open","ping_status":"open","sticky":false,"template":"","format":"standard","meta":{"footnotes":""},"categories":[2049,199,2292,1],"tags":[3839],"class_list":["post-5595","post","type-post","status-publish","format-standard","hentry","category-2049","category-berlin","category-brandenburger-tor","category-uncategorized","tag-fernsehturm"],"_links":{"self":[{"href":"https:\/\/www.medienberatungev.org\/index.php?rest_route=\/wp\/v2\/posts\/5595","targetHints":{"allow":["GET"]}}],"collection":[{"href":"https:\/\/www.medienberatungev.org\/index.php?rest_route=\/wp\/v2\/posts"}],"about":[{"href":"https:\/\/www.medienberatungev.org\/index.php?rest_route=\/wp\/v2\/types\/post"}],"author":[{"embeddable":true,"href":"https:\/\/www.medienberatungev.org\/index.php?rest_route=\/wp\/v2\/users\/2"}],"replies":[{"embeddable":true,"href":"https:\/\/www.medienberatungev.org\/index.php?rest_route=%2Fwp%2Fv2%2Fcomments&post=5595"}],"version-history":[{"count":4,"href":"https:\/\/www.medienberatungev.org\/index.php?rest_route=\/wp\/v2\/posts\/5595\/revisions"}],"predecessor-version":[{"id":10418,"href":"https:\/\/www.medienberatungev.org\/index.php?rest_route=\/wp\/v2\/posts\/5595\/revisions\/10418"}],"wp:attachment":[{"href":"https:\/\/www.medienberatungev.org\/index.php?rest_route=%2Fwp%2Fv2%2Fmedia&parent=5595"}],"wp:term":[{"taxonomy":"category","embeddable":true,"href":"https:\/\/www.medienberatungev.org\/index.php?rest_route=%2Fwp%2Fv2%2Fcategories&post=5595"},{"taxonomy":"post_tag","embeddable":true,"href":"https:\/\/www.medienberatungev.org\/index.php?rest_route=%2Fwp%2Fv2%2Ftags&post=5595"}],"curies":[{"name":"wp","href":"https:\/\/api.w.org\/{rel}","templated":true}]}}