{"id":5734,"date":"2018-02-28T11:33:40","date_gmt":"2018-02-28T11:33:40","guid":{"rendered":"http:\/\/www.medienberatungev.org\/?p=5734"},"modified":"2018-02-28T11:36:14","modified_gmt":"2018-02-28T11:36:14","slug":"die-spd-macht-ein-gelaende-frei-fuer-die-ansiedlung-von-mercedes-benz","status":"publish","type":"post","link":"https:\/\/www.medienberatungev.org\/?p=5734","title":{"rendered":"Die SPD macht ein Gel\u00e4nde frei f\u00fcr die Ansiedlung von Mercedes Benz"},"content":{"rendered":"<p>Aber sp\u00e4ter stellt sich heraus. Mercedes Benz will sich gar nicht ansiedeln.<\/p>\n<p>Das sieht dann so aus:<a href=\"http:\/\/www.medienberatungev.org\/wp-content\/uploads\/2018\/02\/DieSpdmachteinGel\u00e4ndefreif\u00fcrMB.jpg\"><img loading=\"lazy\" decoding=\"async\" class=\"aligncenter size-large wp-image-5731\" src=\"http:\/\/www.medienberatungev.org\/wp-content\/uploads\/2018\/02\/DieSpdmachteinGel\u00e4ndefreif\u00fcrMB-1024x694.jpg\" alt=\"DieSpdmachteinGel\u00e4ndefreif\u00fcrMB\" width=\"640\" height=\"433\" \/><\/a><a href=\"http:\/\/www.medienberatungev.org\/wp-content\/uploads\/2018\/02\/Nilpferdeinauge.jpg\"><img loading=\"lazy\" decoding=\"async\" class=\"wp-image-5635 alignright\" src=\"http:\/\/www.medienberatungev.org\/wp-content\/uploads\/2018\/02\/Nilpferdeinauge-1024x786.jpg\" alt=\"Nilpferdeinauge\" width=\"146\" height=\"112\" \/><\/a><a href=\"http:\/\/www.medienberatungev.org\/wp-content\/uploads\/2018\/01\/By-nc-sa_color.png\"><img loading=\"lazy\" decoding=\"async\" class=\"wp-image-5212 alignleft\" src=\"http:\/\/www.medienberatungev.org\/wp-content\/uploads\/2018\/01\/By-nc-sa_color.png\" alt=\"By-nc-sa_color\" width=\"98\" height=\"66\" srcset=\"https:\/\/www.medienberatungev.org\/wp-content\/uploads\/2018\/01\/By-nc-sa_color.png 720w, https:\/\/www.medienberatungev.org\/wp-content\/uploads\/2018\/01\/By-nc-sa_color-300x202.png 300w\" sizes=\"auto, (max-width: 98px) 85vw, 98px\" \/><\/a>Foto Jens Meyer<\/p>\n<p>Hamburg Ecke Bartelsstrasse \/Altonaer Strasse<\/p>\n","protected":false},"excerpt":{"rendered":"<p>Aber sp\u00e4ter stellt sich heraus. Mercedes Benz will sich gar nicht ansiedeln. Das sieht dann so aus:Foto Jens Meyer Hamburg Ecke Bartelsstrasse \/Altonaer Strasse<\/p>\n","protected":false},"author":2,"featured_media":0,"comment_status":"open","ping_status":"open","sticky":false,"template":"","format":"standard","meta":{"footnotes":""},"categories":[1302,1245,1618,945,2151,971,1137,123,1],"tags":[2332,2333,3563,148],"class_list":["post-5734","post","type-post","status-publish","format-standard","hentry","category-bezirk-hamburg-altona","category-fotoarchiv-jens-meyer","category-fotografen","category-fotos","category-hamburg-eimsbuettel","category-schanzenviertel","category-schanzenviertel-hamburg","category-spd","category-uncategorized","tag-kaefer","tag-mercedes-benz","tag-spd","tag-vw-1300"],"_links":{"self":[{"href":"https:\/\/www.medienberatungev.org\/index.php?rest_route=\/wp\/v2\/posts\/5734","targetHints":{"allow":["GET"]}}],"collection":[{"href":"https:\/\/www.medienberatungev.org\/index.php?rest_route=\/wp\/v2\/posts"}],"about":[{"href":"https:\/\/www.medienberatungev.org\/index.php?rest_route=\/wp\/v2\/types\/post"}],"author":[{"embeddable":true,"href":"https:\/\/www.medienberatungev.org\/index.php?rest_route=\/wp\/v2\/users\/2"}],"replies":[{"embeddable":true,"href":"https:\/\/www.medienberatungev.org\/index.php?rest_route=%2Fwp%2Fv2%2Fcomments&post=5734"}],"version-history":[{"count":2,"href":"https:\/\/www.medienberatungev.org\/index.php?rest_route=\/wp\/v2\/posts\/5734\/revisions"}],"predecessor-version":[{"id":5736,"href":"https:\/\/www.medienberatungev.org\/index.php?rest_route=\/wp\/v2\/posts\/5734\/revisions\/5736"}],"wp:attachment":[{"href":"https:\/\/www.medienberatungev.org\/index.php?rest_route=%2Fwp%2Fv2%2Fmedia&parent=5734"}],"wp:term":[{"taxonomy":"category","embeddable":true,"href":"https:\/\/www.medienberatungev.org\/index.php?rest_route=%2Fwp%2Fv2%2Fcategories&post=5734"},{"taxonomy":"post_tag","embeddable":true,"href":"https:\/\/www.medienberatungev.org\/index.php?rest_route=%2Fwp%2Fv2%2Ftags&post=5734"}],"curies":[{"name":"wp","href":"https:\/\/api.w.org\/{rel}","templated":true}]}}