{"id":6221,"date":"2018-05-01T18:11:24","date_gmt":"2018-05-01T18:11:24","guid":{"rendered":"http:\/\/www.medienberatungev.org\/?p=6221"},"modified":"2024-06-02T07:46:53","modified_gmt":"2024-06-02T07:46:53","slug":"henschel-film-und-theaterkonzern-in-hamburg","status":"publish","type":"post","link":"https:\/\/www.medienberatungev.org\/?p=6221","title":{"rendered":"Henschel Film- und Theaterkonzern in Hamburg OHG \/ KG"},"content":{"rendered":"<p><a href=\"http:\/\/www.medienberatungev.org\/wp-content\/uploads\/2018\/05\/HorstUrichSassUSA19901.jpg\"><img loading=\"lazy\" decoding=\"async\" class=\"aligncenter size-large wp-image-6241\" src=\"http:\/\/www.medienberatungev.org\/wp-content\/uploads\/2018\/05\/HorstUrichSassUSA19901-1024x878.jpg\" alt=\"HorstUrichSassUSA1990\" width=\"640\" height=\"548\"><\/a>Horst Urich Sass (Sohn des Kinobesitzers Hermann Urich Sass) in dem Garten&nbsp; seines Hauses in den USA. Beverly Hills, 719 N. Alpine Drive. Foto 1990. (geb. 1. Februar 1914 in Hamburg). Gestorben am 19. April 2000 in Beverly Hills.<\/p>\n<p><a href=\"http:\/\/www.medienberatungev.org\/wp-content\/uploads\/2018\/05\/CarlHeinzStreit.jpg\"><img loading=\"lazy\" decoding=\"async\" class=\"aligncenter size-large wp-image-6220\" src=\"http:\/\/www.medienberatungev.org\/wp-content\/uploads\/2018\/05\/CarlHeinzStreit-1024x700.jpg\" alt=\"CarlHeinzStreit\" width=\"640\" height=\"437\"><\/a><strong>Carl Heinz Streit,<\/strong> (geb. am 26. August 1911 in Hamburg, gest. am 24. April 2002 in Belo Horizonte\/Brasilien). Das Foto wurde 1990 in der Wohnung seines Bruders (Rolf Arno Streit) in Belo Horizonte gemacht.<\/p>\n<p>1936 ist er, zusammen mit seinem Bruder Carl Heinz aus Hamburg geflohen. Carl Heinz und Rolf Arno Streit sind die S\u00f6hne des Hamburger Kinobesitzers Hugo Streit, dem 1938 die Flucht aus Hamburg, aus Deutschland gelungen ist.<\/p>\n<p>Seine Firma&nbsp; <strong>Henschel Film- und Theaterkonzern <\/strong>war damals schon &#8222;arisiert&#8220; (enteignet) und&nbsp; von den beiden<strong> &#8222;Nutzniessern&#8220;<\/strong> Paul Romahn und Gustav Sch\u00fcmann \u00fcbernommen worden.<\/p>\n<p><strong><em>&#8222;Bezahlt haben sie nichts daf\u00fcr. Daf\u00fcr hat schon die NSDAP gesorgt, dass den Juden kein Geld zugeflossen ist&#8220;.<\/em> <\/strong>(Rolf Arno Streit 1990 Belo Horizonte.) <a href=\"http:\/\/www.medienberatungev.org\/wp-content\/uploads\/2018\/05\/RolfArnoStreit1990.jpg\">&nbsp;<img loading=\"lazy\" decoding=\"async\" class=\"aligncenter size-large wp-image-6219\" src=\"http:\/\/www.medienberatungev.org\/wp-content\/uploads\/2018\/05\/RolfArnoStreit1990-1024x686.jpg\" alt=\"RolfArnoStreit1990\" width=\"640\" height=\"428\"><\/a><strong>Rolf Arno Streit,<\/strong> (geb. am 9. August 1912 in Hamburg, gestorben am 15. Februar 1993 in Belo Horizonte\/Brasilien). Geflohen aus Deutschland 1936.<\/p>\n<p>Der Henschel Konzern war eine OHG, die von Hugo Streit und Hermann Urich Sass gegr\u00fcndet worden war.&nbsp;Die OHG betrieb in Hamburg die<strong> Schauburg Kinos.<\/strong><\/p>\n<p>Nach dem Selbstmord von Hermann Urich Sass, am 27. Januar 1933, wurde die Gesellschaft in eine KG umgewandelt, in die die Erben Urich Sass, (seine Ehefrau Hedwig Urich Sass und seine Kinder, Horst, Hans J\u00fcrgen und Vera Urich Sass) eintraten.<a href=\"http:\/\/www.medienberatungev.org\/wp-content\/uploads\/2018\/02\/Nilpferd7.jpg\"><img loading=\"lazy\" decoding=\"async\" class=\"wp-image-5638 alignright\" src=\"http:\/\/www.medienberatungev.org\/wp-content\/uploads\/2018\/02\/Nilpferd7-1024x717.jpg\" alt=\"Nilpferd7\" width=\"174\" height=\"122\"><\/a><a href=\"http:\/\/www.medienberatungev.org\/wp-content\/uploads\/2018\/03\/By-nc-sa_color.png\"><img loading=\"lazy\" decoding=\"async\" class=\"wp-image-5796 alignleft\" src=\"http:\/\/www.medienberatungev.org\/wp-content\/uploads\/2018\/03\/By-nc-sa_color.png\" alt=\"By-nc-sa_color\" width=\"182\" height=\"123\" srcset=\"https:\/\/www.medienberatungev.org\/wp-content\/uploads\/2018\/03\/By-nc-sa_color.png 720w, https:\/\/www.medienberatungev.org\/wp-content\/uploads\/2018\/03\/By-nc-sa_color-300x202.png 300w\" sizes=\"auto, (max-width: 182px) 85vw, 182px\" \/><\/a><\/p>\n<p><a href=\"http:\/\/www.medienberatungev.org\/wp-content\/uploads\/2018\/05\/Schauburg1936.jpg\"><img loading=\"lazy\" decoding=\"async\" class=\"aligncenter size-large wp-image-6214\" src=\"http:\/\/www.medienberatungev.org\/wp-content\/uploads\/2018\/05\/Schauburg1936-652x1024.jpg\" alt=\"Schauburg1936\" width=\"640\" height=\"1005\"><\/a>Schauburg Kino, M\u00f6nckebergstrasse 8 in Hamburg beim Hauptbahnhof. Die Aufnahme von dem Eingang des Kinos entstand am <strong>31. Januar 1936<\/strong> (Deutschland Start des Filmes Anna Karenina). Repro: Reinhold S\u00f6gtrop.<\/p>\n<p><a href=\"http:\/\/www.medienberatungev.org\/?attachment_id=4842\" rel=\"attachment wp-att-4842\">lbb_beil2ff<\/a><a href=\"http:\/\/www.medienberatungev.org\/?attachment_id=7994\" rel=\"attachment wp-att-7994\"><img loading=\"lazy\" decoding=\"async\" class=\"wp-image-7994 alignright\" src=\"http:\/\/www.medienberatungev.org\/wp-content\/uploads\/2018\/10\/Tieresehendichan3klein.jpg\" alt=\"\" width=\"140\" height=\"107\"><\/a><a href=\"http:\/\/www.medienberatungev.org\/?attachment_id=8079\" rel=\"attachment wp-att-8079\"><img loading=\"lazy\" decoding=\"async\" class=\"aligncenter size-large wp-image-8079\" src=\"http:\/\/www.medienberatungev.org\/wp-content\/uploads\/2018\/10\/DavidUrichSassklein-681x1024.jpg\" alt=\"\" width=\"640\" height=\"962\"><\/a><\/p>\n<p><span style=\"font-size: large;\"><b><span style=\"font-family: Ubuntu;\">Nachtrag: <\/span><span style=\"font-family: Ubuntu;\">David Urich Sass und Annita Urich Sass<\/span><\/b><\/span><\/p>\n<p><span style=\"font-size: large;\"><span style=\"font-family: Ubuntu;\">Peter Offenborn hat es <\/span><span style=\"font-family: Ubuntu;\">herausgefunden (nach der Kultussteuerkartei der J\u00fcdischen Gemeinde Hamburg )<\/span><span style=\"font-family: Ubuntu;\">. <\/span><\/span><span style=\"font-size: large;\"><span style=\"font-family: Ubuntu;\">Der Vater von Hermann Urich Sass war <\/span><b><span style=\"font-family: Ubuntu;\">David Urich Sass<\/span><\/b><span style=\"font-family: Ubuntu;\">, geb. <\/span><span style=\"font-family: Ubuntu;\">am 05. Mai 1861 in Lemberg (Galizien), das damals zu \u00d6sterreich geh\u00f6rte. Gestorben am 24. Januar 1922 in Hamburg (Beerdigt auf dem J\u00fcdischen Friedhof in Hamburg Ohlsdorf). <\/span><\/span><\/p>\n<p><span style=\"font-size: large;\"><span style=\"font-family: Ubuntu;\">Bevor Hermann Urich Sass bei der Kino Firma &gt;J.Henschel&lt; arbeitete, war er<\/span><span style=\"font-family: Ubuntu;\"> Angestellter der Firma Max Blancke &amp; Co . Film- Import\/Export, Eimsb\u00fctteler Chaussee 112, sp\u00e4ter Dammthorstrasse 27, deren Inhaber er sp\u00e4ter wurde). Die Familie wohnte zuletzt in der Schl\u00fcterstrasse 1. <\/span><span style=\"font-family: Ubuntu;\">Sp\u00e4ter \u2013 nach der Emigration der Kinder \u2013 wohnte Hedwig in der Grindelallee 23 b. Neumark. Die <\/span><\/span><span style=\"font-size: large;\"><span style=\"font-family: Ubuntu;\">Mutter von Hermann Urich Sass, war <\/span><b><span style=\"font-family: Ubuntu;\">Annita Urich Sass<\/span><\/b><span style=\"font-family: Ubuntu;\">, geb. Italiener, geb. am 17. Juli 1863 in Hamburg. <\/span><span style=\"font-family: Ubuntu;\">Annita Urich Sass wurde am 17. Juli 1942 nach Theresienstadt deportiert u1nd am 18.12. 1942 dort ermordet.&nbsp;&nbsp;&nbsp;&nbsp;&nbsp;&nbsp;&nbsp;&nbsp;&nbsp;&nbsp;&nbsp;&nbsp;&nbsp;&nbsp;&nbsp; <\/span><\/span><\/p>\n<p><strong>Nachtrag 2020:<\/strong> Lange war nicht klar, wann dass unten abgebildete Foto der Belegschaft der Schauburg Hauptbahnhof entstanden ist. Der Aufmarsch der Belegschaft am 1. Mai in der M\u00f6nckebergstrasse 8, vor dem Schauburg Kino. Das abgebildete Plakat auf dem Foto des des Filmes &#8222;Du kannst nicht treu sein&#8220; Regie: Franz Seitz (Senior),&nbsp; mit der Schauspielerin Lucie Englisch und dem Schauspieler Hermann Speelmans, wurde am<strong> 08. Februar 1936 von der Zensur <\/strong>freigegeben und hatte seine Urauff\u00fchrung am <strong>11. Februar 1936.<\/strong> (Quelle: Filmportal.de).<\/p>\n<p>Das Foto mu\u00df also am 1. Mai 1936 entstanden sein. Da waren die urspr\u00fcnglichen Eigent\u00fcmer des Schauburg Kinos schon enteignet. &#8222;Arisiert&#8220;, wie die deutschen Nazis diesen Vorgang der Enteignung genannt haben.&nbsp; <a href=\"http:\/\/www.medienberatungev.org\/?attachment_id=8689\" rel=\"attachment wp-att-8689\"><img loading=\"lazy\" decoding=\"async\" class=\"aligncenter size-full wp-image-8689\" src=\"http:\/\/www.medienberatungev.org\/wp-content\/uploads\/2018\/05\/schauburgHbfbelegschaft1Mai1936.jpg\" alt=\"\" width=\"800\" height=\"529\" srcset=\"https:\/\/www.medienberatungev.org\/wp-content\/uploads\/2018\/05\/schauburgHbfbelegschaft1Mai1936.jpg 800w, https:\/\/www.medienberatungev.org\/wp-content\/uploads\/2018\/05\/schauburgHbfbelegschaft1Mai1936-300x198.jpg 300w, https:\/\/www.medienberatungev.org\/wp-content\/uploads\/2018\/05\/schauburgHbfbelegschaft1Mai1936-768x508.jpg 768w\" sizes=\"auto, (max-width: 709px) 85vw, (max-width: 909px) 67vw, (max-width: 984px) 61vw, (max-width: 1362px) 45vw, 600px\" \/><\/a><a href=\"http:\/\/www.medienberatungev.org\/?attachment_id=8700\" rel=\"attachment wp-att-8700\"><img loading=\"lazy\" decoding=\"async\" class=\"wp-image-8700 alignleft\" src=\"http:\/\/www.medienberatungev.org\/wp-content\/uploads\/2019\/03\/IMG_3969RomahnundSch\u00fcklein.jpg\" alt=\"\" width=\"168\" height=\"126\"><\/a><a href=\"http:\/\/www.medienberatungev.org\/?attachment_id=8642\" rel=\"attachment wp-att-8642\"><img loading=\"lazy\" decoding=\"async\" class=\"wp-image-8642 alignright\" src=\"http:\/\/www.medienberatungev.org\/wp-content\/uploads\/2019\/03\/milpferd_einauge-1024x686.jpg\" alt=\"\" width=\"327\" height=\"220\" srcset=\"https:\/\/www.medienberatungev.org\/wp-content\/uploads\/2019\/03\/milpferd_einauge-1024x686.jpg 1024w, https:\/\/www.medienberatungev.org\/wp-content\/uploads\/2019\/03\/milpferd_einauge-300x201.jpg 300w, https:\/\/www.medienberatungev.org\/wp-content\/uploads\/2019\/03\/milpferd_einauge-768x515.jpg 768w, https:\/\/www.medienberatungev.org\/wp-content\/uploads\/2019\/03\/milpferd_einauge.jpg 1070w\" sizes=\"auto, (max-width: 327px) 85vw, 327px\" \/><\/a>Die neuen &#8222;Besitzer&#8220; der Schauburg Kinos, SA Mann Gustav Sch\u00fcmann links und SA Mann Paul Romahn rechts. 1936<a href=\"http:\/\/www.medienberatungev.org\/?attachment_id=4376\" rel=\"attachment wp-att-4376\"><img loading=\"lazy\" decoding=\"async\" class=\"wp-image-4376 alignleft\" src=\"http:\/\/www.medienberatungev.org\/wp-content\/uploads\/2017\/11\/schauburg-aufmarsch-1-mai-1024x730.jpg\" alt=\"\" width=\"389\" height=\"278\"><\/a><\/p>\n<p><a href=\"http:\/\/www.medienberatungev.org\/?attachment_id=6660\" rel=\"attachment wp-att-6660\"><img loading=\"lazy\" decoding=\"async\" class=\"wp-image-6660 alignleft\" src=\"http:\/\/www.medienberatungev.org\/wp-content\/uploads\/2014\/05\/04051942-1024x780.jpg\" alt=\"\" width=\"632\" height=\"482\"><\/a><\/p>\n<p><\/p>\n\n\n<div class=\"wp-block-file\"><a id=\"wp-block-file--media-4a2e6cb9-349a-45c4-97ca-36fa25626bce\" href=\"https:\/\/www.medienberatungev.org\/wp-content\/uploads\/2020\/02\/pdfAbschriftLBBHummelHummelDMelamerson.pdf\">pdfAbschriftLBBHummelHummelDMelamerson<\/a><a href=\"https:\/\/www.medienberatungev.org\/wp-content\/uploads\/2020\/02\/pdfAbschriftLBBHummelHummelDMelamerson.pdf\" class=\"wp-block-file__button\" download aria-describedby=\"wp-block-file--media-4a2e6cb9-349a-45c4-97ca-36fa25626bce\">Herunterladen<\/a><\/div>\n\n\n\n<div class=\"wp-block-image\"><figure class=\"alignright size-large is-resized\"><img loading=\"lazy\" decoding=\"async\" src=\"https:\/\/www.medienberatungev.org\/wp-content\/uploads\/2020\/03\/Caddilacklein.jpg\" alt=\"\" class=\"wp-image-11133\" width=\"264\" height=\"168\" srcset=\"https:\/\/www.medienberatungev.org\/wp-content\/uploads\/2020\/03\/Caddilacklein.jpg 500w, https:\/\/www.medienberatungev.org\/wp-content\/uploads\/2020\/03\/Caddilacklein-300x190.jpg 300w\" sizes=\"auto, (max-width: 264px) 85vw, 264px\" \/><figcaption>Rothenbaumchaussee 149<\/figcaption><\/figure><\/div>\n\n\n\n<figure class=\"wp-block-image size-large is-resized\"><img loading=\"lazy\" decoding=\"async\" src=\"https:\/\/www.medienberatungev.org\/wp-content\/uploads\/2020\/04\/P1110043klein.jpg\" alt=\"\" class=\"wp-image-11179\" width=\"330\" height=\"248\" srcset=\"https:\/\/www.medienberatungev.org\/wp-content\/uploads\/2020\/04\/P1110043klein.jpg 800w, https:\/\/www.medienberatungev.org\/wp-content\/uploads\/2020\/04\/P1110043klein-300x225.jpg 300w, https:\/\/www.medienberatungev.org\/wp-content\/uploads\/2020\/04\/P1110043klein-768x576.jpg 768w\" sizes=\"auto, (max-width: 330px) 85vw, 330px\" \/><\/figure>\n\n\n\n<div class=\"wp-block-image\"><figure class=\"alignright size-large is-resized\"><img loading=\"lazy\" decoding=\"async\" src=\"https:\/\/www.medienberatungev.org\/wp-content\/uploads\/2016\/08\/By-nc-sa_color.png\" alt=\"Creativecommons.org\" class=\"wp-image-1755\" width=\"238\" height=\"160\" srcset=\"https:\/\/www.medienberatungev.org\/wp-content\/uploads\/2016\/08\/By-nc-sa_color.png 720w, https:\/\/www.medienberatungev.org\/wp-content\/uploads\/2016\/08\/By-nc-sa_color-300x202.png 300w\" sizes=\"auto, (max-width: 238px) 85vw, 238px\" \/><\/figure><\/div>\n\n\n\n<figure class=\"wp-block-image size-large is-resized\"><img loading=\"lazy\" decoding=\"async\" src=\"https:\/\/www.medienberatungev.org\/wp-content\/uploads\/2014\/06\/RolfArnoStreitmitHund-675x1024.jpg\" alt=\"Rothenbaumchaussee 149\" class=\"wp-image-6768\" width=\"330\" height=\"500\"\/><\/figure>\n\n\n\n<p><strong>Foto links oben <\/strong>(Farbe): Aufgenommen am <strong>6. April 2020<\/strong> &#8211;                                                                         <strong>Foto rechts<\/strong> (mit Cadillac): Aufgenommen (1935)  Fotograf Rolf Arno Streit.                  <strong>Foto unten<\/strong>: Rothenbaumchaussee 149 in Hamburg,  Auf dem Balkon: Rolf Arno Streit                                            (9. August 1911- 15. Februar 1993) .  Fotograf (sein Bruder) Carl Heinz Streit  (26. August 1911 &#8211; 24. April 2002)<\/p>\n\n\n\n<p>Aus dem Hamburger Adressuch ergibt sich der Grundst\u00fccksverlauf von  1924-1959 f\u00fcr das Grundst\u00fcck in der Rothenbaumchaussee                                                 (ab 1939 in der abweichenden Schreibweise Rotenbaumchaussee):<\/p>\n\n\n\n<p><strong>Nachtrag 2024: <\/strong><\/p>\n\n\n\n<p>1924-1925  gehoert das Haus einem Quast, W.                                                                       <strong>1926<\/strong> einem Oppenheim O.. (Otto)   <\/p>\n\n\n\n<p>Laut Telefonbuch und Adressbuch von 1928 ist Otto Oppenheim      Getreidemakler in Firma Otto Oppnheim &amp; Co. Inhaber der Firma sind Otto Oppenheim und Carl Glaser. Firmensitz ist laut Telefonbuch in der Kaiser Wilhem Stra\u00dfe 40.                                                                                                                                <strong>1927 &#8211; 1939<\/strong> geh\u00f6rt das Haus  Oppenheim, Frau  O., die                                                                               <strong> 1939<\/strong> mit der Adressangabe: Oppenheim, Frau  O. Kopenhagen auftaucht.             <strong>1941 <\/strong>gibt es dann einen  neuen Besitzer mit Namen Meincke (Dr. med dent Zahnarzt).                                                                                                                                         <strong>F\u00fcr die Jahre 1932 und 1933 sind als  Mieter <\/strong>eingetragen:                                            Streit, H.  in Fa. Henschel- Film &amp; Theaterkonzern.                                                                                                                             Ab 1935 gibt es einen Eintrag im Adressbuch, die Besitzerin Frau Oppenheim sei  \u00fcber die Adresse H. A. Klahn, Lupinenkamp 12 ereichbar.   H. A. Klahn (Heinrich August Klahn) ist von Beruf Hausmakler.                                                                                                                                    F\u00fcr das Jahr <strong> 1940<\/strong> habe ich kein Adressbuch  im Netz gefunden.                              Im Adressbuch von<strong> 1941<\/strong> gibt es den Eintrag, der neue Besitzer <em>(E) <\/em>ist ein  Meinecke, W., Dr. med. dent. Zahnarzt. Das Haus daneben (Nr.  151) gehoert 1941 dem Frauenarzt, Dr. med &#8218;Barfurth.  W.<\/p>\n\n\n\n<p>Aus dem Adressbuch von <strong>1959 <\/strong>ergibt sich: Grundst\u00fccksbesitzer (149)  ist weiter Meinecke, W. Dr. med dent. Zahnarzt. Und das Haus (151) geh\u00f6rt weiterhin dem Barfurth. W. (+) J.                                                                                                                   <\/p>\n\n\n\n<p><\/p>\n\n\n\n<div class=\"wp-block-file\"><a id=\"wp-block-file--media-82392c80-8901-4e6d-910a-9994b0637367\" href=\"https:\/\/www.medienberatungev.org\/wp-content\/uploads\/2021\/07\/PDFBriefvonOMeyeranSass1989.pdf\">PDFBriefvonOMeyeranSass1989<\/a><a href=\"https:\/\/www.medienberatungev.org\/wp-content\/uploads\/2021\/07\/PDFBriefvonOMeyeranSass1989.pdf\" class=\"wp-block-file__button\" download aria-describedby=\"wp-block-file--media-82392c80-8901-4e6d-910a-9994b0637367\">Herunterladen<\/a><\/div>\n\n\n\n<p><\/p>\n","protected":false},"excerpt":{"rendered":"<p>Horst Urich Sass (Sohn des Kinobesitzers Hermann Urich Sass) in dem Garten&nbsp; seines Hauses in den USA. Beverly Hills, 719 N. Alpine Drive. Foto 1990. (geb. 1. Februar 1914 in Hamburg). Gestorben am 19. April 2000 in Beverly Hills. Carl Heinz Streit, (geb. am 26. August 1911 in Hamburg, gest. am 24. April 2002 in &hellip; <a href=\"https:\/\/www.medienberatungev.org\/?p=6221\" class=\"more-link\"><span class=\"screen-reader-text\">\u201eHenschel Film- und Theaterkonzern in Hamburg OHG \/ KG\u201c<\/span> weiterlesen<\/a><\/p>\n","protected":false},"author":2,"featured_media":0,"comment_status":"open","ping_status":"open","sticky":false,"template":"","format":"standard","meta":{"footnotes":""},"categories":[4370,2215,2698,1988,4679,5875,2449,2037,2455,5665,5750,2359,1607,6275,6278,519,2538,7408,69,1894,561,1302,1288,2473,4308,2948,650,298,2620,9099,8346,1245,2457,1618,945,1726,16,1895,1833,4665,5,4273,36,1556,37,6,4511,327,1536,1049,10,1729,45,8012,7997,488,1725,4512,5418,9223,2701,2702],"tags":[4359,2450,4368,9232,546,4362,4372,4309,4310,2452,9230,3547,3548,4369,3700,9233,4371,9231,9229,44,38,4366],"class_list":["post-6221","post","type-post","status-publish","format-standard","hentry","category-4370","category-2215","category-2698","category-1988","category-4679","category-5875","category-2449","category-2037","category-2455","category-5665","category-5750","category-2359","category-1607","category-35-mm-film","category-35-mm-projektoren","category-antisemitismus","category-arisierer","category-arisiert","category-arisierung","category-belle-alliance","category-belo-horizonte","category-bezirk-hamburg-altona","category-bezirk-hamburg-mitte","category-brasilien","category-david-urich-sass","category-deutsche","category-deutsche-filme","category-deutscher-film","category-film","category-filmgeschichte","category-films","category-fotoarchiv-jens-meyer","category-fotograf-reinhold-soegtrop","category-fotografen","category-fotos","category-genannt-sass","category-hamburg","category-hamburg-dammtor","category-hamburger","category-hamburger-kinos","category-henschel-film-konzern","category-henschel-film-und-theaterkonzern-ohg","category-hermann-urich-sass","category-hh-hauptbahnhof","category-hugo-streit","category-im-kino","category-juden","category-juedischer-friedhof","category-juedischer-friedhof-hamburg-ohlsdorf","category-kinobesitzer","category-kinogeschichte","category-lbb","category-nsdap","category-nutzl-oses-wissen","category-nutzloses-wissen","category-reichsfluchtsteuer","category-urich","category-urich-sass","category-zerstoerung","category-zusammenbruch","category-zusammensprudelln","category-zusammensprudeln","tag-anita-urich-sass","tag-anna-karenina","tag-annita-urich-sass","tag-barfurth","tag-carl-heinz-streit","tag-dammthorstrasse-27","tag-dammtorstrasse-27","tag-david-urich-sass","tag-dawid-urich-sass","tag-greta-garbo","tag-heinrich-august-klahn","tag-hermann-urich-sass","tag-hugo-streit","tag-italiener","tag-juedischer-friedhof-hamburg-ohlsdorf","tag-kopenhagen","tag-max-blancke","tag-meinecke","tag-otto-oppenheim","tag-reinhold-soegtrop","tag-rolf-arno-streit","tag-theresienstadt"],"_links":{"self":[{"href":"https:\/\/www.medienberatungev.org\/index.php?rest_route=\/wp\/v2\/posts\/6221","targetHints":{"allow":["GET"]}}],"collection":[{"href":"https:\/\/www.medienberatungev.org\/index.php?rest_route=\/wp\/v2\/posts"}],"about":[{"href":"https:\/\/www.medienberatungev.org\/index.php?rest_route=\/wp\/v2\/types\/post"}],"author":[{"embeddable":true,"href":"https:\/\/www.medienberatungev.org\/index.php?rest_route=\/wp\/v2\/users\/2"}],"replies":[{"embeddable":true,"href":"https:\/\/www.medienberatungev.org\/index.php?rest_route=%2Fwp%2Fv2%2Fcomments&post=6221"}],"version-history":[{"count":94,"href":"https:\/\/www.medienberatungev.org\/index.php?rest_route=\/wp\/v2\/posts\/6221\/revisions"}],"predecessor-version":[{"id":26585,"href":"https:\/\/www.medienberatungev.org\/index.php?rest_route=\/wp\/v2\/posts\/6221\/revisions\/26585"}],"wp:attachment":[{"href":"https:\/\/www.medienberatungev.org\/index.php?rest_route=%2Fwp%2Fv2%2Fmedia&parent=6221"}],"wp:term":[{"taxonomy":"category","embeddable":true,"href":"https:\/\/www.medienberatungev.org\/index.php?rest_route=%2Fwp%2Fv2%2Fcategories&post=6221"},{"taxonomy":"post_tag","embeddable":true,"href":"https:\/\/www.medienberatungev.org\/index.php?rest_route=%2Fwp%2Fv2%2Ftags&post=6221"}],"curies":[{"name":"wp","href":"https:\/\/api.w.org\/{rel}","templated":true}]}}