{"id":6381,"date":"2018-05-21T10:10:48","date_gmt":"2018-05-21T10:10:48","guid":{"rendered":"http:\/\/www.medienberatungev.org\/?p=6381"},"modified":"2018-06-23T19:19:29","modified_gmt":"2018-06-23T19:19:29","slug":"eine-teure-flucht","status":"publish","type":"post","link":"https:\/\/www.medienberatungev.org\/?p=6381","title":{"rendered":"Eine teure Flucht"},"content":{"rendered":"<p><span style=\"font-family: Ubuntu;\"><span style=\"font-size: large;\">Was kostet 1938 ein Pass? <\/span><\/span><!--more--><span style=\"font-family: Ubuntu;\"><span style=\"font-size: large;\">Im\u00a0 Deutschland der Nazis? Der j\u00fcdische Kinobesitzer Jeremias Henschel und seine Gattin Frida Henschel m\u00fcssen 1938 an das Finanzamt Hamburg (nennt sich damals: Der<i> <strong>Oberfinanzpr\u00e4sident<\/strong>, <\/i>Gro\u00dfer Burstah im<i>&gt;<strong>Hindenburg Haus<\/strong>&lt; <\/i>heisst heute noch so) <strong>f\u00fcr zwei Reisep\u00e4sse bezahlen:<i><br \/>\n<\/i><\/strong><\/span><\/span><\/p>\n<p><span style=\"font-family: Ubuntu;\"><span style=\"font-size: large;\"><b>387.397,00 RM <\/b> &gt;<strong>Reichsfluchtsteuer<\/strong>&lt;<\/span><\/span><\/p>\n<p><span style=\"font-family: Ubuntu;\"><span style=\"font-size: large;\"><b>515.739,39 RM <\/b> &gt;<strong>Kaution<\/strong>&lt; (falls noch Steuernachzahlungen anfallen, was\u00a0\u00a0\u00a0 nat\u00fcrlich passiert ist)<\/span><\/span><\/p>\n<p><span style=\"font-family: Ubuntu;\"><span style=\"font-size: large;\"><b>404.500,00 RM <\/b> &gt;Judenverm\u00f6gensabgabe&lt;<\/span><\/span><\/p>\n<p><span style=\"font-family: Ubuntu;\"><span style=\"font-size: large;\">Gesamtsumme <strong>1.307.636,39 RM<\/strong> \u2013 in Worten- <strong>EineMillionDreihundertsiebentausendundsechshundertsechsunddreissig. Und neununddreissig Pfennige.<\/strong><\/span><\/span><\/p>\n<p><span style=\"font-family: Ubuntu;\"><span style=\"font-size: large;\">Erst nach der Zahlung dieser Betr\u00e4ge werden ihnen die Reisep\u00e4sse f\u00fcr eine \u00dcbersiedlung nach Holland (zu ihrer Tochter Bianca Kahn geb. Henschel) ausgeh\u00e4ndigt. Der Oberfinanzpr\u00e4sident Hamburg (den gibt es am 8. Februar 1951 immer noch) stellt fest, der Verm\u00f6gensverlust von Jeremias und Frida Henschel ist am 1. + 4. Oktober 1938 &#8222;entstanden&#8220;. Das klingt so, als wenn der Oberfinanzpr\u00e4sident des Finanzamtes damals nicht dabei gewesen w\u00e4re.<a href=\"http:\/\/www.medienberatungev.org\/wp-content\/uploads\/2018\/05\/P1040995.jpg\"><img loading=\"lazy\" decoding=\"async\" class=\"aligncenter size-large wp-image-6456\" src=\"http:\/\/www.medienberatungev.org\/wp-content\/uploads\/2018\/05\/P1040995-1024x768.jpg\" alt=\"P1040995\" width=\"640\" height=\"480\" \/><\/a><a href=\"http:\/\/www.medienberatungev.org\/wp-content\/uploads\/2014\/05\/Ohne-Titel-6-Kopie.jpg\"><img loading=\"lazy\" decoding=\"async\" class=\"aligncenter size-large wp-image-571\" src=\"http:\/\/www.medienberatungev.org\/wp-content\/uploads\/2014\/05\/Ohne-Titel-6-Kopie-1024x748.jpg\" alt=\"Ohne Titel-6 Kopie\" width=\"640\" height=\"467\" \/><\/a>(Von links nach rechts) <b>Frida Henschel<\/b> geb. Blumenthal. <b>Jeremias<\/b> (genannt James) <b>Henschel<\/b> und ihre Tochter <b>Bianca Kahn<\/b> (geb. Henschel). Heirat mit Isidor Kahn am 5. Mai 1931 in Holland. <\/span><\/span><\/p>\n<p><span style=\"font-family: Ubuntu;\"><span style=\"font-size: large;\">Frida (Frederica) Henschel, geb. am 17. Oktober 1865 in L\u00fcbeck, gest. am 16. April 1945 in Manhattan\/New York. Jeremias Henschel, geb. am 5. Februar 1863 in Hamburg, gest. am 26. August 1939 in Holland. Bianca Henschel, geb. am 8. M\u00e4rz 1890 in Hamburg. Nach der Heirat mit Isidor Kahn hie\u00df sie Bianca Kahn. Sie betrieb ma\u00dfgebend (Als Erbin von Friderike und Jeremias Henschel) nach dem zweiten Weltkrieg die R\u00fcckerstattung der Hamburger Grundst\u00fccke, die ihren Eltern geh\u00f6rten und &#8222;arisiert&#8220; (enteignet) worden waren. Ihre Vertretung hatte der (j\u00fcdische) Rechtsanwalt Dr. Herbert Pardo \u00fcbernommen. Dr. Herbert Pardo war in der Nazizeit aus Hamburg nach Pal\u00e4stina geflohen. Nach dem Krieg kehrte er nach Hamburg zur\u00fcck und \u00fcbte hier wieder seinen Beruf als Rechtsanwalt aus. Seine Kanzlei befand sich in Hamburg, Grosse Allee 21. (Die Strasse wurde sp\u00e4ter in Adenauerallee umbenannt). Bereits 1949 ver\u00f6ffentliche er mit Siegfried Schiffner ein Buch \u00fcber den Naziregisseur Veit Harlan und seinen Film &#8222;Jud S\u00fcss&#8220;. Das Buch erschien 1949 anl\u00e4sslich des Prozesses gegen Veit Harlan, hat 70 Seiten und wurde vom Verlag Auerdruck GmbH, in Hamburg 1 herausgegeben. Dr. Herbert Pardo war Mitglied der SPD.<br \/>\n<\/span><\/span><\/p>\n<p><span style=\"font-family: Ubuntu;\"><span style=\"font-size: large;\">Bianca Kahn wurde 83 Jahre alt und starb am 12. April 1973 in Lugano. Ihr Ehemann Isidor Kahn ist am 17. November 1884 in Witten (Ruhr) geboren und am 3. November 1961 in Lugano verstorben.<a href=\"http:\/\/www.medienberatungev.org\/wp-content\/uploads\/2018\/05\/Dr.PardoUmschlagderFallHarlan.jpg\"><img loading=\"lazy\" decoding=\"async\" class=\"wp-image-6416 alignleft\" src=\"http:\/\/www.medienberatungev.org\/wp-content\/uploads\/2018\/05\/Dr.PardoUmschlagderFallHarlan-743x1024.jpg\" alt=\"Dr.PardoUmschlagderFallHarlan\" width=\"109\" height=\"150\" \/><\/a><\/span><\/span><a href=\"http:\/\/www.medienberatungev.org\/wp-content\/uploads\/2018\/03\/By-nc-sa_color.png\"><img loading=\"lazy\" decoding=\"async\" class=\"wp-image-5796 alignleft\" src=\"http:\/\/www.medienberatungev.org\/wp-content\/uploads\/2018\/03\/By-nc-sa_color.png\" alt=\"By-nc-sa_color\" width=\"187\" height=\"127\" srcset=\"https:\/\/www.medienberatungev.org\/wp-content\/uploads\/2018\/03\/By-nc-sa_color.png 720w, https:\/\/www.medienberatungev.org\/wp-content\/uploads\/2018\/03\/By-nc-sa_color-300x202.png 300w\" sizes=\"auto, (max-width: 187px) 85vw, 187px\" \/><\/a><a href=\"http:\/\/www.medienberatungev.org\/wp-content\/uploads\/2018\/02\/Nilpferd7.jpg\"><img loading=\"lazy\" decoding=\"async\" class=\"wp-image-5638 alignright\" src=\"http:\/\/www.medienberatungev.org\/wp-content\/uploads\/2018\/02\/Nilpferd7-1024x717.jpg\" alt=\"Nilpferd7\" width=\"124\" height=\"86\" \/><\/a><\/p>\n","protected":false},"excerpt":{"rendered":"<p>Was kostet 1938 ein Pass?<\/p>\n","protected":false},"author":2,"featured_media":0,"comment_status":"open","ping_status":"open","sticky":false,"template":"","format":"standard","meta":{"footnotes":""},"categories":[1988,2455,69,1894,756,14,1245,1618,945,16,5,36,37,12,2495,1049,10,826,49,45,2490,488,35,123,1832,73,1,2015],"tags":[3882,2505,57,822,2504,628,2414,3549,2492,3542,2511,2493,2503,3540,1005,2506,2508,56,2491,3601,2512,533,2509],"class_list":["post-6381","post","type-post","status-publish","format-standard","hentry","category-1988","category-2455","category-arisierung","category-belle-alliance","category-beverly-hills","category-enteignung","category-fotoarchiv-jens-meyer","category-fotografen","category-fotos","category-hamburg","category-henschel-film-konzern","category-hermann-urich-sass","category-hugo-streit","category-jeremias-henschel","category-judenvermoegungsabgabe","category-kinobesitzer","category-kinogeschichte","category-licht-bild-buehne","category-lichtbildbuehne","category-nsdap","category-oberfinanzpraesident-hamburg","category-reichsfluchtsteuer","category-richard-adam","category-spd","category-stadtverwaltung","category-thalia-kino","category-uncategorized","category-waterloo-kino","tag-3882","tag-auerdruck","tag-bianca-henschel","tag-bianca-kahn","tag-dr-herbert-pardo","tag-finanzamt","tag-fraktion-der-spd","tag-frida-henschel","tag-grosserburstah","tag-hamburg","tag-herbert-pardo","tag-hindenburghaus","tag-isidor-kahn","tag-jeremias-henschel","tag-judenvermoegensabgabe","tag-judsuess","tag-lugano","tag-oberfinanzpraesident","tag-reichsamark","tag-reichsfluchtsteuer","tag-siegfried-schiffner","tag-veit-harlan","tag-witten"],"_links":{"self":[{"href":"https:\/\/www.medienberatungev.org\/index.php?rest_route=\/wp\/v2\/posts\/6381","targetHints":{"allow":["GET"]}}],"collection":[{"href":"https:\/\/www.medienberatungev.org\/index.php?rest_route=\/wp\/v2\/posts"}],"about":[{"href":"https:\/\/www.medienberatungev.org\/index.php?rest_route=\/wp\/v2\/types\/post"}],"author":[{"embeddable":true,"href":"https:\/\/www.medienberatungev.org\/index.php?rest_route=\/wp\/v2\/users\/2"}],"replies":[{"embeddable":true,"href":"https:\/\/www.medienberatungev.org\/index.php?rest_route=%2Fwp%2Fv2%2Fcomments&post=6381"}],"version-history":[{"count":26,"href":"https:\/\/www.medienberatungev.org\/index.php?rest_route=\/wp\/v2\/posts\/6381\/revisions"}],"predecessor-version":[{"id":6892,"href":"https:\/\/www.medienberatungev.org\/index.php?rest_route=\/wp\/v2\/posts\/6381\/revisions\/6892"}],"wp:attachment":[{"href":"https:\/\/www.medienberatungev.org\/index.php?rest_route=%2Fwp%2Fv2%2Fmedia&parent=6381"}],"wp:term":[{"taxonomy":"category","embeddable":true,"href":"https:\/\/www.medienberatungev.org\/index.php?rest_route=%2Fwp%2Fv2%2Fcategories&post=6381"},{"taxonomy":"post_tag","embeddable":true,"href":"https:\/\/www.medienberatungev.org\/index.php?rest_route=%2Fwp%2Fv2%2Ftags&post=6381"}],"curies":[{"name":"wp","href":"https:\/\/api.w.org\/{rel}","templated":true}]}}