{"id":6536,"date":"2018-05-27T09:30:26","date_gmt":"2018-05-27T09:30:26","guid":{"rendered":"http:\/\/www.medienberatungev.org\/?p=6536"},"modified":"2023-06-11T06:37:33","modified_gmt":"2023-06-11T06:37:33","slug":"clara-esslen-heinz-b-heisig-und-die-volkhochschule","status":"publish","type":"post","link":"https:\/\/www.medienberatungev.org\/?p=6536","title":{"rendered":"Clara Esslen Heinz B. Heisig und die Volkshochschule 16. Oktober 1938"},"content":{"rendered":"<p><span style=\"font-family: Ubuntu;\"><span style=\"font-size: large;\"><b>Das Ende einer Legende. Heinz B. Heisig \u2013 Ein Widerstandsk\u00e4mpfer<\/b><\/span><\/span><\/p>\n<p><span style=\"font-family: Ubuntu;\"><span style=\"font-size: large;\">25 Filmbeispiele zeigen: Wer gut mit den Nazis kooperiert (Clara Esslen, Heinz B. Heisig, VHS) braucht kein Mitglied zu werden. <\/span><\/span><!--more--><\/p>\n<p><span style=\"font-family: Ubuntu;\"><span style=\"font-size: large;\">Stolz waren die \u00bbFilm Forscher\u00ab im Nachkriegsdeutschland auf diesen Mann. Einen gab es, der widerstand. Auch seine Witwe Malve Heisig, die ihren Mann erst in den 50iger Jahren kennenlernte, hat daran gestrickt: \u201cDas Waterloo Kino war ein heimliches Widerstandsnest.\u201c (Malve Heisig) H\u00e4tten sie nur die Papiere gelesen, die wir gelesen haben, dann h\u00e4tte sie gewusst: Das ist nur eine Legende, die auf falschen Informationen beruhte.<\/span><\/span><\/p>\n<p><a href=\"http:\/\/www.medienberatungev.org\/wp-content\/uploads\/2018\/05\/WaterlooPlakat.jpg\"><img loading=\"lazy\" decoding=\"async\" class=\"wp-image-6530 alignleft\" src=\"http:\/\/www.medienberatungev.org\/wp-content\/uploads\/2018\/05\/WaterlooPlakat-649x1024.jpg\" alt=\"WaterlooPlakat\" width=\"214\" height=\"338\"><\/a><a href=\"http:\/\/www.medienberatungev.org\/wp-content\/uploads\/2018\/05\/WaterlooUmschlag.jpg\"><img loading=\"lazy\" decoding=\"async\" class=\"wp-image-6541 alignright\" src=\"http:\/\/www.medienberatungev.org\/wp-content\/uploads\/2018\/05\/WaterlooUmschlag-704x1024.jpg\" alt=\"WaterlooUmschlag\" width=\"240\" height=\"349\"><\/a><a href=\"http:\/\/www.medienberatungev.org\/wp-content\/uploads\/2018\/05\/WilhelmGustloff.jpg\"><img loading=\"lazy\" decoding=\"async\" class=\"aligncenter size-large wp-image-6575\" src=\"http:\/\/www.medienberatungev.org\/wp-content\/uploads\/2018\/05\/WilhelmGustloff-640x1024.jpg\" alt=\"WilhelmGustloff\" width=\"640\" height=\"1024\"><\/a><a href=\"http:\/\/www.medienberatungev.org\/wp-content\/uploads\/2018\/05\/Morgenveranstaltungenklein.jpg\"><img loading=\"lazy\" decoding=\"async\" class=\"aligncenter size-full wp-image-6557\" src=\"http:\/\/www.medienberatungev.org\/wp-content\/uploads\/2018\/05\/Morgenveranstaltungenklein.jpg\" alt=\"Morgenveranstaltungenklein\" width=\"780\" height=\"563\"><\/a><a href=\"http:\/\/www.medienberatungev.org\/wp-content\/uploads\/2018\/05\/Filmheuteundmorgenklein.jpg\"><img loading=\"lazy\" decoding=\"async\" class=\"aligncenter size-full wp-image-6559\" src=\"http:\/\/www.medienberatungev.org\/wp-content\/uploads\/2018\/05\/Filmheuteundmorgenklein.jpg\" alt=\"Filmheuteundmorgenklein\" width=\"780\" height=\"563\"><\/a><a href=\"http:\/\/www.medienberatungev.org\/wp-content\/uploads\/2018\/05\/BriefandiedeutscheFilmgesellschaftklein2.jpg\"><img loading=\"lazy\" decoding=\"async\" class=\"aligncenter size-full wp-image-6556\" src=\"http:\/\/www.medienberatungev.org\/wp-content\/uploads\/2018\/05\/BriefandiedeutscheFilmgesellschaftklein2.jpg\" alt=\"BriefandiedeutscheFilmgesellschaftklein2\" width=\"780\" height=\"563\"><\/a><a href=\"http:\/\/www.medienberatungev.org\/wp-content\/uploads\/2018\/05\/VorschauArbeitsgemeinschaftFilm.jpg\"><img loading=\"lazy\" decoding=\"async\" class=\"aligncenter size-large wp-image-6562\" src=\"http:\/\/www.medienberatungev.org\/wp-content\/uploads\/2018\/05\/VorschauArbeitsgemeinschaftFilm-704x1024.jpg\" alt=\"VorschauArbeitsgemeinschaftFilm\" width=\"640\" height=\"930\"><\/a><span style=\"font-family: Ubuntu;\"><span style=\"font-size: large;\"><b>Sorgf\u00e4ltig nach dem verlorenen Krieg herausgetrennt sind <\/b>die Seiten in dem Sammelheft (DIN A 5) \u201cDER FILM HEUTE UND MORGEN\u201c (VERANSTALTUNG DER HAMBURGER ARBEITSGEMEINSCHAFT FILM (VOLKSHOCHSCHULE) UND DES WATERLOO &#8211; THEATERS HAMBURG)<\/span><\/span><\/p>\n<p><span style=\"font-family: Ubuntu;\"><span style=\"font-size: large;\">Folge 1 &#8211; 16. Oktober 1938 von Werner Kark (104 Seiten &#8211; davon sorgf\u00e4ltig aus dem mir zur verf\u00fcgenden stehenden Exemplar heraus getrennt: Achtundvierzig Seiten 48). Auf Seite 102 des nicht paginierten Exemplars ein Lob f\u00fcr die beiden neuen \u00bbFilmtheaterbesitzer\u00ab des Waterloo Theaters, das man einem j\u00fcdischen Kinobesitzer (Manfred Hirschel) weggenommen hatte.<\/span><\/span><\/p>\n<p><em>\u201c<\/em><span style=\"font-family: Ubuntu;\"><span style=\"font-size: large;\"><em>Motor und Seele dieser 25 Morgenveranstaltungen aber waren zwei Pers\u00f6nlichkeiten, die hier einmal &#8211; sicherlich gegen ihren Willen \u2013 namentlich aufgef\u00fchrt werden m\u00fcssen: Frau&nbsp; K l a r a&nbsp;&nbsp; E s s l e n, die Besitzerin des Waterloo-Theaters und&nbsp; H e i n z&nbsp; B.&nbsp;&nbsp; H e i s i g, (Sperrung im Original) der Gesch\u00e4ftsf\u00fchrer dieses Lichtspielhauses, dessen weitreichende Erfahrungen, unerm\u00fcdliche Arbeitskraft und mitrei\u00dfende Begeisterung f\u00fcr unsere Veranstaltungen von unsch\u00e4tzbarem Wert waren. Ihnen beiden ist das feste Fundament zu danken, auf dem unser Werk nun heute steht.\u201c<\/em> (Werner Kark) (SONNTAG-MORGEN-VERANSTALTUNGEN) <\/span><\/span><\/p>\n<p><a href=\"http:\/\/www.medienberatungev.org\/wp-content\/uploads\/2018\/02\/Nilpferd7.jpg\"><img loading=\"lazy\" decoding=\"async\" class=\"wp-image-5638 alignright\" src=\"http:\/\/www.medienberatungev.org\/wp-content\/uploads\/2018\/02\/Nilpferd7-1024x717.jpg\" alt=\"Nilpferd7\" width=\"116\" height=\"81\"><\/a><\/p>\n\n\n<figure class=\"wp-block-image size-large is-resized\"><a href=\"https:\/\/www.medienberatungev.org\/wp-content\/uploads\/2014\/06\/Dammtorstrasse-14-25051989.jpg\"><img loading=\"lazy\" decoding=\"async\" src=\"https:\/\/www.medienberatungev.org\/wp-content\/uploads\/2014\/06\/Dammtorstrasse-14-25051989-1024x718.jpg\" alt=\"Kino Waterloo\" class=\"wp-image-21406\" width=\"636\" height=\"445\" srcset=\"https:\/\/www.medienberatungev.org\/wp-content\/uploads\/2014\/06\/Dammtorstrasse-14-25051989-1024x718.jpg 1024w, https:\/\/www.medienberatungev.org\/wp-content\/uploads\/2014\/06\/Dammtorstrasse-14-25051989-300x210.jpg 300w, https:\/\/www.medienberatungev.org\/wp-content\/uploads\/2014\/06\/Dammtorstrasse-14-25051989-768x538.jpg 768w, https:\/\/www.medienberatungev.org\/wp-content\/uploads\/2014\/06\/Dammtorstrasse-14-25051989-1200x841.jpg 1200w, https:\/\/www.medienberatungev.org\/wp-content\/uploads\/2014\/06\/Dammtorstrasse-14-25051989.jpg 1408w\" sizes=\"auto, (max-width: 709px) 85vw, (max-width: 909px) 67vw, (max-width: 984px) 61vw, (max-width: 1362px) 45vw, 600px\" \/><\/a><figcaption>Dammtorhaus, Dammtorstra\u00dfe 14. (Ohne Waterloo  Theater) Foto Jens Meyer Hamburg 25. Mai 1989<\/figcaption><\/figure>\n\n\n\n<div class=\"wp-block-image\"><figure class=\"alignright size-full is-resized\"><a href=\"https:\/\/www.medienberatungev.org\/wp-content\/uploads\/2022\/06\/Nilpferdzwinkert-1.jpg\"><img loading=\"lazy\" decoding=\"async\" src=\"https:\/\/www.medienberatungev.org\/wp-content\/uploads\/2022\/06\/Nilpferdzwinkert-1.jpg\" alt=\"\" class=\"wp-image-17883\" width=\"169\" height=\"128\" srcset=\"https:\/\/www.medienberatungev.org\/wp-content\/uploads\/2022\/06\/Nilpferdzwinkert-1.jpg 993w, https:\/\/www.medienberatungev.org\/wp-content\/uploads\/2022\/06\/Nilpferdzwinkert-1-300x228.jpg 300w, https:\/\/www.medienberatungev.org\/wp-content\/uploads\/2022\/06\/Nilpferdzwinkert-1-768x585.jpg 768w\" sizes=\"auto, (max-width: 169px) 85vw, 169px\" \/><\/a><\/figure><\/div>\n\n\n\n<p><\/p>\n\n\n\n<div class=\"wp-block-image\"><figure class=\"alignleft size-full is-resized\"><a href=\"https:\/\/www.medienberatungev.org\/wp-content\/uploads\/2022\/06\/By-nc-sa_color.png\"><img loading=\"lazy\" decoding=\"async\" src=\"https:\/\/www.medienberatungev.org\/wp-content\/uploads\/2022\/06\/By-nc-sa_color.png\" alt=\"\" class=\"wp-image-17924\" width=\"229\" height=\"154\" srcset=\"https:\/\/www.medienberatungev.org\/wp-content\/uploads\/2022\/06\/By-nc-sa_color.png 720w, https:\/\/www.medienberatungev.org\/wp-content\/uploads\/2022\/06\/By-nc-sa_color-300x203.png 300w\" sizes=\"auto, (max-width: 229px) 85vw, 229px\" \/><\/a><\/figure><\/div>\n","protected":false},"excerpt":{"rendered":"<p>Das Ende einer Legende. Heinz B. Heisig \u2013 Ein Widerstandsk\u00e4mpfer 25 Filmbeispiele zeigen: Wer gut mit den Nazis kooperiert (Clara Esslen, Heinz B. Heisig, VHS) braucht kein Mitglied zu werden.<\/p>\n","protected":false},"author":2,"featured_media":0,"comment_status":"open","ping_status":"open","sticky":false,"template":"","format":"standard","meta":{"footnotes":""},"categories":[2455,2538,1708,1290,1291,876,1912,1245,945,16,2031,2043,54,45,671,1466,1,2015],"tags":[3592,2559,3729,5679,26,2558,8556,2563,2557,3965,2553,3552,8557,2552,2564,2556,3553,2562,3550,2566,584,2561,531,51,2555,2551,2560,2565],"class_list":["post-6536","post","type-post","status-publish","format-standard","hentry","category-2455","category-arisierer","category-clara-esslen","category-deutsche-werft-finkenwerder","category-deutsche-werft-reiherstieg","category-elbe","category-elbe-17","category-fotoarchiv-jens-meyer","category-fotos","category-hamburg","category-hdw","category-howaldtswerke-hamburg","category-manfred-hirschel","category-nsdap","category-schwimmdock","category-trockendock","category-uncategorized","category-waterloo-kino","tag-blohm-voss","tag-carl-froehlich","tag-clara-esslen","tag-dammtorstrasse-14","tag-degeto","tag-der-film-heut-und-morgen","tag-dr-herbert-warmbrunn","tag-faehrmann-maria","tag-hamburger-arbeitsgemeinschaft-film","tag-hanns-brodnitz","tag-hans-heinrich","tag-heinz-b-heisig","tag-herbert-warmbrunn","tag-howaldt","tag-johannes-eckhardt","tag-klara-esslen-geb-koglin","tag-manfred-hirschel","tag-mathias-wiemann","tag-nsdap","tag-otto-hermann","tag-reichsfilmkammer","tag-schiff-754","tag-waterloo-theater","tag-werner-hochbaum","tag-werner-kark","tag-wilhelm-gustloff","tag-willy-birgel","tag-wolfgang-liebeneiner"],"_links":{"self":[{"href":"https:\/\/www.medienberatungev.org\/index.php?rest_route=\/wp\/v2\/posts\/6536","targetHints":{"allow":["GET"]}}],"collection":[{"href":"https:\/\/www.medienberatungev.org\/index.php?rest_route=\/wp\/v2\/posts"}],"about":[{"href":"https:\/\/www.medienberatungev.org\/index.php?rest_route=\/wp\/v2\/types\/post"}],"author":[{"embeddable":true,"href":"https:\/\/www.medienberatungev.org\/index.php?rest_route=\/wp\/v2\/users\/2"}],"replies":[{"embeddable":true,"href":"https:\/\/www.medienberatungev.org\/index.php?rest_route=%2Fwp%2Fv2%2Fcomments&post=6536"}],"version-history":[{"count":41,"href":"https:\/\/www.medienberatungev.org\/index.php?rest_route=\/wp\/v2\/posts\/6536\/revisions"}],"predecessor-version":[{"id":21423,"href":"https:\/\/www.medienberatungev.org\/index.php?rest_route=\/wp\/v2\/posts\/6536\/revisions\/21423"}],"wp:attachment":[{"href":"https:\/\/www.medienberatungev.org\/index.php?rest_route=%2Fwp%2Fv2%2Fmedia&parent=6536"}],"wp:term":[{"taxonomy":"category","embeddable":true,"href":"https:\/\/www.medienberatungev.org\/index.php?rest_route=%2Fwp%2Fv2%2Fcategories&post=6536"},{"taxonomy":"post_tag","embeddable":true,"href":"https:\/\/www.medienberatungev.org\/index.php?rest_route=%2Fwp%2Fv2%2Ftags&post=6536"}],"curies":[{"name":"wp","href":"https:\/\/api.w.org\/{rel}","templated":true}]}}