{"id":6640,"date":"2018-06-02T09:18:07","date_gmt":"2018-06-02T09:18:07","guid":{"rendered":"http:\/\/www.medienberatungev.org\/?p=6640"},"modified":"2019-04-29T11:10:09","modified_gmt":"2019-04-29T11:10:09","slug":"ein-besuch-in-goettingen","status":"publish","type":"post","link":"https:\/\/www.medienberatungev.org\/?p=6640","title":{"rendered":"Ein Besuch in G\u00f6ttingen bei Walter Kirchner"},"content":{"rendered":"<p class=\"western\">Groner Landstrasse 3. Am 8. Juli 1999. 15.00 \u2013 16.00 Uhr. Walter Kirchner. Er ist 1922 geboren. Heute also 77 Jahre alt. Er hat zwei T\u00f6chter. Alexandra lebt in G\u00f6ttingen. Daniela in London. <!--more--><\/p>\n<p class=\"western\">Er hat Jura studiert, aber keinen Abschlu\u00df. Sp\u00e4ter hat er dann Jura in seinen Auseinandersetzungen studiert. Marlies lebt in M\u00fcnchen. Sie ist seine Ehefrau. Sie leben getrennt. Entstanden ist die ganze Sache (die mit dem Filmverleih) aus einem studentischen Filmclub. Er r\u00e4t mir: Machen sie ja eine GmbH. Ich war damals Einzelunternehmer und zahle daran noch heute zur\u00fcck. Lohn der Angst. Er hat die Gilde damals mit gegr\u00fcndet, ist dann aber nicht in den Vorstand gegangen. Das Theatiner haben sie 1956 gekauft. Sie hat 160 Pl\u00e4tze. Er sch\u00e4tzt ihren Jahresumsatz auf 700 TDM.<\/p>\n<p class=\"western\">Die Tochter Alexandra hat zu ihm gesagt, diesen Brief beantwortest du aber mal. (Ich hatte ihm einen Brief geschrieben, hat er aber nicht gemacht). Die Lupe im Unilever Haus. Liliencron. Sehr sch\u00f6nes Kino. Lumiere hat den Zuschu\u00df, den das Cinema als Jahresumsatz hat. (200 TDM). Wie soll man da noch konkurrenzf\u00e4hig sein, ist seine Frage. Schwierigkeiten. Degeto. Lohn der Angst. Er hat \u00fcber Jahre immer gut mit der Taurus zusammen gearbeitet. Im Jahr hat Taurus immer zwischen 50 \u2013 60 TDM als Jahresabrechnung bekommen.<\/p>\n<p class=\"western\">Repertoire macht ja keiner mehr. Time of Gypsies war und geht auch sehr gut. Aber Guyla Trebitsch hat auch gleich wieder Prozess angestrengt. Mein pers\u00f6nlicher Eindruck von ihm ist gut. Kurze Hosen. R\u00fcstig. Sieht noch gut aus. Scheint die Sache verbissen aber locker zu machen. Ich notiere noch: Kopienlage ist oft schwierig. Kontakte mit K\u00f6lmel hat er auch. Der kommt ja aus G\u00f6ttingen. Eckelkamp kannte er. Hat die Sachen manchmal besser, manchmal schlechter als er gemacht. Hat sich zur Ruhe gesetzt. Ich erz\u00e4hle ihm, dass bei Geyer ein Negativ von Sein oder Nichtsein eingelagert ist unter dem Titel Heilt Hitler. Was man eben so in einer Stunde bereden kann.<a href=\"http:\/\/www.medienberatungev.org\/wp-content\/uploads\/2018\/06\/Tieresehendichan3.jpg\"><img loading=\"lazy\" decoding=\"async\" class=\"wp-image-6877 alignright\" src=\"http:\/\/www.medienberatungev.org\/wp-content\/uploads\/2018\/06\/Tieresehendichan3-1024x780.jpg\" alt=\"Tieresehendichan3\" width=\"132\" height=\"101\" \/><\/a><\/p>\n","protected":false},"excerpt":{"rendered":"<p>Groner Landstrasse 3. Am 8. Juli 1999. 15.00 \u2013 16.00 Uhr. Walter Kirchner. Er ist 1922 geboren. Heute also 77 Jahre alt. Er hat zwei T\u00f6chter. Alexandra lebt in G\u00f6ttingen. Daniela in London.<\/p>\n","protected":false},"author":2,"featured_media":0,"comment_status":"open","ping_status":"open","sticky":false,"template":"","format":"standard","meta":{"footnotes":""},"categories":[2606,2115,1,2605],"tags":[2611,2607,2613,2608,2609,2614,2612,2615,2616,2610,3806,1949,3904],"class_list":["post-6640","post","type-post","status-publish","format-standard","hentry","category-lupe-film-verleih","category-neue-filmkunst-walter-kirchner","category-uncategorized","category-walter-kirchner","tag-eckelkamp","tag-filmverleih-die-lupe","tag-geyer","tag-goettingen","tag-guyla-trebitsch","tag-heilt-hitler","tag-koelmel","tag-liliencron","tag-lohn-der-angst","tag-negativ-von-sein-oder-nichtsein","tag-neue-filmkunst-walter-kirchner","tag-unilever-haus","tag-walter-kirchner"],"_links":{"self":[{"href":"https:\/\/www.medienberatungev.org\/index.php?rest_route=\/wp\/v2\/posts\/6640","targetHints":{"allow":["GET"]}}],"collection":[{"href":"https:\/\/www.medienberatungev.org\/index.php?rest_route=\/wp\/v2\/posts"}],"about":[{"href":"https:\/\/www.medienberatungev.org\/index.php?rest_route=\/wp\/v2\/types\/post"}],"author":[{"embeddable":true,"href":"https:\/\/www.medienberatungev.org\/index.php?rest_route=\/wp\/v2\/users\/2"}],"replies":[{"embeddable":true,"href":"https:\/\/www.medienberatungev.org\/index.php?rest_route=%2Fwp%2Fv2%2Fcomments&post=6640"}],"version-history":[{"count":5,"href":"https:\/\/www.medienberatungev.org\/index.php?rest_route=\/wp\/v2\/posts\/6640\/revisions"}],"predecessor-version":[{"id":6990,"href":"https:\/\/www.medienberatungev.org\/index.php?rest_route=\/wp\/v2\/posts\/6640\/revisions\/6990"}],"wp:attachment":[{"href":"https:\/\/www.medienberatungev.org\/index.php?rest_route=%2Fwp%2Fv2%2Fmedia&parent=6640"}],"wp:term":[{"taxonomy":"category","embeddable":true,"href":"https:\/\/www.medienberatungev.org\/index.php?rest_route=%2Fwp%2Fv2%2Fcategories&post=6640"},{"taxonomy":"post_tag","embeddable":true,"href":"https:\/\/www.medienberatungev.org\/index.php?rest_route=%2Fwp%2Fv2%2Ftags&post=6640"}],"curies":[{"name":"wp","href":"https:\/\/api.w.org\/{rel}","templated":true}]}}