{"id":6776,"date":"2018-06-07T05:55:52","date_gmt":"2018-06-07T05:55:52","guid":{"rendered":"http:\/\/www.medienberatungev.org\/?p=6776"},"modified":"2018-06-12T20:39:40","modified_gmt":"2018-06-12T20:39:40","slug":"tucholsky-und-der-gurkenkomplex","status":"publish","type":"post","link":"https:\/\/www.medienberatungev.org\/?p=6776","title":{"rendered":"Tucholsky und der Gurkenkomplex (praktisch)"},"content":{"rendered":"<p><strong><span style=\"font-family: Ubuntu;\"><span style=\"font-size: large;\">Praktisch<\/span><\/span><\/strong><\/p>\n<p><span style=\"font-family: Ubuntu;\"><span style=\"font-size: large;\">Eine Menge deutscher Sprachunarten scheinen aus dem Englischen zu kommen. &gt;Praktisch&lt; kommt wohl auch daher. Das Wort wurde fr\u00fcher im Sinne von n\u00fctzlich, bequem gebraucht \u2013 wenn man von der etwas altmodischen Zusammensetzung wie praktischer Arzt absieht. <\/span><\/span><!--more--><\/p>\n<p><span style=\"font-family: Ubuntu;\"><span style=\"font-size: large;\">Eine Vorrichtung war f\u00fcr den Benutzer praktisch \u2013 das Wort war zwar nicht sch\u00f6n, doch seine Bedeutung recht klar. Jetzt hat sich etwas Neues eingeb\u00fcrgert. <\/span><\/span><\/p>\n<p><span style=\"font-family: Ubuntu;\"><span style=\"font-size: large;\">Die Adverbialkrankheit, die die deutsche Sprache durchzieht, l\u00e4\u00dft &gt;praktisch&lt; als Adverb auftauchen. Die Brille blitzt, und los gehts: &gt;Theoretisch k\u00f6nnen Sie ja Armenunterst\u00fctzung beanspruchen, aber praktisch werden Sie sie kaum bekommen.&lt; Also bekomme ich sie nicht \u2013 was quatscht mich die Sprache da an! Gemeint ist: in Wahrheit, in der Wirklichkeit \u2013 im Gegensatz zu einer Abstraktion, die ja kein guter Deutscher au\u00dfer acht l\u00e4\u00dft.<\/span><\/span><\/p>\n<p><span style=\"font-family: Ubuntu;\"><span style=\"font-size: large;\">Nun ist aber dieser Zusatz, der vielleicht in dem englischen &gt;practically&lt; seinen Ursprung hat, v\u00f6llig \u00fcberfl\u00fcssig. Es ist eines jener W\u00f6rter, die die deutsche Sprache so unleidlich aufbl\u00e4hen \u2013 viele Leute k\u00f6nnen ja \u00fcberhaupt nicht mehr sprechen, sondern nur noch einen Brei von Terminologien zusammensprudeln. &gt;Er wird praktisch sein Amt nicht aus\u00fcben . . .&lt; das ist doch Wahnwitz. Ob er es nach dem Buchstaben irgend eines toten Buches aus\u00fcben k\u00f6nnte, will ja niemand wissen \u2013 \u00fcbt er es aus oder \u00fcbt er es nicht aus? Er \u00fcbt es nicht aus. Dann sags.<\/span><\/span><\/p>\n<p><span style=\"font-family: Ubuntu;\"><span style=\"font-size: large;\">Die verteufelte Anwendung dieses dummen Wortes entstammt der Wichtigtuerei, von der so mancher besessen ist \u2013 den Leuten ist nicht wohl, wenn sie einfach sagen sollten: &gt;Er mag keine Gurken.&lt; Das freut ja keinen. &gt;Er hat einen Gurkenkomplex&lt; &#8211; so hei\u00dft das. Und daher auch: &gt;Praktisch wird den Arbeitslosen keiner entsch\u00e4digen.&lt; Dahinter sitzt dann jene R\u00fcckversicherung, der Blick auf die Theorie: es gibt vielleicht ein Gesetz, wonach der Arbeitslose entsch\u00e4digt werden m\u00fc\u00dfte, oho, hier herrscht Ordnung! &#8211; aber was ein richtiges Gesetz ist, das ist l\u00e4ngst durch eine Notverordnung aufgehoben. Denn wir haben eine Verfassung. Aber praktisch . . . <\/span><\/span><\/p>\n<p><strong><span style=\"font-family: Ubuntu;\"><span style=\"font-size: large;\"><a href=\"http:\/\/www.medienberatungev.org\/wp-content\/uploads\/2018\/02\/Nilpferd7.jpg\"><img loading=\"lazy\" decoding=\"async\" class=\"wp-image-5638 alignleft\" src=\"http:\/\/www.medienberatungev.org\/wp-content\/uploads\/2018\/02\/Nilpferd7-1024x717.jpg\" alt=\"Nilpferd7\" width=\"84\" height=\"59\" \/><\/a><\/span><\/span><\/strong><span style=\"font-family: Ubuntu;\"><span style=\"font-size: large;\">(Abgedruckt unter dem Titel &gt;Praktisch&lt;, Peter Panter in Weltb\u00fchne vom 10. Mai 1932. Tucholsky Gesamtausgabe. D\u00fcnndruck. Drei B\u00e4nde. Band III. Seite 1055.)<\/span><\/span><\/p>\n","protected":false},"excerpt":{"rendered":"<p>Praktisch Eine Menge deutscher Sprachunarten scheinen aus dem Englischen zu kommen. &gt;Praktisch&lt; kommt wohl auch daher. Das Wort wurde fr\u00fcher im Sinne von n\u00fctzlich, bequem gebraucht \u2013 wenn man von der etwas altmodischen Zusammensetzung wie praktischer Arzt absieht.<\/p>\n","protected":false},"author":2,"featured_media":0,"comment_status":"open","ping_status":"open","sticky":false,"template":"","format":"standard","meta":{"footnotes":""},"categories":[2698,288,199,9,2649,2700,2577,2704,2699,2705,1,2703,2701,2702],"tags":[2708,2709,3917,3902,2711,3916,2707,2706,3918,2710],"class_list":["post-6776","post","type-post","status-publish","format-standard","hentry","category-2698","category-aus-dem-antiquariat","category-berlin","category-buchkritik","category-fremdwoerter","category-gurkenkomplex","category-kurt-tucholsky","category-notverordnung","category-peter-panter","category-praktiker","category-uncategorized","category-wichtigtuerei","category-zusammensprudelln","category-zusammensprudeln","tag-adverbialkrankheit","tag-er-hat-einen-gurkenkomplex","tag-gurkenkomplex","tag-kurt-tucholsky","tag-oho-hier-herrscht-ordnung","tag-peter-panter","tag-practically","tag-praktisch","tag-wichtigtuerei","tag-zusammensprudeln-2"],"_links":{"self":[{"href":"https:\/\/www.medienberatungev.org\/index.php?rest_route=\/wp\/v2\/posts\/6776","targetHints":{"allow":["GET"]}}],"collection":[{"href":"https:\/\/www.medienberatungev.org\/index.php?rest_route=\/wp\/v2\/posts"}],"about":[{"href":"https:\/\/www.medienberatungev.org\/index.php?rest_route=\/wp\/v2\/types\/post"}],"author":[{"embeddable":true,"href":"https:\/\/www.medienberatungev.org\/index.php?rest_route=\/wp\/v2\/users\/2"}],"replies":[{"embeddable":true,"href":"https:\/\/www.medienberatungev.org\/index.php?rest_route=%2Fwp%2Fv2%2Fcomments&post=6776"}],"version-history":[{"count":8,"href":"https:\/\/www.medienberatungev.org\/index.php?rest_route=\/wp\/v2\/posts\/6776\/revisions"}],"predecessor-version":[{"id":7044,"href":"https:\/\/www.medienberatungev.org\/index.php?rest_route=\/wp\/v2\/posts\/6776\/revisions\/7044"}],"wp:attachment":[{"href":"https:\/\/www.medienberatungev.org\/index.php?rest_route=%2Fwp%2Fv2%2Fmedia&parent=6776"}],"wp:term":[{"taxonomy":"category","embeddable":true,"href":"https:\/\/www.medienberatungev.org\/index.php?rest_route=%2Fwp%2Fv2%2Fcategories&post=6776"},{"taxonomy":"post_tag","embeddable":true,"href":"https:\/\/www.medienberatungev.org\/index.php?rest_route=%2Fwp%2Fv2%2Ftags&post=6776"}],"curies":[{"name":"wp","href":"https:\/\/api.w.org\/{rel}","templated":true}]}}