{"id":6782,"date":"2018-06-07T06:32:44","date_gmt":"2018-06-07T06:32:44","guid":{"rendered":"http:\/\/www.medienberatungev.org\/?p=6782"},"modified":"2018-06-12T20:44:07","modified_gmt":"2018-06-12T20:44:07","slug":"hier-koennen-familen-kaffee-kochen-peter-panters-schnipsel-nr-8","status":"publish","type":"post","link":"https:\/\/www.medienberatungev.org\/?p=6782","title":{"rendered":"Hier k\u00f6nnen Familien Kaffee kochen Peter Panters Schnipsel Nr. 8"},"content":{"rendered":"<p><span style=\"font-family: Ubuntu;\"><span style=\"font-size: large;\"><strong>Schnipsel (Nr. 8)<\/strong> <\/span><\/span><\/p>\n<p><span style=\"font-family: Ubuntu;\"><span style=\"font-size: large;\">&gt;Es ist ein Ungl\u00fcck, da\u00df die SPD Sozialdemokratische Partei Deutschlands hei\u00dft. Hie\u00dfe sie seit dem 1. August 1914 Reformistische Partei oder Partei des kleinern \u00dcbels oder Hier k\u00f6nnen Familien Kaffee kochen oder so etwas &#8211; : vielen Arbeitern h\u00e4tte der neue Name die Augen ge\u00f6ffnet, und sie w\u00e4ren dahingegangen, wohin sie geh\u00f6ren: zu einer Arbeiterpartei. So aber macht der Laden seine schlechten Gesch\u00e4fte unter einem ehemals guten Namen.&lt; <\/span><\/span><\/p>\n<p><span style=\"font-family: Ubuntu;\"><span style=\"font-size: large;\">(Peter Panter. Weltb\u00fchne 19. Juli 1932. Gesamtausgabe Tucholsky. D\u00fcnndruck. <a href=\"http:\/\/www.medienberatungev.org\/wp-content\/uploads\/2018\/06\/Tieresehendichan3.jpg\"><img loading=\"lazy\" decoding=\"async\" class=\"wp-image-6877 alignleft\" src=\"http:\/\/www.medienberatungev.org\/wp-content\/uploads\/2018\/06\/Tieresehendichan3-1024x780.jpg\" alt=\"Tieresehendichan3\" width=\"90\" height=\"68\" \/><\/a>Drei B\u00e4nde. Band III. Seite 1087. Die Sammlung Schnipsel hat an dieser Stelle des Buches 28 verschiedene Schnipsel. )<\/span><\/span><\/p>\n","protected":false},"excerpt":{"rendered":"<p>Schnipsel (Nr. 8) &gt;Es ist ein Ungl\u00fcck, da\u00df die SPD Sozialdemokratische Partei Deutschlands hei\u00dft. Hie\u00dfe sie seit dem 1. August 1914 Reformistische Partei oder Partei des kleinern \u00dcbels oder Hier k\u00f6nnen Familien Kaffee kochen oder so etwas &#8211; : vielen Arbeitern h\u00e4tte der neue Name die Augen ge\u00f6ffnet, und sie w\u00e4ren dahingegangen, wohin sie geh\u00f6ren: &hellip; <a href=\"https:\/\/www.medienberatungev.org\/?p=6782\" class=\"more-link\"><span class=\"screen-reader-text\">\u201eHier k\u00f6nnen Familien Kaffee kochen Peter Panters Schnipsel Nr. 8\u201c<\/span> weiterlesen<\/a><\/p>\n","protected":false},"author":2,"featured_media":0,"comment_status":"open","ping_status":"open","sticky":false,"template":"","format":"standard","meta":{"footnotes":""},"categories":[2698,199,2712,2655,2699,123,1],"tags":[2713,3902,2714,3916,2715,3563],"class_list":["post-6782","post","type-post","status-publish","format-standard","hentry","category-2698","category-berlin","category-hier-koennen-familien-kaffee-kochen","category-ignaz-wrobel","category-peter-panter","category-spd","category-uncategorized","tag-hier-koennen-familien-kaffee-kochen-2","tag-kurt-tucholsky","tag-partei-des-kleinern-uebels","tag-peter-panter","tag-sozialdemokratische-partei-deutschlands","tag-spd"],"_links":{"self":[{"href":"https:\/\/www.medienberatungev.org\/index.php?rest_route=\/wp\/v2\/posts\/6782","targetHints":{"allow":["GET"]}}],"collection":[{"href":"https:\/\/www.medienberatungev.org\/index.php?rest_route=\/wp\/v2\/posts"}],"about":[{"href":"https:\/\/www.medienberatungev.org\/index.php?rest_route=\/wp\/v2\/types\/post"}],"author":[{"embeddable":true,"href":"https:\/\/www.medienberatungev.org\/index.php?rest_route=\/wp\/v2\/users\/2"}],"replies":[{"embeddable":true,"href":"https:\/\/www.medienberatungev.org\/index.php?rest_route=%2Fwp%2Fv2%2Fcomments&post=6782"}],"version-history":[{"count":5,"href":"https:\/\/www.medienberatungev.org\/index.php?rest_route=\/wp\/v2\/posts\/6782\/revisions"}],"predecessor-version":[{"id":7043,"href":"https:\/\/www.medienberatungev.org\/index.php?rest_route=\/wp\/v2\/posts\/6782\/revisions\/7043"}],"wp:attachment":[{"href":"https:\/\/www.medienberatungev.org\/index.php?rest_route=%2Fwp%2Fv2%2Fmedia&parent=6782"}],"wp:term":[{"taxonomy":"category","embeddable":true,"href":"https:\/\/www.medienberatungev.org\/index.php?rest_route=%2Fwp%2Fv2%2Fcategories&post=6782"},{"taxonomy":"post_tag","embeddable":true,"href":"https:\/\/www.medienberatungev.org\/index.php?rest_route=%2Fwp%2Fv2%2Ftags&post=6782"}],"curies":[{"name":"wp","href":"https:\/\/api.w.org\/{rel}","templated":true}]}}