{"id":6821,"date":"2018-06-10T10:39:36","date_gmt":"2018-06-10T10:39:36","guid":{"rendered":"http:\/\/www.medienberatungev.org\/?p=6821"},"modified":"2018-06-12T20:36:20","modified_gmt":"2018-06-12T20:36:20","slug":"basel-von-kurt-tucholsky","status":"publish","type":"post","link":"https:\/\/www.medienberatungev.org\/?p=6821","title":{"rendered":"BASEL von Kurt Tucholsky"},"content":{"rendered":"<p align=\"justify\"><span style=\"font-family: Ubuntu;\"><span style=\"font-size: large;\">Das empfinde ich jedesmal, wenn ich durch Basel komme, aber es hat noch keiner geschrieben . . . keiner. Der vollkommene Wahnwitz des Krieges mu\u00df doch jedem aufgegangen sein, der da etwa im Jahre 1917 auf diesem Bahnhof gestanden hat. Da klirrten die Fensterscheiben; da murrten die Kanonen des Krieges her\u00fcber; wenn du aber auf diesem Bahnhof einem Beamten auf den Fu\u00df tratest, dann kamst du ins Kittchen. Hier durftest du nicht. <\/span><\/span><!--more--><\/p>\n<p align=\"justify\"><span style=\"font-family: Ubuntu;\"><span style=\"font-size: large;\">Dort mu\u00dftest du. Und wer dieses Murren der Kanonen h\u00f6rte, der wu\u00dfte: da morden sie. Da schlagen sie sich tot. Ein halbes St\u00fcndchen weiter \u2013 da tobte der Mord. Hier nicht. Das hat keiner geschrieben, merkw\u00fcrdig.<\/span><\/span><\/p>\n<div id=\"text\" dir=\"ltr\">\n<p align=\"justify\"><span style=\"font-family: Ubuntu;\"><span style=\"font-size: large;\">Ich wei\u00df ja nicht, wie sie das gemacht haben, dass die Kugeln der beiderseitigen Vaterl\u00e4nder nicht auf schweizer Gebiet abgeirrt sind, und manchmal sind sie ja wohl, und wenn ich nicht irre, hat es auch dadurch auf schweizer Seite einen Toten gegeben oder zwei. Es steht da von dem gro\u00dfen englischen Grotesk-Zeichner W. Heath Robinson in &gt;<i>Some Frightful War Pictures&lt; <\/i>ein grandioses Blatt: &gt;Ein schweizer Sch\u00e4fer sieht einer Schlacht an der Grenze zu.&lt; Da sitzt also der Sch\u00e4fer inmitten seiner B\u00e4hb\u00e4h-Schafe und raucht eine Friedenspfeife, hinter sich hat er einen Topf mit schweizer Milch stehn, und auf dem benachbarten Berge steht eine Sennerin mit etwas Ziege, und ein kleiner Mann jodelt Noten in die Luft &#8230; Die Grenze aber ist ein scharfer, punktierter Strich. Und hinter dieser Grenze, da gehn sie aufeinander los, die Deutschen und die Engl\u00e4nder, immer ganz genau an der Grenze entlang, und selbst die heruntergefallenen M\u00fctzen bleiben artig im Kriegsgebiet liegen und oben am Himmel ist ein wildes Gewimmel von Zepps und Flugzeugen, aber immer h\u00fcbsch an der Wand lang und keinen Millimeter dr\u00fcber. Und der Sch\u00e4fer raucht.<\/span><\/span><\/p>\n<p align=\"justify\"><span style=\"font-family: Ubuntu;\"><span style=\"font-size: large;\">So \u00e4hnlich wird es ja wohl gewesen sein.<\/span><\/span><\/p>\n<p align=\"justify\"><span style=\"font-family: Ubuntu;\"><span style=\"font-size: large;\">Schade, dass das keiner geschrieben hat. Dieses Grausen, dieses Herzklopfen auf der einen Seite \u2013 und die strenge Absperrung auf der andern &#8230; nichts ist ja schrecklicher, als eine Mordtat zu h\u00f6ren, die man nicht sehn kann. Und an diesen Wahnwitz denke ich immer, wenn ich auf dem Bahnhof zu Basel stehe. (I.W.)<\/span><\/span><\/p>\n<p align=\"justify\"><span style=\"font-family: Ubuntu;\"><span style=\"font-size: large;\">Aus Gesamtausgabe Kurt Tucholsky. D\u00fcnndruck. Drei B\u00e4nde, Band III, 1929 \u2013 1932. Seite: 977. (I.W. = Ignaz Wrobel). Von Tucholsky zuerst ver\u00f6ffentlicht am 22. Dezember 1931 in der (W. B.) = Die Weltb\u00fchne.<a href=\"http:\/\/www.medienberatungev.org\/wp-content\/uploads\/2018\/02\/Nilpferd7.jpg\"><img loading=\"lazy\" decoding=\"async\" class=\"wp-image-5638 alignleft\" src=\"http:\/\/www.medienberatungev.org\/wp-content\/uploads\/2018\/02\/Nilpferd7-1024x717.jpg\" alt=\"Nilpferd7\" width=\"103\" height=\"72\" \/><\/a><\/span><\/span><\/p>\n<\/div>\n","protected":false},"excerpt":{"rendered":"<p>Das empfinde ich jedesmal, wenn ich durch Basel komme, aber es hat noch keiner geschrieben . . . keiner. Der vollkommene Wahnwitz des Krieges mu\u00df doch jedem aufgegangen sein, der da etwa im Jahre 1917 auf diesem Bahnhof gestanden hat. Da klirrten die Fensterscheiben; da murrten die Kanonen des Krieges her\u00fcber; wenn du aber auf &hellip; <a href=\"https:\/\/www.medienberatungev.org\/?p=6821\" class=\"more-link\"><span class=\"screen-reader-text\">\u201eBASEL von Kurt Tucholsky\u201c<\/span> weiterlesen<\/a><\/p>\n","protected":false},"author":2,"featured_media":0,"comment_status":"open","ping_status":"open","sticky":false,"template":"","format":"standard","meta":{"footnotes":""},"categories":[2409,2758,199,2759,2655,2769,2761,2577,1,2760],"tags":[2768,3870,3915,2763,3924,2766,2765,2767,3910,2738,3902,2762,1192,2764],"class_list":["post-6821","post","type-post","status-publish","format-standard","hentry","category-2409","category-basel","category-berlin","category-die-weltbuehne","category-ignaz-wrobel","category-keiner","category-kriegsgebiet","category-kurt-tucholsky","category-uncategorized","category-wahnwitz-des-krieges","tag-2768","tag-3870","tag-3915","tag-baehbae-schafe","tag-basel","tag-friedenspfeife","tag-gesamtausgabe","tag-grausen","tag-ignaz-wrobel","tag-kurt-tucholski","tag-kurt-tucholsky","tag-tucholski","tag-tucholsky","tag-zepps"],"_links":{"self":[{"href":"https:\/\/www.medienberatungev.org\/index.php?rest_route=\/wp\/v2\/posts\/6821","targetHints":{"allow":["GET"]}}],"collection":[{"href":"https:\/\/www.medienberatungev.org\/index.php?rest_route=\/wp\/v2\/posts"}],"about":[{"href":"https:\/\/www.medienberatungev.org\/index.php?rest_route=\/wp\/v2\/types\/post"}],"author":[{"embeddable":true,"href":"https:\/\/www.medienberatungev.org\/index.php?rest_route=\/wp\/v2\/users\/2"}],"replies":[{"embeddable":true,"href":"https:\/\/www.medienberatungev.org\/index.php?rest_route=%2Fwp%2Fv2%2Fcomments&post=6821"}],"version-history":[{"count":8,"href":"https:\/\/www.medienberatungev.org\/index.php?rest_route=\/wp\/v2\/posts\/6821\/revisions"}],"predecessor-version":[{"id":7040,"href":"https:\/\/www.medienberatungev.org\/index.php?rest_route=\/wp\/v2\/posts\/6821\/revisions\/7040"}],"wp:attachment":[{"href":"https:\/\/www.medienberatungev.org\/index.php?rest_route=%2Fwp%2Fv2%2Fmedia&parent=6821"}],"wp:term":[{"taxonomy":"category","embeddable":true,"href":"https:\/\/www.medienberatungev.org\/index.php?rest_route=%2Fwp%2Fv2%2Fcategories&post=6821"},{"taxonomy":"post_tag","embeddable":true,"href":"https:\/\/www.medienberatungev.org\/index.php?rest_route=%2Fwp%2Fv2%2Ftags&post=6821"}],"curies":[{"name":"wp","href":"https:\/\/api.w.org\/{rel}","templated":true}]}}