{"id":6840,"date":"2018-06-10T13:42:27","date_gmt":"2018-06-10T13:42:27","guid":{"rendered":"http:\/\/www.medienberatungev.org\/?p=6840"},"modified":"2018-06-16T19:54:40","modified_gmt":"2018-06-16T19:54:40","slug":"deutsches-chaos-von-kurt-tucholsky","status":"publish","type":"post","link":"https:\/\/www.medienberatungev.org\/?p=6840","title":{"rendered":"DEUTSCHES CHAOS von Kaspar Hauser"},"content":{"rendered":"<p style=\"text-align: justify;\"><span style=\"font-family: Ubuntu;\"><span style=\"font-size: large;\">Unter der \u00dcberschrift Deutsches Chaos findet man bei Kurt Tucholsky an sechster Stelle. (S. 902)<\/span><\/span><!--more--><\/p>\n<p style=\"text-align: justify;\"><strong><span style=\"font-family: Ubuntu;\"><span style=\"font-size: large;\"> 14. August<\/span><\/span><\/strong><\/p>\n<p style=\"text-align: justify;\"><span style=\"font-family: Ubuntu;\"><span style=\"font-size: large;\">\u00a0\u00a0\u00a0 &gt;Die Sozialdemokratische Partei Deutschlands hat heute zu den Vorg\u00e4ngen einen bedeutungsvollen Entschlu\u00df gefa\u00dft. Die Partei erm\u00e4chtigt danach die Fraktion, den \u00c4ltestenrat des sogenannten &gt;Reichstages&lt; zu ersuchen, bei der Reichsregierung dahin vorstellig zu werden, da\u00df die Regierung mit allen zur Verf\u00fcgung stehenden Mitteln dahin wirken m\u00f6ge, den \u00a7 14 des Chaos-Gesetzes abzumildern. Die Partei w\u00fcrde sich sonst andrerseits gen\u00f6tigt sehn, in die Opposition zu gehen. <\/span><\/span><\/p>\n<p style=\"text-align: justify;\"><span style=\"font-family: Ubuntu;\"><span style=\"font-size: large;\">\u00a0\u00a0\u00a0 Der Entschlu\u00df ist deshalb so bedeutungsvoll, weil wir aus ihm zum ersten Mal erfahren, da\u00df es in Deutschland eine Sozialdemokratische Partei gibt, und da\u00df diese Partei jemals in der Opposition gestanden hat. <\/span><\/span><\/p>\n<p><span style=\"font-family: Ubuntu;\"><span style=\"font-size: large;\">\u00a0\u00a0\u00a0 Die Reichsbank wird sich vermutlich abwartend verhalten.<\/span><\/span><\/p>\n<p><span style=\"font-family: Ubuntu;\"><span style=\"font-size: large;\">K. H. (Kaspar Hauser). Erschienen als Erstausgabe in der W.B. (Die Weltb\u00fchne) vom 4. August 1931. Offensichtlich eine Zukunftsvision. Oder ein Recherchefehler der Gesamtausgabe. Deutsches Chaos. Zitiert nach der Gesamtausgabe. D\u00fcnndruck. Drei B\u00e4nde. Band III. 1929 \u2013 1932. Seite 902.<a href=\"http:\/\/www.medienberatungev.org\/wp-content\/uploads\/2018\/02\/Nilpferd7.jpg\"><img loading=\"lazy\" decoding=\"async\" class=\"wp-image-5638 alignleft\" src=\"http:\/\/www.medienberatungev.org\/wp-content\/uploads\/2018\/02\/Nilpferd7-1024x717.jpg\" alt=\"Nilpferd7\" width=\"143\" height=\"100\" \/><\/a><\/span><\/span><\/p>\n","protected":false},"excerpt":{"rendered":"<p>Unter der \u00dcberschrift Deutsches Chaos findet man bei Kurt Tucholsky an sechster Stelle. (S. 902)<\/p>\n","protected":false},"author":2,"featured_media":0,"comment_status":"open","ping_status":"open","sticky":false,"template":"","format":"standard","meta":{"footnotes":""},"categories":[2821,2409,2822,2489,2655,2577,123,1],"tags":[2824,2827,3932,3902,2826],"class_list":["post-6840","post","type-post","status-publish","format-standard","hentry","category-14-august","category-2409","category-deutsches-chaos","category-deutsches-reich","category-ignaz-wrobel","category-kurt-tucholsky","category-spd","category-uncategorized","tag-chaos","tag-genoetigt-sehen","tag-kaspar-hauser","tag-kurt-tucholsky","tag-sozialdemokratische-partei"],"_links":{"self":[{"href":"https:\/\/www.medienberatungev.org\/index.php?rest_route=\/wp\/v2\/posts\/6840","targetHints":{"allow":["GET"]}}],"collection":[{"href":"https:\/\/www.medienberatungev.org\/index.php?rest_route=\/wp\/v2\/posts"}],"about":[{"href":"https:\/\/www.medienberatungev.org\/index.php?rest_route=\/wp\/v2\/types\/post"}],"author":[{"embeddable":true,"href":"https:\/\/www.medienberatungev.org\/index.php?rest_route=\/wp\/v2\/users\/2"}],"replies":[{"embeddable":true,"href":"https:\/\/www.medienberatungev.org\/index.php?rest_route=%2Fwp%2Fv2%2Fcomments&post=6840"}],"version-history":[{"count":9,"href":"https:\/\/www.medienberatungev.org\/index.php?rest_route=\/wp\/v2\/posts\/6840\/revisions"}],"predecessor-version":[{"id":7280,"href":"https:\/\/www.medienberatungev.org\/index.php?rest_route=\/wp\/v2\/posts\/6840\/revisions\/7280"}],"wp:attachment":[{"href":"https:\/\/www.medienberatungev.org\/index.php?rest_route=%2Fwp%2Fv2%2Fmedia&parent=6840"}],"wp:term":[{"taxonomy":"category","embeddable":true,"href":"https:\/\/www.medienberatungev.org\/index.php?rest_route=%2Fwp%2Fv2%2Fcategories&post=6840"},{"taxonomy":"post_tag","embeddable":true,"href":"https:\/\/www.medienberatungev.org\/index.php?rest_route=%2Fwp%2Fv2%2Ftags&post=6840"}],"curies":[{"name":"wp","href":"https:\/\/api.w.org\/{rel}","templated":true}]}}