{"id":7007,"date":"2018-06-12T07:49:04","date_gmt":"2018-06-12T07:49:04","guid":{"rendered":"http:\/\/www.medienberatungev.org\/?p=7007"},"modified":"2018-06-16T19:41:20","modified_gmt":"2018-06-16T19:41:20","slug":"kurt-tucholsky-wir-sassen-auf-der-wolke-und-liessen-die-beine-baumeln","status":"publish","type":"post","link":"https:\/\/www.medienberatungev.org\/?p=7007","title":{"rendered":"Kurt Tucholsky Wir sa\u00dfen auf der Wolke und lie\u00dfen die Beine baumeln"},"content":{"rendered":"<p style=\"text-align: justify;\"><strong><span style=\"font-family: Ubuntu;\"><span style=\"font-size: large;\">NACHHER<\/span><\/span><\/strong><\/p>\n<p style=\"text-align: justify;\"><span style=\"font-family: Ubuntu;\"><span style=\"font-size: large;\"><strong>Wir sa\u00dfen auf der Wolke und lie\u00dfen die Beine baumeln.<\/strong><\/span><\/span><!--more--><\/p>\n<p style=\"text-align: justify;\"><span style=\"font-family: Ubuntu;\"><span style=\"font-size: large;\">&gt;<\/span><\/span><span style=\"font-family: Ubuntu;\"><span style=\"font-size: large;\">Am liebsten<\/span><\/span><span style=\"font-family: Ubuntu;\"><span style=\"font-size: large;\">&lt;<\/span><\/span><span style=\"font-family: Ubuntu;\"><span style=\"font-size: large;\">, sagte ich zu ihm, <\/span><\/span><span style=\"font-family: Ubuntu;\"><span style=\"font-size: large;\">&gt;<\/span><\/span><span style=\"font-family: Ubuntu;\"><span style=\"font-size: large;\">waren mir zeitlebens die Betriebe, die ein wenig verfault waren. Da arbeitete ich so gern. Der Chef schon etwas gaga, wie die Franzosen das nennen, m\u00fcmmlig, nicht mehr ganz auf dem Trab, vielleicht Alkoholiker; sein Stellvertreter ein gutm\u00fctiger Mann, der nicht allzuviel zu sagen hatte. Niemand hatte \u00fcberhaupt viel zu sagen \u2013 der Begriff des Vorgesetzten war eingeschlafen. <\/span><\/span><\/p>\n<p style=\"text-align: justify;\"><span style=\"font-family: Ubuntu;\"><span style=\"font-size: large;\">Auch Vorschriften nahm man nicht so genau \u2013 sie waren da, aber sie bedr\u00fcckten keinen. Diese L\u00e4den hatten immer so etwas von Morbidit\u00e4t, es ging zu Ende mit ihnen, ein leiser Verfall. Wissen Sie: man arbeitete, man faulenzte nicht, hatte Besch\u00e4ftigung \u2013 aber es war im gro\u00dfen ganzen doch nur die Geste der Arbeit. Haben Sie mal in einer Posse eine Choristin die M\u00f6bel abpuscheln sehen? So etwas \u00c4hnliches war es. Schrecklich, wenn der Betrieb etwa aufgefrischt werden sollte, wenn ein neuer Mann kam, der gleich am ersten Tag erkl\u00e4rte: <\/span><\/span><span style=\"font-family: Ubuntu;\"><span style=\"font-size: large;\">&gt;<\/span><\/span><span style=\"font-family: Ubuntu;\"><span style=\"font-size: large;\">Die Schweinerei h\u00f6rt jetzt auf!<\/span><\/span><span style=\"font-family: Ubuntu;\"><span style=\"font-size: large;\">&lt;<\/span><\/span><\/p>\n<p style=\"text-align: justify;\"><span style=\"font-family: Ubuntu;\"><span style=\"font-size: large;\">Wie lange es immer dauerte, bis sich auch der neue eingew\u00f6hnt hatte! Denn Verfall steckt an \u2013 unweigerlich. Ich bin zweiundsiebzig Jahre alt geworden: mir ist kein Fall bekannt, wo er nicht angesteckt h\u00e4tte. Ja. Es gab viele St\u00e4tten solcher Art. Beim Milit\u00e4r habe ich sie gefunden, in der Industrie; auf dem Lande lagen solche G\u00fcter \u2013 Operettenbetriebe. H\u00fcbsch, da zu arbeiten. Sehr nett. Und immer so eine leise kitzelnde Angst vor dem Ende, denn einmal mu\u00dfte es ja kommen, das Ende \u2013 immer konnte es nicht so weitergehen.<\/span><\/span><span style=\"font-family: Ubuntu;\"><span style=\"font-size: large;\">&lt;<\/span><\/span><\/p>\n<p style=\"text-align: justify;\"><span style=\"font-family: Ubuntu;\"><span style=\"font-size: large;\">&gt;Nein&lt;, antwortete er, &gt;immer konnte es nat\u00fcrlich nicht so weitergehen. Kommen Sie \u00fcbrigens heute nachmittag zum lieben Gott?&lt; \u2013 &gt;Wer wird da sein \u2013?&lt; sagte ich. Er antwortete: &gt;Gandhi, Alfred Polgar, einer von den unbekannten Soldaten und dann irgendein Neuer.&lt;<\/span><\/span><\/p>\n<p style=\"text-align: justify;\"><span style=\"font-family: Ubuntu;\"><span style=\"font-size: large;\">&gt;Ich mag die Neuen nicht&lt;, sagte ich. &gt;Sie kommen sich so feierlich vor. Wie finden Sie \u00fcbrigens den lieben Gott?&lt;<\/span><\/span><\/p>\n<p style=\"text-align: justify;\"><span style=\"font-family: Ubuntu;\"><span style=\"font-size: large;\">&gt;Sehr sympathisch&lt;, sagte er. &gt;Er erinnert ein wenig an das, wovon Sie eben sprachen.&lt; \u2013 &gt;Ja&lt;, sagte ich.<\/span><\/span><\/p>\n<p style=\"text-align: justify;\"><span style=\"font-family: Ubuntu;\"><span style=\"font-size: large;\">Dann lie\u00dfen wir wieder die Beine baumeln.<\/span><\/span><\/p>\n<p style=\"text-align: justify;\"><span style=\"font-family: Ubuntu;\"><span style=\"font-size: large;\">K.H. (Kaspar Hauser). Erstver\u00f6ffentlichung in W.B. (Die Weltb\u00fchne) am 25. August 1925. Zitiert nach der Gesamtausgabe (D\u00fcnndruck). Drei B\u00e4nde. Band III. 1929 &#8211; 1932. Seite 1099 \u2013 1100. Die Seite 1099 hat keine Paginierung.<a href=\"http:\/\/www.medienberatungev.org\/wp-content\/uploads\/2018\/06\/Tieresehendichan3.jpg\"><img loading=\"lazy\" decoding=\"async\" class=\"wp-image-6877 alignright\" src=\"http:\/\/www.medienberatungev.org\/wp-content\/uploads\/2018\/06\/Tieresehendichan3-1024x780.jpg\" alt=\"Tieresehendichan3\" width=\"121\" height=\"92\" \/><\/a><\/span><\/span><\/p>\n<p>&nbsp;<\/p>\n","protected":false},"excerpt":{"rendered":"<p>NACHHER Wir sa\u00dfen auf der Wolke und lie\u00dfen die Beine baumeln.<\/p>\n","protected":false},"author":2,"featured_media":0,"comment_status":"open","ping_status":"open","sticky":false,"template":"","format":"standard","meta":{"footnotes":""},"categories":[2153,2655,2825,2577,2907,2699],"tags":[2910,2911,2765,3932,3902,2909,2908],"class_list":["post-7007","post","type-post","status-publish","format-standard","hentry","category-2153","category-ignaz-wrobel","category-kaspar-hauser","category-kurt-tucholsky","category-nachher","category-peter-panter","tag-abpuscheln","tag-gaga","tag-gesamtausgabe","tag-kaspar-hauser","tag-kurt-tucholsky","tag-muemmlig","tag-wir-sassen-auf-der-wolke-und-liessen-die-beine-baumeln"],"_links":{"self":[{"href":"https:\/\/www.medienberatungev.org\/index.php?rest_route=\/wp\/v2\/posts\/7007","targetHints":{"allow":["GET"]}}],"collection":[{"href":"https:\/\/www.medienberatungev.org\/index.php?rest_route=\/wp\/v2\/posts"}],"about":[{"href":"https:\/\/www.medienberatungev.org\/index.php?rest_route=\/wp\/v2\/types\/post"}],"author":[{"embeddable":true,"href":"https:\/\/www.medienberatungev.org\/index.php?rest_route=\/wp\/v2\/users\/2"}],"replies":[{"embeddable":true,"href":"https:\/\/www.medienberatungev.org\/index.php?rest_route=%2Fwp%2Fv2%2Fcomments&post=7007"}],"version-history":[{"count":3,"href":"https:\/\/www.medienberatungev.org\/index.php?rest_route=\/wp\/v2\/posts\/7007\/revisions"}],"predecessor-version":[{"id":7261,"href":"https:\/\/www.medienberatungev.org\/index.php?rest_route=\/wp\/v2\/posts\/7007\/revisions\/7261"}],"wp:attachment":[{"href":"https:\/\/www.medienberatungev.org\/index.php?rest_route=%2Fwp%2Fv2%2Fmedia&parent=7007"}],"wp:term":[{"taxonomy":"category","embeddable":true,"href":"https:\/\/www.medienberatungev.org\/index.php?rest_route=%2Fwp%2Fv2%2Fcategories&post=7007"},{"taxonomy":"post_tag","embeddable":true,"href":"https:\/\/www.medienberatungev.org\/index.php?rest_route=%2Fwp%2Fv2%2Ftags&post=7007"}],"curies":[{"name":"wp","href":"https:\/\/api.w.org\/{rel}","templated":true}]}}