{"id":7242,"date":"2018-06-16T19:02:51","date_gmt":"2018-06-16T19:02:51","guid":{"rendered":"http:\/\/www.medienberatungev.org\/?p=7242"},"modified":"2018-06-16T19:36:10","modified_gmt":"2018-06-16T19:36:10","slug":"bebel-war-ein-kerl-von-ignaz-wrobel","status":"publish","type":"post","link":"https:\/\/www.medienberatungev.org\/?p=7242","title":{"rendered":"BEBEL WAR EIN KERL von Ignaz Wrobel"},"content":{"rendered":"<p><strong><span style=\"font-family: Ubuntu;\"><span style=\"font-size: large;\">F\u00dcHRER ?<\/span><\/span><\/strong><\/p>\n<p><span style=\"font-family: Ubuntu;\"><span style=\"font-size: large;\">Bebel war ein Kerl. Von oben bis unten in allen Gesch\u00e4ften und Theorien des politischen Lebens erfahren. <\/span><\/span><!--more--><span style=\"font-family: Ubuntu;\"><span style=\"font-size: large;\">Heute zieht eine neue F\u00fchrergeneration auf.<\/span><\/span><\/p>\n<p>W<span style=\"font-family: Ubuntu;\"><span style=\"font-size: large;\">as da heute zum Teil morphinistisch, zum Teil voll Kokain, nerv\u00f6s, k\u00e4sewei\u00df und mit der Literatenlocke vor die Arbeiter tritt, \u00fcberw\u00e4ltigt sie h\u00e4ufig genug einfach durch die rhetorische Leistung. Durch das augenblickliche Feuer. Durch das Temperament. Wer sind diese \u00dcberradikalen, denen wir in allen Organisationen begegnen?<\/span><\/span><\/p>\n<p><span style=\"font-family: Ubuntu;\"><span style=\"font-size: large;\">Junge Leute, die sich als das Ende einer historischen Reihe betrachten und nicht wissen, dass es nach ihnen noch weitergeht, suchen und finden vor den Massen eine Wirkung, die ihnen im Geisteskampf unter ihresgleichen versagt bleibt. Aber es kostet ja nichts, was sie tun.<\/span><\/span><\/p>\n<p><span style=\"font-family: Ubuntu;\"><span style=\"font-size: large;\">Es ist ungeheuer billig, vor eine Versammlung zu treten und ihr entgegenzudonnern, von heute ab m\u00fcsse eine vollkommene Umw\u00e4lzung der Gesellschaftsformen, der Liebe, der Kultur, des Pazifismus und der R\u00e4tediktatur eintreten. Bravo, bravo! Denn wer Hunger hat und nur ein zerrissenes Hemd auf dem Leibe, erhofft sich von allem Rettung und ist geneigt, zu glauben. Dieser Radikalismus ist \u00fcberall im Ausverkauf zu haben.<\/span><\/span><\/p>\n<p><span style=\"font-family: Ubuntu;\"><span style=\"font-size: large;\">Der, der da oben steht, glaubt. Ich sehe ganz von den F\u00e4llen der Salonbolschewisten ab und von den Herren, die f\u00fcr ihr Geschrei bezahlt bekommen. Sicherlich sind viele dieser Jungen, die sich f\u00fcr F\u00fchrer halten, ehrlich ideal gesinnt, und es schmerzt in Deutschland sehr, wenn man einmal gezwungen ist, ihnen zu sagen, dass sie nicht zu Volksf\u00fchrern taugen. Man ist des Beifalls aller Stammtische gewi\u00df, und das ist bitter. &gt;Der Philister hat manchmal recht, aber nie in den Gr\u00fcnden.&lt; Diesmal haben die Stammtische recht. Nat\u00fcrlich begr\u00fcnden sie es falsch: denn sie wollen ihre Ruhe haben und verdammen den jungen Redner aus schlechten und muffigen Motiven.<\/span><\/span><\/p>\n<p><span style=\"font-family: Ubuntu;\"><span style=\"font-size: large;\">Aber was tut denn der da oben? Er &gt;beweist&lt;, da\u00df er recht hat. Mit der Logik kann man alles beweisen. Resultate stehen vorher fest und wachsen im Herzen, nicht im Kopf. Und so gewi\u00df gro\u00dfe Denker Situationen blitzartig erfassen, intuitiv, wie vom lieben Gott beschenkt, und sich nicht noch damit befassen k\u00f6nnen, die Wege zu bauen, die sie vorgezeichnet haben, so gewi\u00df gibt es heute zu viele Kartenzeichner und zu wenig Pflasterer.<\/span><\/span><\/p>\n<p><span style=\"font-family: Ubuntu;\"><span style=\"font-size: large;\">&gt;Und so rufen Sie mit mir: Nieder mit der heutigen Gesellschaftsform!&lt; Das ist gar nichts. In dem Augenblick, wo der junge Mann die Trib\u00fcne verl\u00e4\u00dft und die Sache f\u00fcr ihn erledigt ist, in diesem Augenblick h\u00f6rt die Arbeit nicht auf, sondern da f\u00e4ngt sie an.<\/span><\/span><\/p>\n<p><span style=\"font-family: Ubuntu;\"><span style=\"font-size: large;\">Ich mu\u00df sagen, dass ich ein kr\u00e4ftiges Mi\u00dftrauen gegen diese Unzahl von Weltverbesserern habe, die kosmische Geb\u00e4ude umst\u00fcrzen wollen und nicht f\u00e4hig sind, einen Brief zu frankieren und, h\u00f6her hinauf, in einer Konferenz so mitzuarbeiten, dass der Karren weitergetrieben wird.<\/span><\/span><\/p>\n<p><span style=\"font-family: Ubuntu;\"><span style=\"font-size: large;\">Achtundvierzig Jahre lang, von 1870 bis 1918, setzte das offizielle Deutschland f\u00fcr die f\u00f6rdernde Arbeit die Phrase. Diese Opposition treibts nicht besser. Es ist merkw\u00fcrdig, wie traurig eine solche F\u00fchrerversammlung in Deutschland auszusehen pflegt, welche K\u00f6pfe, welche Stirnen, welche aufgeblasene Mittelm\u00e4\u00dfigkeiten dort auftauchen. \u00dcber Schopenhauer hat der Spie\u00dfer zu schweigen. Ein Sitzungszimmer voller Schopenhauer gibt es nicht, und ich mag diese Apostel nicht, die f\u00fcr ihr k\u00fcmmerliches Privatleben all die sch\u00f6nen Grunds\u00e4tze ganz au\u00dfer acht lassen, die sie so heftig propagieren.<\/span><\/span><\/p>\n<p><span style=\"font-family: Ubuntu;\"><span style=\"font-size: large;\">Und unter solchen Einfl\u00fcssen steht heute ein Teil des Proletariats, Leute, die nicht sehen, von wem sie und wohin sie gef\u00fchrt werden. Es ist so weit gekommen, dass das Saalpodium und das praktische Leben kaum noch etwas miteinander zu schaffen haben. Oben: Radikalismus, wo er am slawischsten ist; unten: charakterloses Kleinb\u00fcrgertum.<br \/>\nF\u00fchrer \u2013 das wollen sie alle sein. Helfen will keiner!<\/span><\/span><\/p>\n<p><span style=\"font-family: Ubuntu;\"><span style=\"font-size: large;\">I.W. (Ignaz Wrobel). Erstver\u00f6ffentlichung in der BVZ (Berliner Volkszeitung, Verlag Rudolf Mosse) am 16. Oktober 1920. Zitiert nach der Gesamtausgabe Kurt Tucholsky. Drei B\u00e4nde. D\u00fcnndruckausgabe. Band I. 1907 &#8211; 1924. Seite 746 \u2013 748.<\/span><\/span><\/p>\n<p><span style=\"font-family: Ubuntu;\"><span style=\"font-size: large;\">Sollte der Obernazi diesen Artikel gelesen und sich deswegen so genannt haben? Kaum zu glauben. <a href=\"http:\/\/www.medienberatungev.org\/wp-content\/uploads\/2018\/06\/Tieresehendichan31.jpg\"><img loading=\"lazy\" decoding=\"async\" class=\"wp-image-7184 alignright\" src=\"http:\/\/www.medienberatungev.org\/wp-content\/uploads\/2018\/06\/Tieresehendichan31-1024x780.jpg\" alt=\"Tieresehendichan3\" width=\"89\" height=\"68\" \/><\/a><\/span><\/span><\/p>\n","protected":false},"excerpt":{"rendered":"<p>F\u00dcHRER ? Bebel war ein Kerl. Von oben bis unten in allen Gesch\u00e4ften und Theorien des politischen Lebens erfahren.<\/p>\n","protected":false},"author":2,"featured_media":0,"comment_status":"open","ping_status":"open","sticky":false,"template":"","format":"standard","meta":{"footnotes":""},"categories":[2217,2655,2577,3126],"tags":[3200,3197,3178,3177,3091,3199,3198,3195,3185,3193,3180,3187,2765,3188,3176,3183,3181,3190,3194,3196,3179,3192,3956,3189,3182,3184,3191],"class_list":["post-7242","post","type-post","status-publish","format-standard","hentry","category-2217","category-ignaz-wrobel","category-kurt-tucholsky","category-oktober-1920","tag-aufgeblasene-mittelmaessigkeiten","tag-aus-schlechten-und-muffigen-motiven","tag-bebel","tag-bebel-war-ein-kerl","tag-berliner-volkszeitung","tag-charakterloses-kleinbuergertum","tag-denn-sie-wollen-ihre-ruhe-haben","tag-die-sich-fuer-fuehrer-halten","tag-duenndruck","tag-erhofft-sich-von-allem-rettung","tag-fuehrer","tag-fuehrer-das-wollen-sie-alle","tag-gesamtausgabe","tag-kaeseweis","tag-literatenlocke","tag-nicht-faehig-einen-brief-zu-frankieren","tag-radikalismus-ist-ueberall-im-ausverkauf-zu-haben","tag-raetediktatur","tag-salonbolschewisten","tag-stammtische","tag-ueberradikalen","tag-und-ein-zerrissenes-hemd","tag-verlag-rudolf-mosse","tag-vor-die-arbeiter-tritt","tag-weltverbesserern","tag-weltverbesserern-nicht-faehig-einen-brief-zu-frankieren","tag-wer-hunger-hat"],"_links":{"self":[{"href":"https:\/\/www.medienberatungev.org\/index.php?rest_route=\/wp\/v2\/posts\/7242","targetHints":{"allow":["GET"]}}],"collection":[{"href":"https:\/\/www.medienberatungev.org\/index.php?rest_route=\/wp\/v2\/posts"}],"about":[{"href":"https:\/\/www.medienberatungev.org\/index.php?rest_route=\/wp\/v2\/types\/post"}],"author":[{"embeddable":true,"href":"https:\/\/www.medienberatungev.org\/index.php?rest_route=\/wp\/v2\/users\/2"}],"replies":[{"embeddable":true,"href":"https:\/\/www.medienberatungev.org\/index.php?rest_route=%2Fwp%2Fv2%2Fcomments&post=7242"}],"version-history":[{"count":3,"href":"https:\/\/www.medienberatungev.org\/index.php?rest_route=\/wp\/v2\/posts\/7242\/revisions"}],"predecessor-version":[{"id":7254,"href":"https:\/\/www.medienberatungev.org\/index.php?rest_route=\/wp\/v2\/posts\/7242\/revisions\/7254"}],"wp:attachment":[{"href":"https:\/\/www.medienberatungev.org\/index.php?rest_route=%2Fwp%2Fv2%2Fmedia&parent=7242"}],"wp:term":[{"taxonomy":"category","embeddable":true,"href":"https:\/\/www.medienberatungev.org\/index.php?rest_route=%2Fwp%2Fv2%2Fcategories&post=7242"},{"taxonomy":"post_tag","embeddable":true,"href":"https:\/\/www.medienberatungev.org\/index.php?rest_route=%2Fwp%2Fv2%2Ftags&post=7242"}],"curies":[{"name":"wp","href":"https:\/\/api.w.org\/{rel}","templated":true}]}}