{"id":7246,"date":"2018-06-16T19:30:00","date_gmt":"2018-06-16T19:30:00","guid":{"rendered":"http:\/\/www.medienberatungev.org\/?p=7246"},"modified":"2018-06-16T19:35:40","modified_gmt":"2018-06-16T19:35:40","slug":"leerlauf-von-ignaz-wrobel","status":"publish","type":"post","link":"https:\/\/www.medienberatungev.org\/?p=7246","title":{"rendered":"LEERLAUF  von Ignaz Wrobel"},"content":{"rendered":"<p align=\"justify\"><strong><span style=\"font-family: Ubuntu;\"><span style=\"font-size: large;\">LEERLAUF<\/span><\/span><\/strong><\/p>\n<p align=\"justify\"><span style=\"font-family: Ubuntu;\"><span style=\"font-size: large;\">Es ist wunderbar. Sie lesen B\u00fccher wie den &gt;<i>Untergang des Abendlandes&lt;, <\/i>sie <\/span><\/span><!--more--><\/p>\n<p align=\"justify\"><span style=\"font-family: Ubuntu;\"><span style=\"font-size: large;\">h\u00f6ren Vortr\u00e4ge und halten die Zeitungen und sprechen t\u00e4glich davon, wie eine Welt zerbr\u00f6ckelt ist: aber das Lebensgef\u00fchl der Leute ist von diesen Erkenntnissen g\u00e4nzlich unber\u00fchrt geblieben. Sie meinen, wenn sie so daherreden, das Wirtschaftliche. Aber sie, ihr eigner Haushalt, ihre Familie \u2013 das l\u00e4uft weiter. Das hat damit wohl nichts zu tun, meinen sie.<\/span><\/span><\/p>\n<p align=\"justify\"><span style=\"font-family: Ubuntu;\"><span style=\"font-size: large;\">Nun wird es ja wohl immer so gewesen sein, da\u00df das Kleine fr\u00f6hlich weiterlief, w\u00e4hrend das Gro\u00dfe sich aufl\u00f6ste und neugestaltete \u2013 es ist wohl immer so gewesen, dass Weltereignisse den Hauskram des t\u00e4glichen Lebens nicht erstickten, und dass die angebrannte Milch das Erlebnis &gt;Napoleon&lt; bei vielen verdr\u00e4ngte \u2013 f\u00fcr den Tag. Gro\u00dfe Dinge ereignen sich nicht mittags um zw\u00f6lf Uhr zehn. Sie wachsen langsam.<\/span><\/span><\/p>\n<p align=\"justify\"><span style=\"font-family: Ubuntu;\"><span style=\"font-size: large;\">Aber welche Lemuren \u2013 ! Korpsstudenten, Reichswehrbeh\u00f6rden, Festivit\u00e4ten, Kaufmannsreisen \u2013 man m\u00fc\u00dfte glauben, alles sei quicklebendig wie zuvor. Und wenn auch Bayern tobt und durch Stra\u00dfenspektakel ein Lebensgef\u00fchl vort\u00e4uscht, das ebenso wirblig wie unwirksam nach au\u00dfen ist \u2013 : merken sie nichts? Merken sie nicht, wie all das unaufhaltsam versinkt, was sie angebetet haben, ein Leben lang? Wie ganze Betrachtungsweisen sachte untergehen, nicht mehr wirksam sind, wie wir geliebte B\u00fccher nicht mehr lesen k\u00f6nnen, weil die Voraussetzungen nicht mehr stimmen, und wie Maupassant h\u00f6lzern und tot und gestreckt wirkt, weil alles anders geworden ist unterdessen. Merken sies nicht \u2013?<\/span><\/span><\/p>\n<p align=\"justify\"><span style=\"font-family: Ubuntu;\"><span style=\"font-size: large;\">&gt;So l\u00e4uft ein Rad noch, wenn der Antrieb gehemmt wird&lt;, steht im &gt;<i>G\u00e4nsem\u00e4nnchen&lt;. <\/i>Der Antrieb ist gehemmt, aber sie erfreuen sich am Lauf des Rads. Schnurrts nicht \u2013 ?<\/span><\/span><\/p>\n<p align=\"justify\"><span style=\"font-family: Ubuntu;\"><span style=\"font-size: large;\">Krampfhaft produziert die Provinz ein Deutschtum, dessen Basis l\u00e4ngst dahin ist; krampfhaft faseln sie von der Wiedergeburt eines deutschen Geistes, den die deutschen Gr\u00fcnderjahre nach Siebzig schon zertrampelt hatten; sie aalen sich noch in den alten Formen, in den alten Liedern, in den alten Wegen. Und es ist doch aus, aus, aus.<\/span><\/span><\/p>\n<p align=\"justify\"><span style=\"font-family: Ubuntu;\"><span style=\"font-size: large;\">Ibsen wird stockfleckig; keine Philosophie, die nicht zerdacht w\u00e4re \u2013 aber noch spielen sie Berlin gegen die Provinz aus, belachen Leichen und bejubeln Leichen. Es ist alles nicht mehr wahr.<\/span><\/span><\/p>\n<p align=\"justify\"><span style=\"font-family: Ubuntu;\"><span style=\"font-size: large;\">Erschauernd f\u00fchlt mans alle Tage. Ein Vers, eine Erz\u00e4hlung, die Art, das Meer rauschen zu h\u00f6ren. Naturgef\u00fchl und Menschenbeurteilung, Ethos und Satire, Form der Liebesankn\u00fcpfung und staatliche Strafe \u2013 dahin, dahin. Es ist, wie wenn die Dinge den Pilz im Leibe haben. Noch stehen sie \u2013 aber sie sind schwammig und weich geworden. Und was nun \u2013?<\/span><\/span><\/p>\n<p align=\"justify\"><span style=\"font-family: Ubuntu;\"><span style=\"font-size: large;\">Was nun \u2013 ? Viel w\u00e4re gewonnen, wenn sich die Erkenntnis Bahn br\u00e4che, dass Mitropa (du guter Schlafwagenkontrolleur Naumann!) ein Balkan geworden ist, ein teurer Balkan, ein bel\u00e4chelnswerter Balkan, ein beweinenswerter Balkan.<\/span><\/span><\/p>\n<p align=\"justify\"><span style=\"font-family: Ubuntu;\"><span style=\"font-size: large;\">Hakenkreuz und Landgericht \u2013 : trumpft immer auf. Das v\u00f6llig mi\u00dfleitete Lebensgef\u00fchl eines Volkes, tr\u00fcgerisch orientiert, hat den Instinkt verloren, wei\u00df nicht mehr, was es sich zutrauen darf, und spielt nun ein St\u00fcck weiter, zu dem das Publikum l\u00e4ngst nach Hause gegangen ist. J\u00e4h g\u00e4hnt das hohle Theater \u2013 oben stehen wei\u00df geschminkt die Puppen und spielen, spielen . . . <\/span><\/span><\/p>\n<p align=\"justify\"><span style=\"font-family: Ubuntu;\"><span style=\"font-size: large;\">Untergang? Ein Volk geht nicht unter. Es verlaust oder gruppiert sich anders. So wie auf den d\u00fcnnen Blechen, wenn man sie mit dem Violinbogen anstreicht, die Sandk\u00f6rnchen sich nur anders gruppieren. Ihre Menge bleibt konstant. Aber aus dem F\u00fcnfeck wird ein Rhomboid und aus dem Stern ein Kreuz.<\/span><\/span><\/p>\n<p align=\"justify\"><span style=\"font-family: Ubuntu;\"><span style=\"font-size: large;\">Und aus uns \u2013 ?<\/span><\/span><\/p>\n<p align=\"justify\"><span style=\"font-family: Ubuntu;\"><span style=\"font-size: large;\">I.W. (Ignaz Wrobel). Erstver\u00f6ffentlichung in der W. B. (Die Weltb\u00fchne) am 30. September 1920. Zitiert nach Gesamtausgabe Kurt Tucholsky. Drei B\u00e4nde. D\u00fcnndruck. Band I. 1907 &#8211; 1924. Seite 238 \u2013 739.<\/span><\/span><\/p>\n<p align=\"justify\">\n","protected":false},"excerpt":{"rendered":"<p>LEERLAUF Es ist wunderbar. Sie lesen B\u00fccher wie den &gt;Untergang des Abendlandes&lt;, sie<\/p>\n","protected":false},"author":2,"featured_media":0,"comment_status":"open","ping_status":"open","sticky":false,"template":"","format":"standard","meta":{"footnotes":""},"categories":[2759,2655,2577,3201],"tags":[3203,3134,3204,3207,3209,3206,3205,3902,3208,3916,3202,3923],"class_list":["post-7246","post","type-post","status-publish","format-standard","hentry","category-die-weltbuehne","category-ignaz-wrobel","category-kurt-tucholsky","category-oswald-spengler","tag-angebrannte-milch","tag-deutschtum","tag-erlebnis-napoleon","tag-hakenkreuz","tag-hat-den-instinkt-verloren","tag-kaufmannsreisen","tag-korpsstudenten","tag-kurt-tucholsky","tag-landgericht","tag-peter-panter","tag-untergang-des-abendlandes","tag-weltbuehne"],"_links":{"self":[{"href":"https:\/\/www.medienberatungev.org\/index.php?rest_route=\/wp\/v2\/posts\/7246","targetHints":{"allow":["GET"]}}],"collection":[{"href":"https:\/\/www.medienberatungev.org\/index.php?rest_route=\/wp\/v2\/posts"}],"about":[{"href":"https:\/\/www.medienberatungev.org\/index.php?rest_route=\/wp\/v2\/types\/post"}],"author":[{"embeddable":true,"href":"https:\/\/www.medienberatungev.org\/index.php?rest_route=\/wp\/v2\/users\/2"}],"replies":[{"embeddable":true,"href":"https:\/\/www.medienberatungev.org\/index.php?rest_route=%2Fwp%2Fv2%2Fcomments&post=7246"}],"version-history":[{"count":3,"href":"https:\/\/www.medienberatungev.org\/index.php?rest_route=\/wp\/v2\/posts\/7246\/revisions"}],"predecessor-version":[{"id":7253,"href":"https:\/\/www.medienberatungev.org\/index.php?rest_route=\/wp\/v2\/posts\/7246\/revisions\/7253"}],"wp:attachment":[{"href":"https:\/\/www.medienberatungev.org\/index.php?rest_route=%2Fwp%2Fv2%2Fmedia&parent=7246"}],"wp:term":[{"taxonomy":"category","embeddable":true,"href":"https:\/\/www.medienberatungev.org\/index.php?rest_route=%2Fwp%2Fv2%2Fcategories&post=7246"},{"taxonomy":"post_tag","embeddable":true,"href":"https:\/\/www.medienberatungev.org\/index.php?rest_route=%2Fwp%2Fv2%2Ftags&post=7246"}],"curies":[{"name":"wp","href":"https:\/\/api.w.org\/{rel}","templated":true}]}}