{"id":732,"date":"2014-07-21T12:45:45","date_gmt":"2014-07-21T12:45:45","guid":{"rendered":"http:\/\/www.medienberatungev.org\/?p=732"},"modified":"2025-10-23T13:28:11","modified_gmt":"2025-10-23T13:28:11","slug":"notwendige-korrekturen-zur-magisterarbeit-von-j-j","status":"publish","type":"post","link":"https:\/\/www.medienberatungev.org\/?p=732","title":{"rendered":"Arisierungen von Kinos in Hamburge"},"content":{"rendered":"\n<p>Magisterarbeit von Jan P\u00e4tjer Johannsen<\/p>\n\n\n<p><a href=\"https:\/\/www.medienberatungev.org\/wp-content\/uploads\/2025\/10\/janjohannsen.pdf\">PDF Magisterarbeit von Jan P\u00e4jer Johannsen <\/a><\/p>\n\n<p><a href=\"https:\/\/www.medienberatungev.org\/wp-content\/uploads\/2014\/07\/PDF-Die-Fehler-der-Magisterarbeit.pdf\">PDF Die Fehler der Magisterarbeit<\/a><\/p>\n\n\n<p><strong>S<\/strong><strong>eite<\/strong><strong>\n3,<\/strong> Zeile 4: Die Tafel h\u00e4ngt dort seit 1. Mai 1991. Die\nAusstellung fand erst 1992 statt.<\/p>\n\n\n\n<p><strong>Seite 6, <\/strong>Zeile 3: nicht 1992 sondern 1994. Reinhold S\u00f6gtrop hatte mit den Interviews nichts zu tun.<\/p>\n\n\n\n<p><strong>S<\/strong><strong>eite\n<\/strong><strong>6, <\/strong>Zeile 5: Die Einsch\u00e4tzung, die Jan Johannsen liefert\nist falsch.<\/p>\n\n\n\n<p><strong>S<\/strong><strong>eite\n<\/strong><strong>4,<\/strong> Zeile 4: von unten. Geschichtsstudenten m\u00fcssen\nvermutlich den feststehenden Begriff f\u00fcr ihre Magisterarbeit w\u00e4hlen.\nAber nach den Fakten, die wir in den Akten fotografiert haben, hatte\ndas nichts mit &#8222;Wiedergutmachung&#8220; zu tun. Es ist geradezu\neine Verh\u00f6hnung der Opfer. Insofern geh\u00f6rt dieser Begriff genauso\nin Anf\u00fchrungszeichen wie &#8222;Sonderbehandlung&#8220; und\n&#8222;Arisierung&#8220;.<\/p>\n\n\n\n<p><strong>S<\/strong><strong>eite<\/strong><strong>\n11,<\/strong> Zeile 15: Die Formulierung falsch &#8222;\u00fcberschrieb seine\nH\u00e4lfte im M\u00e4rz 1918&#8243; richtig muss es hei\u00dfen \u201ebei Gr\u00fcndung\nder GmbH&#8220;. Ebenfalls falsch: &#8222;und investierte seinen\nGewinn&#8220; richtig: \u201eeinen Teil seiner Erl\u00f6se&#8220;.<\/p>\n\n\n\n<p><strong>S<\/strong><strong>eite<\/strong><strong>\n12,<\/strong> Anmerkung 38: Historiker sind sich einig: Das statistische\nJahrbuch von 1934 ist keine seri\u00f6se Quelle mehr und sollte deshalb\nauch nicht verwendet werden. (auch Anmerkung 39\/40)<\/p>\n\n\n\n<p><strong>S<\/strong><strong>eite<\/strong><strong>\n16,<\/strong> Zeile 7: Inzwischen wissen wir und k\u00f6nnen es auch schreiben.\nEs war keine Macht\u00fcbernahme sondern eine Macht\u00fcbergabe.<\/p>\n\n\n\n<p><strong>Seite 24,<\/strong> vorletzte Zeile: \u201cK\u00f6nnte\u201c ist falsch. Es handelt sich um die Capitol Lichtspiele in Kiel am Dreieckplatz.<\/p>\n\n\n\n<p><strong>Seite 26,<\/strong> Dritte Zeile von oben: . . . da geh\u00f6rt dringend der Satz dran:&#8220;  . . . ohne jemals vor Gericht zu stehen.&#8220;<\/p>\n\n\n\n<p><strong>Seite 47, <\/strong>Zeile 7 : Hermann Urich-Sass nahm sich am 27. Januar 1933 das Leben. (Nicht am 30. Januar). Am 30. Januar 1933 wurde er beerdigt. Und Hitler wurde zum Reichskanzler ernannt. (W\u00e4re das nicht passiert, dann h\u00e4tte ich nie herausgefunden, dass es sich um j\u00fcdische Kinobesitzer handelt, die enteignet wurden.).  <\/p>\n\n\n\n<p><strong>Seite 47,<\/strong> Zeile 12: Es sind hier beide Begriffe:<strong> verkauft und ausgewandert<\/strong> falsch. Die Verk\u00e4ufer haben kein Geld bekommen und mussten aus Deutschland fliehen. Zeile 13: Es waren nicht sieben, sondern elf (11) Schauburgen zerst\u00f6rt. Es war nur noch ein Kino \u00fcbrig von den Kinos, die Hermann Urich-Sass und Hugo Streit 1933 betrieben hatten. Auch der folgende Satz ist falsch, weil die &#8222;ehemaligen Inhaber&#8220; tot waren. Lediglich die Henschel Tochter Bianca Kahn geb. Henschel erstritt vor der &#8222;Wiedergutmachungskammer des Landgerichts Hamburg&#8220; die R\u00fcckgabe einiger enteigneter Grundst\u00fccke (mit zerst\u00f6rten H\u00e4usern). Eine &#8222;Wiedergutmachung f\u00fcr erfahrenes Leid&#8220; haben sie nicht erfahren. Ich wei\u00df gar nicht wo Jan Johannsen diesen Satz her hat.<\/p>\n\n\n\n<p><strong>S<\/strong><strong>eite<\/strong><strong>\n53,<\/strong> Zeile 9: Hier wird ein falscher Zusammenhang konstruiert. Die\nJames Henschel GmbH hatte mit den Henschels oder den Schauburgen\nnichts mehr zu tun (Seit Gr\u00fcndung der GmbH). Zeile 18: Hier hat Jan\nJohannsen ganz daneben gehauen. Er hat Rolf Arno Streit nicht\nkennengelernt und kann somit die Glaubw\u00fcrdigkeit des Zeugen schlecht\nanzweifeln. F\u00fcr mich war Rolf Arno Streit der erste Mensch, der\nnicht gelogen hat, wie die anderen alle.<\/p>\n\n\n\n<p><strong>S<\/strong><strong>eite<\/strong><strong>\n54,<\/strong> Zeile 6: Hier werden T\u00e4ter und Opfer gegen\u00fcbergestellt, was\nvielleicht Geschichtsstudenten machen m\u00fcssen, wenn sie gute Noten\nhaben wollen. Hans Struckmeyer war ein ganz \u00fcbler Nazi und es ist\nkein Wunder, dass er andere Erinnerungen als die Opfer hat. Auch der\nSA Mann Paul Romahn hat andere Erinnerungen.<\/p>\n\n\n\n<p><strong>S<\/strong><strong>eite<\/strong><strong>\n55, <\/strong>Zeile 21-26 Was Jan Johannsen hier geritten hat, wei\u00df ich\nnicht. Aus den Unterlagen geht zwar hervor, da\u00df Geld geflossen ist,\nallerdings nicht an diejenigen, denen es zugestanden h\u00e4tte. Die\nS\u00e4tze sind zu streichen.<\/p>\n\n\n\n<p><strong>S<\/strong><strong>eite<\/strong><strong>\n57,<\/strong> Was Jan Johannsen da geritten hat, wei\u00df ich auch nicht. Ab .\n. . &#8222;Er musste auf Druck der . . . dass sie anst\u00e4ndig gewesen\n(S. 58 erster Absatz) ist komplett zu streichen. Da sind verschiedene\nFalschinformationen verarbeitet. Zum Verst\u00e4ndnis ist wichtig: Paul\nRomahn und Gustav Sch\u00fcmann waren beide selbst in hoher Position in\nder Reichsfilmkammer, deren Mitglieder sie waren. Das Zitat aus\nmeinem Interview ist aus dem Zusammenhang gerissen und soll bei Jan\nJohannsen belegen, da\u00df es sich um gute Menschen handelte. Das hatte\nRolf Arno Streit nicht gemeint. Er hat nur gemeint, da\u00df diese beiden\nT\u00e4ter niemanden selbst totgeschlagen haben, wie es die anderen SA\nM\u00e4nner gemacht haben. Zeile 15: Jan Johannsen hat die SA\nMitgliedschaft \u201evergessen&#8220;. (Aber vielleicht wusste er damals\nauch noch nicht, weil wir ziemlich \u00fcble Unterlagen erst bei den\nGrundst\u00fcckspapieren Zirkusweg gefunden haben)<\/p>\n\n\n\n<p><strong>S<\/strong><strong>eite\n<\/strong><strong>77,<\/strong> Zeile 12: ist komplett zu streichen. Die Aussagen von\nKlara Esslen und Heinz B. Heisig nach dem Kriege sind unglaubw\u00fcrdig.\nT\u00e4ter und Opfer sind eben nicht gleich.<\/p>\n\n\n\n<p><strong>S<\/strong><strong>eite\n<\/strong><strong>91,<\/strong> letzte Zeile: Der Begriff \u201everkauft&#8220; hat hier\nnichts zu suchen.<\/p>\n\n\n\n<p><strong>Seite 92,<\/strong> Zeile 12: Hier irrt Jan Johannsen. Wenn von einem 5 geschossigen Haus nur noch zwei da sind, dann hat das Haus den Krieg nicht <strong>&#8222;vergleichsweise gut \u00fcberstanden&#8220;<\/strong>. (Oder man m\u00fcsste schreiben, was der Vergleich ist)<\/p>\n\n\n\n<p><strong>Seite 106,<\/strong> Die Gespr\u00e4chsprotokolle der Videointerviews sind s\u00e4mtlich von mir. <strong>&#8222;Im Besitz des Verfassers&#8220; <\/strong>h\u00f6rt sich etwas merkw\u00fcrdig an, wo uns doch Jan an anderer Stelle den Unterschied von Besitz und Betrieb erkl\u00e4rt hatte.<\/p>\n\n\n\n<p><strong>3. Mai 2017 Jens Meyer<\/strong>  <strong>(Korrekturen 24. September 2021)<\/strong><\/p>\n","protected":false},"excerpt":{"rendered":"<p>Magisterarbeit von Jan P\u00e4tjer Johannsen PDF Magisterarbeit von Jan P\u00e4jer Johannsen PDF Die Fehler der Magisterarbeit Seite 3, Zeile 4: Die Tafel h\u00e4ngt dort seit 1. Mai 1991. Die Ausstellung fand erst 1992 statt. Seite 6, Zeile 3: nicht 1992 sondern 1994. Reinhold S\u00f6gtrop hatte mit den Interviews nichts zu tun. Seite 6, Zeile 5: &hellip; <a href=\"https:\/\/www.medienberatungev.org\/?p=732\" class=\"more-link\"><span class=\"screen-reader-text\">\u201eArisierungen von Kinos in Hamburge\u201c<\/span> weiterlesen<\/a><\/p>\n","protected":false},"author":2,"featured_media":0,"comment_status":"open","ping_status":"open","sticky":false,"template":"","format":"standard","meta":{"footnotes":""},"categories":[6595,6275,2,4355,4523,69,540,1708,4870,4308,650,298,2620,5648,8,1245,6305,6306,450,1726,6445,6443,16,1833,4665,1706,3305,5647,53,6462,6461,5,37,6,12,1536,4377,125,6770,1049,10,1729,5633,826,49,1990,1688,63,45,74,488,35,6317,6318,4357,6043,4513,73,5639,5634,2472,1687,2456,1725,2471,2015,2703,1604,5418],"tags":[552,3555,57,822,1028,3541,3549,34,3542,1029,3552,42,3547,48,1027,976,3540,3564,58,991,3550,33,3580,44,3546,38,622,70,41],"class_list":["post-732","post","type-post","status-publish","format-standard","hentry","category-6595","category-35-mm-film","category-pro-bla","category-anita-urich-sass","category-annita-urich-sass","category-arisierung","category-axel-springer","category-clara-esslen","category-daniel-wormser","category-david-urich-sass","category-deutsche-filme","category-deutscher-film","category-film","category-film-kurier","category-filmkritik","category-fotoarchiv-jens-meyer","category-fritz-kuhnert","category-fritz-kuhnert-revisionsabteilung-ufa","category-fuhlentwiete","category-genannt-sass","category-gerd-albrecht","category-geschichte-des-films","category-hamburg","category-hamburger","category-hamburger-kinos","category-hanni-seim","category-hanns-brodnitz","category-hans-feld","category-heinz-b-heisig","category-helios-kino","category-helios-kino-in-altona","category-henschel-film-konzern","category-hugo-streit","category-im-kino","category-jeremias-henschel","category-juedischer-friedhof-hamburg-ohlsdorf","category-karl-wolffsohn","category-kiel","category-kinoarchitektur","category-kinobesitzer","category-kinogeschichte","category-lbb","category-lebende-photographien","category-licht-bild-buehne","category-lichtbildbuehne","category-lichtburg-kino","category-max-winkler","category-michael-toeteberg","category-nsdap","category-ranette-salfeld","category-reichsfluchtsteuer","category-richard-adam","category-schauburg-kino-millerntor","category-schauburg-kino-st-pauli","category-schlueterstrasse","category-staatsarchiv","category-streit","category-thalia-kino","category-thalia-theater-hamburg","category-theater-lebender-photographien","category-theater-nobistor","category-ufa-2","category-universal-film-sa-brasilien","category-urich","category-waterloo-filmtheater","category-waterloo-kino","category-wichtigtuerei","category-wiedergutmachung","category-zerstoerung","tag-adolf-hitler","tag-arisierung","tag-bianca-henschel","tag-bianca-kahn","tag-capitol-kino-am-dreiecksplatz","tag-enteignung","tag-frida-henschel","tag-gustav-schuemann","tag-hamburg","tag-hans-struckmeyer","tag-heinz-b-heisig","tag-henschel-film-und-theaterkonzern","tag-hermann-urich-sass","tag-horst-urich-sass","tag-james-henschel-gmbh","tag-jan-johannsen","tag-jeremias-henschel","tag-kiel","tag-klara-esslen","tag-magisterarbeit","tag-nsdap","tag-paul-romahn","tag-persilschein","tag-reinhold-soegtrop","tag-richard-adam","tag-rolf-arno-streit","tag-schauburg-kino","tag-sonderbehandlung","tag-ufa"],"_links":{"self":[{"href":"https:\/\/www.medienberatungev.org\/index.php?rest_route=\/wp\/v2\/posts\/732","targetHints":{"allow":["GET"]}}],"collection":[{"href":"https:\/\/www.medienberatungev.org\/index.php?rest_route=\/wp\/v2\/posts"}],"about":[{"href":"https:\/\/www.medienberatungev.org\/index.php?rest_route=\/wp\/v2\/types\/post"}],"author":[{"embeddable":true,"href":"https:\/\/www.medienberatungev.org\/index.php?rest_route=\/wp\/v2\/users\/2"}],"replies":[{"embeddable":true,"href":"https:\/\/www.medienberatungev.org\/index.php?rest_route=%2Fwp%2Fv2%2Fcomments&post=732"}],"version-history":[{"count":54,"href":"https:\/\/www.medienberatungev.org\/index.php?rest_route=\/wp\/v2\/posts\/732\/revisions"}],"predecessor-version":[{"id":31151,"href":"https:\/\/www.medienberatungev.org\/index.php?rest_route=\/wp\/v2\/posts\/732\/revisions\/31151"}],"wp:attachment":[{"href":"https:\/\/www.medienberatungev.org\/index.php?rest_route=%2Fwp%2Fv2%2Fmedia&parent=732"}],"wp:term":[{"taxonomy":"category","embeddable":true,"href":"https:\/\/www.medienberatungev.org\/index.php?rest_route=%2Fwp%2Fv2%2Fcategories&post=732"},{"taxonomy":"post_tag","embeddable":true,"href":"https:\/\/www.medienberatungev.org\/index.php?rest_route=%2Fwp%2Fv2%2Ftags&post=732"}],"curies":[{"name":"wp","href":"https:\/\/api.w.org\/{rel}","templated":true}]}}