{"id":7333,"date":"2018-06-18T11:37:49","date_gmt":"2018-06-18T11:37:49","guid":{"rendered":"http:\/\/www.medienberatungev.org\/?p=7333"},"modified":"2022-09-08T22:11:08","modified_gmt":"2022-09-08T22:11:08","slug":"endlich-die-wahrheit-ueber-remarque-von-kaspar-hauser","status":"publish","type":"post","link":"https:\/\/www.medienberatungev.org\/?p=7333","title":{"rendered":"ENDLICH DIE WAHRHEIT \u00dcBER REMARQUE von Kaspar Hauser"},"content":{"rendered":"<p><span style=\"font-family: Ubuntu;\"><span style=\"font-size: large;\"><strong><a href=\"https:\/\/www.medienberatungev.org\/wp-content\/uploads\/2018\/06\/PDF-Endlich-die-Wahrheit-ueber-Remarque.pdf\">PDF Endlich die Wahrheit \u00fcber Remarque<\/a><\/strong><\/span><\/span><\/p>\n<p><span style=\"font-family: Ubuntu;\"><span style=\"font-size: large;\"><strong>ENDLICH DIE WAHRHEIT \u00dcBER REMARQUE<\/strong> von Kaspar Hauser<\/span><\/span><\/p>\n<p align=\"justify\"><span style=\"font-family: Ubuntu;\"><span style=\"font-size: large;\">Seit Monaten heult die berliner Asphaltpresse Reklame f\u00fcr ein widerliches Machwerk von Erich Maria Remarque, dessen Titel &gt;<i>Im Westen nichts Neues&lt; <\/i>\u00fcbrigens der Obersten Heeresleitung entlehnt ist (Herr Staatsanwalt?) \u2013 und das den Krieg so schildert, wie er sich eben nur in den K\u00f6pfen typischer Dr\u00fcckeberger malt. In der n\u00e4chsten Nummer der &gt;<i>S\u00fcddeutschen Monatshefte&lt; <\/i>wird \u00fcber diesen Landesverr\u00e4ter endg\u00fcltig die Wahrheit enth\u00fcllt; die Angaben sind von Herrn Professor Cossmann \u00fcberpr\u00fcft, daher fast zuverl\u00e4ssig. Durch die besondere Freundlichkeit des Verlages der Monatshefte sind wir in der Lage, unsern Lesern schon heute mit Aufkl\u00e4rung dienen zu k\u00f6nnen.<\/span><\/span><\/p>\n<p align=\"justify\"><span style=\"font-family: Ubuntu;\"><span style=\"font-size: large;\"> Erich Salomon Markus \u2013 so ist der Name dieses Judenkn\u00e4bleins \u2013 war lange Zeit hindurch kleiner Synagogendiener der j\u00fcdischen Synagoge in der Oranienstra\u00dfe zu Berlin (sog. &gt;Salatschammes&lt;). Geboren ist dieser Spro\u00df Judas in Zinnentzitz in Schlesien, wo sein Vater, Abraham Markus, eine \u2013 koschere Schl\u00e4chterei hatte. (Merkst du was?) Die Jahre, in denen Tateleben Markus dort sein edles Gewerbe aus\u00fcbte, sind dadurch gekennzeichnet, dass w\u00e4hrend dieser Zeit auffallend viel Christenkinder in der Umgegend verschwanden; sie wurden zwar bald nach ihrem Verschwinden immer wieder aufgefunden, aber es ist niemals (! die Red.) festgestellt, ob es auch dieselben Kinder waren!<\/span><\/span><\/p>\n<p align=\"justify\"><span style=\"font-family: Ubuntu;\"><span style=\"font-size: large;\"> Eine Mutter hat Erich Salomon Markus nie gehabt; es werden, wie das bei j\u00fcdischen Familien \u00fcblich ist, auf seinem Taufschein zwei M\u00fctter vermerkt, eine gewisse Sarah Bienstock und eine unverehelichte (!!) Rosalie Himmelsto\u00df (wir werden auf diesen Namen noch zur\u00fcckkommen).<\/span><\/span><\/p>\n<p align=\"justify\"><span style=\"font-family: Ubuntu;\"><span style=\"font-size: large;\"> Im Alter von neun Jahren trat der kleine Markus seinen &gt;Dienst&lt; in der oben erw\u00e4hnten Synagoge an; er hatte dort die Lichter anzuz\u00fcnden, die Bibeln abzustauben und, was sehr wichtig f\u00fcr die Beurteilung seiner sp\u00e4tem Entwicklung ist, die Judenkn\u00e4blein bei der Beschneidung festzuhalten. Bei dieser Gelegenheit soll durch seine Unachtsamkeit der Sohn eines bekannten berliner Warenhausbesitzers doppelt beschnitten worden sein, weswegen der Markus aus dem Synagogendienst entfernt wurde.<\/span><\/span><\/p>\n<p align=\"justify\"><span style=\"font-family: Ubuntu;\"><span style=\"font-size: large;\"> Salomon Markus trieb sich zun\u00e4chst stellungslos in Berlin umher; er versuchte beim Theater unterzukommen und soll auch bei seinem Rassegenossen Reinhardt mehrere Male alle Titelrollen in den Brechtschen &gt;<i>Verbrechern&lt; <\/i>gespielt haben. Ferner war der junge Markus in Berlin als Bonbonh\u00e4ndler, Zuh\u00e4lter, Hundehaarschneider und Redakteur t\u00e4tig. Markus ist Freimaurer und Jesuit.<\/span><\/span><\/p>\n<p align=\"justify\"><span style=\"font-family: Ubuntu;\"><span style=\"font-size: large;\"> Es kam der Krieg.<\/span><\/span><\/p>\n<p align=\"justify\"><span style=\"font-family: Ubuntu;\"><span style=\"font-size: large;\"> Markus zog ins Feld; das hei\u00dft, er war der berittenen Armierungstruppe zugeteilt, konnte aber wegen einer Krankheit, die wir hier nicht n\u00e4her bezeichnen wollen, keinen Dienst tun und wurde daher im Hinterland verwendet. Durch eine unbegreifliche Unachtsamkeit der Milit\u00e4rbeh\u00f6rden ist Markus als Schreiber im Hauptquartier Seiner Majest\u00e4t des Kronprinzen besch\u00e4ftigt worden; er hat also den Feind niemals auch nur von weitem gesehen.<\/span><\/span><\/p>\n<p align=\"justify\"><span style=\"font-family: Ubuntu;\"><span style=\"font-size: large;\"> Nach dem Kriege hat er sich in Osnabr\u00fcck als Damenschneider niedergelassen, dann war er Hilfsbremser am j\u00fcdischen Leichenwagen in Breslau und ist sp\u00e4ter nach Hannover gegangen; Professor Cossmann l\u00e4\u00dft die Frage offen, ob Markus etwa Haarmann gekannt und vielleicht auch unterst\u00fctzt hat . . .<\/span><\/span><\/p>\n<p align=\"justify\"><span style=\"font-family: Ubuntu;\"><span style=\"font-size: large;\"> Und dieser miese Baldower wagt es, f\u00fcr die Asphaltpresse einen Bericht zu verfassen, dem die L\u00fcge an der Stirn geschrieben steht! Nicht nur, dass er den Namen seiner eigenen Mutter (Himmelsto\u00df) in seinem Buch verwendet, um einen Vorgesetzten ver\u00e4chtlich zu machen (Herr Staatsanwalt?) \u2013 sondern er beschuldigt auch die deutschen Soldaten grausamer Handlungen, deren sie niemals f\u00e4hig gewesen sind; denn der deutsche Soldat war bekannt f\u00fcr schmerzlosen Nahkampf und humanes Trommelfeuer. Davon wei\u00df nat\u00fcrlich der Salomon Markus nichts; w\u00e4hrend vorn seine Kameraden mit dem Gesang &gt;Deutschland, Deutschland \u00fcber alles!&lt; gen Paris zogen, um es zu besetzen, es aber leider schon besetzt fanden, hat der Jude Markus hinten geschlemmt und gepra\u00dft; in der Umgebung des kronprinzlichen Hauptquartiers fanden sich bei Abmarsch der deutschen Truppen allein vierundachtzig uneheliche Kinder \u2013 und wer anders kann die gemacht haben als Markus \u2013!<\/span><\/span><\/p>\n<p align=\"justify\"><span style=\"font-family: Ubuntu;\"><span style=\"font-size: large;\"> Gott sei Dank hat das Buch durchaus keinen ungeteilten Beifall gefunden.<\/span><\/span><\/p>\n<p align=\"justify\"><span style=\"font-family: Ubuntu;\"><span style=\"font-size: large;\"> Es sind insbesondere die deutschen Frauen, die wissen, was sich ziemt. Ihnen haben wir zu danken, dass sie die heldischen Deutschen von den unheldischen Undeutschen zu unterscheiden wissen; sie sind es, die zu Siegfried Hagen &amp; Co. aufsehen und den andern Helden unsrer echt deutschen Sagen. Die deutsche Frau will \u2013 das haben wir erst neulich in Berlin auf einem Klubabend mit Freude und Begeisterung festgestellt \u2013 zu einem Helden aufblicken.<\/span><\/span><\/p>\n<p align=\"justify\"><span style=\"font-family: Ubuntu;\"><span style=\"font-size: large;\"> Es kommt der deutschen Frau, wie an jenem Abend ersichtlich war, nicht so sehr darauf an, dass ihr Mann lebt, sondern dass er als Held stirbt, und ist sie bereit, mit dem Ruf &gt;Ich sterbe!&lt; jedesmal mitzusterben, und wenn sie zehnmal heiraten m\u00fc\u00dfte! An der L\u00e4nge des S\u00e4bels ernennt man u. a. den Charakter des Mannes, und die deutsche Frau will, dass ihrem Mann der Sinn stehe f\u00fcr und f\u00fcr, sein Vaterland zu verteidigen, und wenn es nicht angegriffen wird, dann werden wir daf\u00fcr sorgen, dass es angegriffen wird! (Ein deutsches Wort! Die Schriftleitung.) &gt;F\u00fcr mich&lt;, sagte uns neulich eine edle deutsche Frau, die Gattin eines h\u00f6heren Beamten, &gt;gibt es keinen sch\u00f6nem Augenblick in unsrer Ehe, als wenn ich M\u00e4nni die Uniform zukn\u00f6pfen sowie auch aufkn\u00f6pfen kann. Dies Gef\u00fchl ist unbeschreiblich.&lt;<\/span><\/span><\/p>\n<p align=\"justify\"><span style=\"font-family: Ubuntu;\"><span style=\"font-size: large;\"> Salomon Markus aber ist gerichtet. Sein Werk ist durch die unverg\u00e4ngliche Ver\u00f6ffentlichung der &gt;<i>S\u00fcddeutschen Monatshefte&lt; <\/i>als das gekennzeichnet, was es ist: als eine vom Feindbund und den Marxisten bezahlte Pechfackel, die dem blanken Panzer der deutschen Wehrhaftigkeit nicht das Wasser lassen kann \u2013!<\/span><\/span><\/p>\n<p align=\"justify\"><span style=\"font-family: Ubuntu;\"><span style=\"font-size: large;\">K. H. (Kaspar Hauser). Erstver\u00f6ffentlichung in W.B. (Die Weltb\u00fchne) vom 11. Juni 1929. Ausserdem in der Buchver\u00f6ffentlichung Dt. Dt. (Deutschland, Deutschland \u00fcber alles). Zitiert nach der Gesamtausgabe Kurt Tucholsky. Drei B\u00e4nde. D\u00fcnndruckausgabe. Band III. 1929 \u2013 1932. Seite 91- 93.<a href=\"http:\/\/www.medienberatungev.org\/wp-content\/uploads\/2018\/06\/Tieresehendichan31.jpg\"><img loading=\"lazy\" decoding=\"async\" class=\"wp-image-7184 alignright\" src=\"http:\/\/www.medienberatungev.org\/wp-content\/uploads\/2018\/06\/Tieresehendichan31-1024x780.jpg\" alt=\"Tieresehendichan3\" width=\"112\" height=\"85\" \/><\/a><\/span><\/span><\/p>\n<p align=\"justify\">\n","protected":false},"excerpt":{"rendered":"<p>PDF Endlich die Wahrheit \u00fcber Remarque ENDLICH DIE WAHRHEIT \u00dcBER REMARQUE von Kaspar Hauser Seit Monaten heult die berliner Asphaltpresse Reklame f\u00fcr ein widerliches Machwerk von Erich Maria Remarque, dessen Titel &gt;Im Westen nichts Neues&lt; \u00fcbrigens der Obersten Heeresleitung entlehnt ist (Herr Staatsanwalt?) \u2013 und das den Krieg so schildert, wie er sich eben nur &hellip; <a href=\"https:\/\/www.medienberatungev.org\/?p=7333\" class=\"more-link\"><span class=\"screen-reader-text\">\u201eENDLICH DIE WAHRHEIT \u00dcBER REMARQUE von Kaspar Hauser\u201c<\/span> weiterlesen<\/a><\/p>\n","protected":false},"author":2,"featured_media":0,"comment_status":"open","ping_status":"open","sticky":false,"template":"","format":"standard","meta":{"footnotes":""},"categories":[3278,3276,3277],"tags":[3960,3283,3282,3279,3293,3288,3255,3961,3281,3297,3284,559,3296,3298,3959,3291,3290,3295,3280,3289,3286,3292,3294],"class_list":["post-7333","post","type-post","status-publish","format-standard","hentry","category-asphaltpresse","category-im-westen-nicht-neues","category-oberste-heeresleitung","tag-asphaltpresse","tag-baldower","tag-berittene-armierungstruppe","tag-berliner-asphaltpresse","tag-brechtsche-verbrechern","tag-christenkinder-verschwanden","tag-deutschland-deutschland-ueber-alles","tag-erich-maria-remarque","tag-erich-salomon-markus","tag-feindbund-und-den-marxisten-bezahlte-fechpackel","tag-heldischen-deutsch-von-den-unheldischen-undeutschen","tag-im-westen-nichts-neues","tag-maenni-in-uniform","tag-nicht-das-wasser-lassen-kann","tag-oberste-heeresleitung","tag-rosalie-himmelstoss","tag-sarah-bienstock","tag-siegfried-hagen-co","tag-sueddeutsche-monatshefte","tag-tateleben-markus","tag-typischer-drueckeberger","tag-unverehelicht","tag-vierundachtzig-uneheliche-kinder"],"_links":{"self":[{"href":"https:\/\/www.medienberatungev.org\/index.php?rest_route=\/wp\/v2\/posts\/7333","targetHints":{"allow":["GET"]}}],"collection":[{"href":"https:\/\/www.medienberatungev.org\/index.php?rest_route=\/wp\/v2\/posts"}],"about":[{"href":"https:\/\/www.medienberatungev.org\/index.php?rest_route=\/wp\/v2\/types\/post"}],"author":[{"embeddable":true,"href":"https:\/\/www.medienberatungev.org\/index.php?rest_route=\/wp\/v2\/users\/2"}],"replies":[{"embeddable":true,"href":"https:\/\/www.medienberatungev.org\/index.php?rest_route=%2Fwp%2Fv2%2Fcomments&post=7333"}],"version-history":[{"count":6,"href":"https:\/\/www.medienberatungev.org\/index.php?rest_route=\/wp\/v2\/posts\/7333\/revisions"}],"predecessor-version":[{"id":19423,"href":"https:\/\/www.medienberatungev.org\/index.php?rest_route=\/wp\/v2\/posts\/7333\/revisions\/19423"}],"wp:attachment":[{"href":"https:\/\/www.medienberatungev.org\/index.php?rest_route=%2Fwp%2Fv2%2Fmedia&parent=7333"}],"wp:term":[{"taxonomy":"category","embeddable":true,"href":"https:\/\/www.medienberatungev.org\/index.php?rest_route=%2Fwp%2Fv2%2Fcategories&post=7333"},{"taxonomy":"post_tag","embeddable":true,"href":"https:\/\/www.medienberatungev.org\/index.php?rest_route=%2Fwp%2Fv2%2Ftags&post=7333"}],"curies":[{"name":"wp","href":"https:\/\/api.w.org\/{rel}","templated":true}]}}