{"id":7337,"date":"2018-06-18T12:18:39","date_gmt":"2018-06-18T12:18:39","guid":{"rendered":"http:\/\/www.medienberatungev.org\/?p=7337"},"modified":"2022-09-08T21:59:30","modified_gmt":"2022-09-08T21:59:30","slug":"gegen-das-remarque-filmverbot-von-kurt-tucholsky","status":"publish","type":"post","link":"https:\/\/www.medienberatungev.org\/?p=7337","title":{"rendered":"GEGEN DAS REMARQUE-FILMVERBOT von Kurt Tucholsky"},"content":{"rendered":"<p align=\"justify\"><span style=\"font-family: Ubuntu;\"><span style=\"font-size: large;\"><a href=\"https:\/\/www.medienberatungev.org\/wp-content\/uploads\/2018\/06\/PDF-Gegen-das-Remarque-Verbot.pdf\">PDF Gegen das Remarque Verbot<\/a><\/span><\/span><\/p>\n<p align=\"justify\"><span style=\"font-family: Ubuntu;\"><span style=\"font-size: large;\">GEGEN DAS REMARQUE-FILMVERBOT von Kurt Tucholsky<\/span><\/span><\/p>\n<p align=\"justify\"><span style=\"font-family: Ubuntu;\"><span style=\"font-size: large;\">(Eine Umfrage der &gt;Deutschen Liga f\u00fcr Menschenrechte&lt;)<\/span><\/span><\/p>\n<p align=\"justify\"><span style=\"font-family: Ubuntu;\"><span style=\"font-size: large;\">Der nordische Barde Goebbels hat in seinen Kundgebungen wiederholt darauf hingewiesen, dass der Remarque-Film ein &gt;Gesch\u00e4ft&lt; sei. Das ist dieser Film sicherlich \u2013 im Gegensatz zu den Fridericus-Erzeugnissen, die \u00fcber und unter Geb\u00fchr rein ideale Ausstrahlungen Baldurs zu sein scheinen.<\/span><\/span><\/p>\n<p align=\"justify\"><span style=\"font-family: Ubuntu;\"><span style=\"font-size: large;\"> Filme sind Erzeugnisse einer Industrie, gehemmt durch eine Zensur, die im Interesse der herrschenden Klasse funktioniert. Trotzdem gibt es gute und schlechte Filme.<\/span><\/span><\/p>\n<p align=\"justify\"><span style=\"font-family: Ubuntu;\"><span style=\"font-size: large;\"> Die Nationaille hat aus unlauteren Beweggr\u00fcnden gegen diesen Film protestiert. Es ist bedauerlich, dass ein Pazifist wie Friedrich Wilhelm Foerster Verwirrung in die Reihen des Pazifismus getragen hat, indem er sagt: &gt;Das Szenario stellt eine tendenzi\u00f6se Auswahl seitens einer Art von sentimentalem, ja oft weinerlichem Pazifismus dar, bei dem der Abscheu gegen den Krieg nicht aus den Tiefen der moralischen Menschennatur kommt, sondern aus dem Nervensystem, dem Magen, dem Schlafbed\u00fcrfnis . . . &lt; <\/span><\/span><\/p>\n<p align=\"justify\"><span style=\"font-family: Ubuntu;\"><span style=\"font-size: large;\">Aus dem Nervensystem! Nur aus dem Nervensystem? Wir haben oft zu Foerster gehalten. In diesem Falle ist dem Vorsteher eines kleineren katholischen Moralamtes nur zu w\u00fcnschen, dass er einmal in die Lage kommt, <i>nur <\/i>aus dem Nervensystem gegen den Krieg protestieren zu m\u00fcssen \u2013 also etwa nach achtundvierzigst\u00fcndigem Trommelfeuer.<\/span><\/span><\/p>\n<p align=\"justify\"><span style=\"font-family: Ubuntu;\"><span style=\"font-size: large;\"> Noch der niedrigste Pazifismus hat gegen den edelsten Militarismus tausendmal recht! Es gibt kein Mittel, das uns nicht recht w\u00e4re, den Moloch des Kriegswahnsinns und des Staatswahnsinns zu bek\u00e4mpfen.<\/span><\/span><\/p>\n<p align=\"justify\"><span style=\"font-family: Ubuntu;\"><span style=\"font-size: large;\">Der Tod der zehn Millionen ist sinnlos gewesen \u2013 sie sind f\u00fcr nichts gefallen.<\/span><\/span><\/p>\n<p align=\"justify\"><span style=\"font-family: Ubuntu;\"><span style=\"font-size: large;\"> Nachtr\u00e4glich mu\u00df die trauernde Mutter, die trauernde Frau, m\u00fcssen die Reklamefachleute f\u00fcr den n\u00e4chsten Krieg, diesem Gemetzel, das selbst der Papst &gt;ehrlos&lt; genannt hat, einen Sinn unterlegen \u2013 was die Hinterbliebenen angeht, so brauchen sie diesen Trost: es ist so schwer, sonst weiterzuleben . . . Ehre der Trauer. Schmach dem Kriege!<\/span><\/span><\/p>\n<p align=\"justify\"><span style=\"font-family: Ubuntu;\"><span style=\"font-size: large;\"> Wir brauchen keine Kartenkunstst\u00fccke, die uns den angeblichen Sinn dieses Wahnsinns vormachen sollen.<\/span><\/span><\/p>\n<p align=\"justify\"><span style=\"font-family: Ubuntu;\"><span style=\"font-size: large;\"> Und darum ist uns jeder, jeder Film recht, der der Menschheit den Krieg auch in seinen niederen Formen, gerade in seinen niedrigsten Formen vorf\u00fchrt. Mussolini zeigt seinem Volk nur die Fahnen und nichts als das \u2013 Remarque zeigt uns die Fahnen und den Rest: die Zerfetzten und die Taumelnden, die Blutenden und die Zerschossenen \u2013 und wer sich daran begeistern will, der mag es tun.<\/span><\/span><\/p>\n<p><span style=\"font-family: Ubuntu;\"><span style=\"font-size: large;\"> Wir andern rufen gegen die Weltenschande: Nieder mit dem Kriege!<\/span><\/span><\/p>\n<p><span style=\"font-family: Ubuntu;\"><span style=\"font-size: large;\">K.T. (Kurt Tucholsky). Erstver\u00f6ffentlichung in der Mensch (Die Menschenrechte. Organ der Liga f\u00fcr Menschenrechte. Berlin) vom 20. M\u00e4rz 1931. Zitiert nach Gesamtausgabe Kurt Tucholsky. Drei B\u00e4nde. Band III. 1929 \u2013 1932. D\u00fcnndruck. Seite 809.<a href=\"http:\/\/www.medienberatungev.org\/wp-content\/uploads\/2018\/06\/Tieresehendichan31.jpg\"><img loading=\"lazy\" decoding=\"async\" class=\"wp-image-7184 alignright\" src=\"http:\/\/www.medienberatungev.org\/wp-content\/uploads\/2018\/06\/Tieresehendichan31-1024x780.jpg\" alt=\"Tieresehendichan3\" width=\"93\" height=\"71\" \/><\/a><\/span><\/span><\/p>\n","protected":false},"excerpt":{"rendered":"<p>PDF Gegen das Remarque Verbot GEGEN DAS REMARQUE-FILMVERBOT von Kurt Tucholsky (Eine Umfrage der &gt;Deutschen Liga f\u00fcr Menschenrechte&lt;) Der nordische Barde Goebbels hat in seinen Kundgebungen wiederholt darauf hingewiesen, dass der Remarque-Film ein &gt;Gesch\u00e4ft&lt; sei. Das ist dieser Film sicherlich \u2013 im Gegensatz zu den Fridericus-Erzeugnissen, die \u00fcber und unter Geb\u00fchr rein ideale Ausstrahlungen Baldurs &hellip; <a href=\"https:\/\/www.medienberatungev.org\/?p=7337\" class=\"more-link\"><span class=\"screen-reader-text\">\u201eGEGEN DAS REMARQUE-FILMVERBOT von Kurt Tucholsky\u201c<\/span> weiterlesen<\/a><\/p>\n","protected":false},"author":2,"featured_media":0,"comment_status":"open","ping_status":"open","sticky":false,"template":"","format":"standard","meta":{"footnotes":""},"categories":[2626,2409,2026,3278,756,595,3306,2759,3038,2620,3303,536,3305,2513,5,37,2825,10,3299,2577,3307,49,3302,3084,45,3322,2699,3301,3210,3300,3308,2378,1711,3304],"tags":[3320,3319,3966,3961,3311,3605,3313,3965,3962,3321,3312,3314,3318,3309,3964,3317,3316,3315,3963,3323],"class_list":["post-7337","post","type-post","status-publish","format-standard","hentry","category-2626","category-2409","category-al-szeckler","category-asphaltpresse","category-beverly-hills","category-carl-laemmle","category-carl-laemmle-2","category-die-weltbuehne","category-es-gibt-ein-kunstgesetz-das-ewig-gilt-wir-wollen-nicht-gelangweilt-werden","category-film","category-fred-zinnemann","category-goebbels","category-hanns-brodnitz","category-hanns-henschel","category-henschel-film-konzern","category-hugo-streit","category-kaspar-hauser","category-kinogeschichte","category-kriegswahnsinn","category-kurt-tucholsky","category-laupheim","category-lichtbildbuehne","category-maerz-1931","category-militaerwahnsinn","category-nsdap","category-osnabrueck","category-peter-panter","category-remarque","category-satire","category-staatswahnsinn","category-ulm","category-universal-film-studios","category-wolfgang-staudte","category-zinnemann","tag-die-blutenden-und-die-zerschossenen","tag-die-zerfetzen-und-die-taumelnden","tag-erich-maria-remark","tag-erich-maria-remarque","tag-geschaeft","tag-goebbels","tag-gute-und-schlechte-filme","tag-hanns-brodnitz","tag-kriegswahnsinn","tag-moloch","tag-nationaille","tag-nervensystem","tag-nieder-mit-dem-kriege","tag-nordische-barde-goebbels","tag-remarque","tag-remarque-zeigt-uns-die-fahnen-und-den-rest","tag-schmach-dem-kriege","tag-sie-sind-fuer-nichts-gefallen","tag-staatswahnsinn","tag-unlautere-beweggruende"],"_links":{"self":[{"href":"https:\/\/www.medienberatungev.org\/index.php?rest_route=\/wp\/v2\/posts\/7337","targetHints":{"allow":["GET"]}}],"collection":[{"href":"https:\/\/www.medienberatungev.org\/index.php?rest_route=\/wp\/v2\/posts"}],"about":[{"href":"https:\/\/www.medienberatungev.org\/index.php?rest_route=\/wp\/v2\/types\/post"}],"author":[{"embeddable":true,"href":"https:\/\/www.medienberatungev.org\/index.php?rest_route=\/wp\/v2\/users\/2"}],"replies":[{"embeddable":true,"href":"https:\/\/www.medienberatungev.org\/index.php?rest_route=%2Fwp%2Fv2%2Fcomments&post=7337"}],"version-history":[{"count":3,"href":"https:\/\/www.medienberatungev.org\/index.php?rest_route=\/wp\/v2\/posts\/7337\/revisions"}],"predecessor-version":[{"id":19416,"href":"https:\/\/www.medienberatungev.org\/index.php?rest_route=\/wp\/v2\/posts\/7337\/revisions\/19416"}],"wp:attachment":[{"href":"https:\/\/www.medienberatungev.org\/index.php?rest_route=%2Fwp%2Fv2%2Fmedia&parent=7337"}],"wp:term":[{"taxonomy":"category","embeddable":true,"href":"https:\/\/www.medienberatungev.org\/index.php?rest_route=%2Fwp%2Fv2%2Fcategories&post=7337"},{"taxonomy":"post_tag","embeddable":true,"href":"https:\/\/www.medienberatungev.org\/index.php?rest_route=%2Fwp%2Fv2%2Ftags&post=7337"}],"curies":[{"name":"wp","href":"https:\/\/api.w.org\/{rel}","templated":true}]}}