{"id":7573,"date":"2018-07-06T16:18:23","date_gmt":"2018-07-06T16:18:23","guid":{"rendered":"http:\/\/www.medienberatungev.org\/?p=7573"},"modified":"2022-10-30T20:02:42","modified_gmt":"2022-10-30T20:02:42","slug":"kawenz-oder-das-objekt-im-grab-von-fritz-grasshoff","status":"publish","type":"post","link":"https:\/\/www.medienberatungev.org\/?p=7573","title":{"rendered":"KAWENZ oder DAS OBJEKT IM GRAB von Fritz Grasshoff"},"content":{"rendered":"<p><a href=\"http:\/\/www.medienberatungev.org\/wp-content\/uploads\/2018\/07\/Halunkenpostille1.jpg\"><img loading=\"lazy\" decoding=\"async\" class=\"aligncenter size-large wp-image-7576\" src=\"http:\/\/www.medienberatungev.org\/wp-content\/uploads\/2018\/07\/Halunkenpostille1-743x1024.jpg\" alt=\"Halunkenpostille1\" width=\"640\" height=\"882\" \/><\/a><a href=\"http:\/\/www.medienberatungev.org\/wp-content\/uploads\/2018\/07\/Halunkenpostille41.jpg\"><img loading=\"lazy\" decoding=\"async\" class=\"aligncenter size-large wp-image-7575\" src=\"http:\/\/www.medienberatungev.org\/wp-content\/uploads\/2018\/07\/Halunkenpostille41-678x1024.jpg\" alt=\"Halunkenpostille4\" width=\"640\" height=\"966\" \/><\/a><a href=\"http:\/\/www.medienberatungev.org\/wp-content\/uploads\/2018\/07\/Kawenz.jpg\"><img loading=\"lazy\" decoding=\"async\" class=\"aligncenter size-large wp-image-7577\" src=\"http:\/\/www.medienberatungev.org\/wp-content\/uploads\/2018\/07\/Kawenz-692x1024.jpg\" alt=\"Kawenz\" width=\"640\" height=\"947\" \/><\/a><a href=\"http:\/\/www.medienberatungev.org\/wp-content\/uploads\/2018\/07\/Kawenz2.jpg\"><img loading=\"lazy\" decoding=\"async\" class=\"aligncenter size-large wp-image-7578\" src=\"http:\/\/www.medienberatungev.org\/wp-content\/uploads\/2018\/07\/Kawenz2-698x1024.jpg\" alt=\"Kawenz2\" width=\"640\" height=\"938\" \/><\/a><a href=\"http:\/\/www.medienberatungev.org\/wp-content\/uploads\/2018\/07\/Kawenzbild.jpg\"><img loading=\"lazy\" decoding=\"async\" class=\"aligncenter size-large wp-image-7579\" src=\"http:\/\/www.medienberatungev.org\/wp-content\/uploads\/2018\/07\/Kawenzbild-710x1024.jpg\" alt=\"Kawenzbild\" width=\"640\" height=\"923\" \/><\/a>Kopiert aus der 1. Auflage 1947. Im Verlag von Johannes Angelus Keune Hamburg. Die Zeichnungen sind von Bernd Hering. &gt;Die Gestaltung des Buches lag in den H\u00e4nden von Wolfgang Menge, Hamburg&lt; steht auf Seite 4. Das Buch hat 87 Seiten. Leider nicht abgedruckt ist das sch\u00f6ne Gedicht von der Dampfkesselkatastrophe. Das habe ich von einer Schallplatte abgeschrieben.<\/p>\n<p style=\"text-align: justify;\"><span style=\"font-family: Ubuntu;\"><span style=\"font-size: large;\"><b>Die Dampfkesselkatastrophe <\/b><b>(von Fritz Grasshoff)<\/b><\/span><\/span><\/p>\n<p style=\"text-align: justify;\"><span style=\"font-family: Ubuntu;\"><span style=\"font-size: large;\">Im Dampfkessel\u00fcberwachungsverein platzte pl\u00f6tzlich der Kessel &#8211; bummm &#8211; Der Herr Direktor mit Dampf und Karteien gen Himmel stob &#8211; als Hasenklein vermischt mit Boxkalfsessel &#8211; Der Chefingenieur ein Herr von Spohr \u2013 Altkorif\u00e4e &#8211; Zeichenstift hinterm rechten Ohr &#8211; geschoben von \u2013 ah &#8211; einem Stahltresor &#8211; erreichte nur halbe H\u00f6he- die junge Dame an Schalter vier &#8211; eine \u00fcppige Blondine &#8211; an der Decke klebte und zwischen ihr &#8211; der B\u00fcrovorsteher nebst Pauspapier und Teilen der Schreibmaschine &#8211; nur der Heizer \u2013 ein stets bescheidener Mann &#8211; lag zerlumpt auf der Plautze \u2013 hust &#8211; <strong>sie wollten nicht glauben, da\u00df ich das kann \u2013 sagte er &#8211; aber jetzt glauben sie dran &#8211; und halten endlich die Schnauze.<\/strong> <\/span><\/span><\/p>\n<p style=\"text-align: justify;\"><span style=\"font-family: Ubuntu;\"><span style=\"font-size: large;\">(Auf der Schallplatte tr\u00e4gt Fritz Grasshoff dieses Gedicht selber vor. Da, wo ich ein (-) eingef\u00fcgt habe, macht er eine kleine Pause. Leider mu\u00df ich mich korrigieren. Ich habe noch mal nachgesehen. &gt;Die Dampfkesselkatastrophe&lt; wird gesprochen von Jens Brenke. An der Orgel ist Erich B\u00f6ttcher. Die Schallplatte hei\u00dft &gt;Fritz Grasshoff &#8211; HALUNKEN POSTILLE&lt; und ist bei Electrola erschienen und hat die Bestellnummer E 83 352.<\/span><\/span><\/p>\n<audio class=\"wp-audio-shortcode\" id=\"audio-7573-1\" preload=\"none\" style=\"width: 100%;\" controls=\"controls\"><source type=\"audio\/mpeg\" src=\"http:\/\/www.medienberatungev.org\/wp-content\/uploads\/2018\/07\/DieDampfkesselkatastropheGrasshoff.mp3?_=1\" \/><a href=\"http:\/\/www.medienberatungev.org\/wp-content\/uploads\/2018\/07\/DieDampfkesselkatastropheGrasshoff.mp3\">http:\/\/www.medienberatungev.org\/wp-content\/uploads\/2018\/07\/DieDampfkesselkatastropheGrasshoff.mp3<\/a><\/audio>\n<p><span style=\"font-family: Ubuntu;\"><span style=\"font-size: large;\"><a href=\"http:\/\/www.medienberatungev.org\/wp-content\/uploads\/2018\/06\/Tieresehendichan31.jpg\"><img loading=\"lazy\" decoding=\"async\" class=\"wp-image-7184 alignright\" src=\"http:\/\/www.medienberatungev.org\/wp-content\/uploads\/2018\/06\/Tieresehendichan31-1024x780.jpg\" alt=\"Tieresehendichan3\" width=\"94\" height=\"72\" \/><\/a><\/span><\/span><span style=\"font-family: Ubuntu;\">Bully Hayes <\/span><span style=\"font-family: Ubuntu;\">Fritz Grasshoff<br \/>\n<\/span><\/p>\n<p><span style=\"font-family: Ubuntu;\">Dies sind die Signale des Amself\u00e4ngers Bully Hayes<br \/>\nDie Infamie, Profit und Mord bedeuten<br \/>\nEr handelte mit Menschenh\u00e4uten<br \/>\nEr fing die Blackbirds ein f\u00fcr wei\u00dfe Pflanzer<br \/>\nAls Mensch war er ein halbes Vieh &#8211; als Mann ein ganzer<br \/>\nBully Hayes, der ein Trompeter war aus Germany<br \/>\nNahm, was sich ihm bot an Perlen, Kopra, Schiffen mit und ohne Ladung<br \/>\nZwischen Java und den Karolinen<\/p>\n<p>&#8222;Wir kriegen&#8220;, sagte Bully Hayes<br \/>\n&#8222;Alle Dinge um den Preis<br \/>\nDen wir verdienen!&#8220;<\/p>\n<p>Nat\u00fcrlich ging da mal was schief &#8211;<br \/>\nKein Wunder bei dergleichen Fracht!<br \/>\nMan steckt nicht \u00fcberall drin<br \/>\nUnd Pech gibt es zu bei der Seefahrt<br \/>\nDer Neid ist \u00fcberall gr\u00fcn<br \/>\nUnd gewaltig die menschliche Niedertracht!<\/p>\n<p>Dies ist die gottergebene Trompete des Bully Hayes<br \/>\nWie er dieselbe Achtzehnhundertf\u00fcnfundsiebzig zu Manila blies<br \/>\nDort, in der Kathedrale, in Demut als Gefangener des Gouveneurs<br \/>\nWo der Herr Bischhof sein Talent entdeckte<br \/>\nAls Amself\u00e4nger Gottes und seinen frommen Eifer weckte<br \/>\nIhn selber lehrte, segnete und der Begnadigung der Krone anempfahl<br \/>\nDer Gouverneur war hingerissen<br \/>\nHerr Hayes, beim Hezen Jesu &#8211; man hielt es nicht f\u00fcr m\u00f6glich!<\/p>\n<p>&#8222;Man wird verkannt, Se\u00f1or<br \/>\nMit Schmutz beworfen, Se\u00f1or<br \/>\nDer Konkurrenz passt jede blutige L\u00fcge<br \/>\nMeine Weste w\u00e4re wei\u00df,&#8220;<br \/>\nSagte Bulla Hayes<br \/>\n&#8222;Wenn ich eine tr\u00fcge!&#8220;<br \/>\nDer Gouverneur sah versonnen auf seine silbergraue Weste<br \/>\nUnd Bully sog gelassen an seiner Brasil<br \/>\n&#8222;L\u00fcgen, Se\u00f1or, bei Christus, nichts als L\u00fcgen!<br \/>\nBitte \u00fcber mich zu verf\u00fcgen!&#8220;<\/p>\n<p>Man schenkte dem Bekehrten bald darauf die Freiheit<br \/>\nUnd Se\u00f1or Hayes war auch so frei<br \/>\nSich schleunigst einen Schoner auszur\u00fcsten<br \/>\nUnd sein Gewerbe wieder aufzunehmen<br \/>\nZwischen Java und den Karolinen<\/p>\n<p>&#8222;Wir kriegen&#8220;, sagte Bully Hayes<br \/>\n&#8222;Alle Dinge um den Preis<br \/>\nDen wir verdienen!&#8220;<\/p>\n<p>Nat\u00fcrlich ging da mal was schief &#8211;<br \/>\nKein Wunder bei dergleichen Fracht!<br \/>\nMan steckt nicht \u00fcberall drin<br \/>\nUnd Pech gibt es zu bei der Seefahrt<br \/>\nDer Neid ist \u00fcberall gr\u00fcn<br \/>\nUnd gewaltig die menschliche Niedertracht!<\/p>\n<p>&#8222;Sie m\u00f6gen sich frei bewegen auf Olosenga!&#8220;, sagte der Konsul<br \/>\n&#8222;Ich verlasse mich auf ihr Ehrenwort, Mister Hayes!<br \/>\nSie versprechen, nicht zu fliehen?&#8220;<br \/>\n&#8222;Sie haben mein Wort!&#8220;, sagte Bully &#8222;Verbindlichen Dank f\u00fcr ihr Bem\u00fchen!&#8220;<br \/>\n&#8222;Sie sind ein Gentleman, Mister Hayes!&#8220;, l\u00e4chelte der Konsul<\/p>\n<p>&#8222;Man wird verkannt, Mylord<br \/>\nMit Schmutz beworfen, Mylord<br \/>\nDer Konkurrenz passt jede blutige L\u00fcge<br \/>\nMeine Weste w\u00e4re wei\u00df,&#8220;<br \/>\nSagte Bulla Hayes<br \/>\n&#8222;Wenn ich eine tr\u00fcge!&#8220;<br \/>\nDer Konsul blickte versonnen auf seine silbergraue Weste<br \/>\nUnd Bully sog gelassen an seiner Brasil<br \/>\n&#8222;L\u00fcgen, Mylord, auf Ehre, nichts als L\u00fcgen!<br \/>\nBitte \u00fcber mich zu verf\u00fcgen!&#8220;<\/p>\n<p>Dies ist die r\u00fchrende Weise &#8211; ein Lied aus Germany<br \/>\nDas Abschiedsst\u00e4ndchen, welches Bully Hayes<br \/>\nDer Konsulsgattin brachte vor dem Zubettgeh&#8217;n<br \/>\nAls ihn die Gesch\u00e4fte riefen, noch in gleicher Nacht<br \/>\nUnd es keinen Aufschub f\u00fcr ihn gab<\/p>\n<p>Da blieb dem Konsul nur das Wort von Bully Hayes<br \/>\nDas Wort, das hatte er &#8211; jedoch die Ehre fehlte<br \/>\nDa nahm er&#8217;s, dreht es hin und her und machte einen Strick daraus<br \/>\nF\u00fcr&#8217;n gutes Dutzend kleine braune, verworfene Marodebr\u00fcder<br \/>\nUnd gewann auf solche Weise seine Ehre wieder &#8211;<br \/>\nSeine Ehre zwischen Java und den Karolinen<\/p>\n<p>&#8222;Wir kriegen&#8220;, sagt schon Bully Hayes<br \/>\n&#8222;Alle Dinge um den Preis<br \/>\nDen wir verdienen!&#8220;<\/p>\n<p>Text: Fritz Gra\u00dfhoff<\/span><\/p>\n<p><span style=\"font-family: Ubuntu;\">abgeschrieben von der <\/span><\/p>\n<p><span style=\"font-family: Ubuntu;\">Schallplatte Seer\u00e4uber Report <\/span><\/p>\n<p><span style=\"font-family: Ubuntu;\">EMI Elektrola (1973) dort gesungen von Hannes Messemer 5&#8217;18, genannt Bully Hayes, Die Trompete des Satans<\/span><\/p>\n<p style=\"text-align: justify;\">\n","protected":false},"excerpt":{"rendered":"<p>Kopiert aus der 1. Auflage 1947. Im Verlag von Johannes Angelus Keune Hamburg. Die Zeichnungen sind von Bernd Hering. &gt;Die Gestaltung des Buches lag in den H\u00e4nden von Wolfgang Menge, Hamburg&lt; steht auf Seite 4. Das Buch hat 87 Seiten. Leider nicht abgedruckt ist das sch\u00f6ne Gedicht von der Dampfkesselkatastrophe. Das habe ich von einer &hellip; <a href=\"https:\/\/www.medienberatungev.org\/?p=7573\" class=\"more-link\"><span class=\"screen-reader-text\">\u201eKAWENZ oder DAS OBJEKT IM GRAB von Fritz Grasshoff\u201c<\/span> weiterlesen<\/a><\/p>\n","protected":false},"author":2,"featured_media":0,"comment_status":"open","ping_status":"open","sticky":false,"template":"","format":"standard","meta":{"footnotes":""},"categories":[3537,3530,3531,3532,3533],"tags":[3536,3992,3993,3535,3534,3994],"class_list":["post-7573","post","type-post","status-publish","format-standard","hentry","category-3537","category-fritz-grasshoff","category-halunkenpostille","category-verlag-johannes-angelus-keune","category-wolfgang-menge","tag-dampfkesselkatastrophe","tag-fritz-grasshoff","tag-halunkenpostille","tag-johannes-angelus-keune","tag-kawenz","tag-wolfgang-menge"],"_links":{"self":[{"href":"https:\/\/www.medienberatungev.org\/index.php?rest_route=\/wp\/v2\/posts\/7573","targetHints":{"allow":["GET"]}}],"collection":[{"href":"https:\/\/www.medienberatungev.org\/index.php?rest_route=\/wp\/v2\/posts"}],"about":[{"href":"https:\/\/www.medienberatungev.org\/index.php?rest_route=\/wp\/v2\/types\/post"}],"author":[{"embeddable":true,"href":"https:\/\/www.medienberatungev.org\/index.php?rest_route=\/wp\/v2\/users\/2"}],"replies":[{"embeddable":true,"href":"https:\/\/www.medienberatungev.org\/index.php?rest_route=%2Fwp%2Fv2%2Fcomments&post=7573"}],"version-history":[{"count":9,"href":"https:\/\/www.medienberatungev.org\/index.php?rest_route=\/wp\/v2\/posts\/7573\/revisions"}],"predecessor-version":[{"id":20541,"href":"https:\/\/www.medienberatungev.org\/index.php?rest_route=\/wp\/v2\/posts\/7573\/revisions\/20541"}],"wp:attachment":[{"href":"https:\/\/www.medienberatungev.org\/index.php?rest_route=%2Fwp%2Fv2%2Fmedia&parent=7573"}],"wp:term":[{"taxonomy":"category","embeddable":true,"href":"https:\/\/www.medienberatungev.org\/index.php?rest_route=%2Fwp%2Fv2%2Fcategories&post=7573"},{"taxonomy":"post_tag","embeddable":true,"href":"https:\/\/www.medienberatungev.org\/index.php?rest_route=%2Fwp%2Fv2%2Ftags&post=7573"}],"curies":[{"name":"wp","href":"https:\/\/api.w.org\/{rel}","templated":true}]}}