{"id":7601,"date":"2018-08-01T12:32:44","date_gmt":"2018-08-01T12:32:44","guid":{"rendered":"http:\/\/www.medienberatungev.org\/?p=7601"},"modified":"2023-10-19T11:40:33","modified_gmt":"2023-10-19T11:40:33","slug":"europaeischer-hof-baden-baden-deutschland-jeremias-henschel","status":"publish","type":"post","link":"https:\/\/www.medienberatungev.org\/?p=7601","title":{"rendered":"Europ\u00e4ischer Hof Baden-Baden (Deutschland) Jeremias Henschel"},"content":{"rendered":"<p><a href=\"http:\/\/www.medienberatungev.org\/?attachment_id=7602\" rel=\"attachment wp-att-7602\"><img loading=\"lazy\" decoding=\"async\" class=\"aligncenter size-large wp-image-7602\" src=\"http:\/\/www.medienberatungev.org\/wp-content\/uploads\/2018\/08\/Europ\u00e4ischerHof-543x1024.jpg\" alt=\"\" width=\"543\" height=\"1024\"><\/a>Die Fotos entstanden am 18. Oktober 1930 vor dem Hotel &gt;Europ\u00e4ischer Hof&lt; in Baden-Baden.<\/p>\n<p><strong>Foto eins<\/strong> (von oben): Das j\u00fcdische Kinobesitzer Ehepaar Frida und Jeremias (genannt James) Henschel (von links nach rechts).<\/p>\n<p><strong>Foto zwei<\/strong>: Das j\u00fcdische Kinobesitzer Ehepaar Frida und Jeremias Henschel mit ihrer Tochter Bianca Henschel.<\/p>\n<p><strong>Foto drei:<\/strong> Sophie Streit (geb. Henschel. Tochter von Frida und Jeremias Henschel), Frida Henschel, Jeremias Henschel und der Kinobesitzer Hugo Streit (Henschel Film und Theaterkonzern OHG), der&nbsp; mit Sophie Streit verheiratet war. Alle Personen sind geborene Hamburger.<\/p>\n<p>Die Ausnahme&nbsp; ist Frida Henschel (geb. Blumenthal), die in L\u00fcbeck geboren ist. Sie hatten alle die deutsche Staatsangeh\u00f6rigkeit, bis die Nazis an die Macht kamen. Jeremias und Frida Henschel fl\u00fcchteten zun\u00e4chst&nbsp; zu ihrer Tochter nach Den Haag, wo diese mit dem Rechtsanwalt und Konsul von Portugal Dr. Isidor Kahn verheiratet war.<\/p>\n<p>Dort starb Jeremias Henschel. Frida Henschel fl\u00fcchtete anschlie\u00dfend nach Mexiko und starb sp\u00e4ter in New York. Bianca Henschel heiratete und \u00fcberlebte den Holocaust als Bianca Kahn.<\/p>\n<p>Die Fotos stammen von Rolf Arno Streit (Enkel von Frida und Jeremias Henschel), dem die Flucht nach Belo Horizonte in Brasilien gelang.<a href=\"http:\/\/www.medienberatungev.org\/?attachment_id=7184\" rel=\"attachment wp-att-7184\"><img loading=\"lazy\" decoding=\"async\" class=\"wp-image-7184 alignleft\" src=\"http:\/\/www.medienberatungev.org\/wp-content\/uploads\/2018\/06\/Tieresehendichan31-1024x780.jpg\" alt=\"\" width=\"157\" height=\"120\"><\/a><a href=\"http:\/\/www.medienberatungev.org\/?attachment_id=5796\" rel=\"attachment wp-att-5796\"><img loading=\"lazy\" decoding=\"async\" class=\"wp-image-5796 alignright\" src=\"http:\/\/www.medienberatungev.org\/wp-content\/uploads\/2018\/03\/By-nc-sa_color.png\" alt=\"\" width=\"151\" height=\"102\" srcset=\"https:\/\/www.medienberatungev.org\/wp-content\/uploads\/2018\/03\/By-nc-sa_color.png 720w, https:\/\/www.medienberatungev.org\/wp-content\/uploads\/2018\/03\/By-nc-sa_color-300x202.png 300w\" sizes=\"auto, (max-width: 151px) 85vw, 151px\" \/><\/a><a href=\"http:\/\/www.medienberatungev.org\/?attachment_id=8089\" rel=\"attachment wp-att-8089\"><img loading=\"lazy\" decoding=\"async\" class=\"aligncenter size-large wp-image-8089\" src=\"http:\/\/www.medienberatungev.org\/wp-content\/uploads\/2018\/08\/HugoStreitLufthansaklein-1024x650.jpg\" alt=\"\" width=\"640\" height=\"406\"><\/a>Hugo Streit (Teilhaber des &gt;Henschel Film- &amp; Theaterkonzerns OHG) auf dem Hamburger Flughafen (Deutsche Luft Hansa).<\/p>\n<p>Er steht vor einem Flugzeug der Firma &gt;Junkers&lt;, die ihn nach London bringen soll. Dort besucht er im &gt;<strong>Alhambra<\/strong>&lt; Kino die Premiere der amerikanischen Originalfassung (Die Tonfassung) des Filmes von Lewis Milestone &gt;<strong>All quiet on the western front<\/strong>&lt; (Im Westen nichts Neues), der sp\u00e4ter in zwei seiner Hamburger Kinos &gt;Schauburg&lt; wochenlang gezeigt wird.<\/p>\n<p>Die weissen M\u00e4use waren Herrn Goebbels offensichtlich ausgegangen. Die UFA, unter deutschnationaler F\u00fchrung von Alfred Hugenberg, hatte sich geweigert, die&nbsp; Tonfassung&nbsp; dieses Filmes&nbsp; deutsch zu synchronisieren und in ihren Kinos zu zeigen.<\/p>\n<p>Der Autor des Romanes (Im Westen nichts Neues) kam aus Osnabr\u00fcck, der Vater des Produzenten des Filmes kam aus Laupheim bei Ulm. Der Film lief in London in zwei Kinos: Dem &gt;Alhambra&lt; und dem &gt;Royal Cinema&lt; im Londoner Westend.<\/p>\n<p>In Deutschland wurde der Film verboten und durfte sp\u00e4ter nur noch in sog. geschlossenen Vorf\u00fchrungen gezeigt werden. Nach der Macht\u00fcbergabe an die Nazis am 31. Januar 1933 wurde er endg\u00fcltig verboten. Vermutlich, weil die Kriegsvorbereitungen nicht gest\u00f6rt werden sollten.<\/p>\n<p>Erst am 14. M\u00e4rz 1952 gelangte der Film, der urspr\u00fcnglich eine L\u00e4nge von 140 Minuten gehabt hatte, in einer gek\u00fcrzten Fassung mit neuer Synchronisation in die westdeutschen Kinos.<\/p>\n<p>Die erste deutsche Synchronfassung von &#8222;All Quiet on the Western Front&#8220; (Im Westen nichts Neues) wurde von der Firma: &#8222;<strong>Rhythmographie GmbH<\/strong>, Alte Jacobstr. 133 &#8220; 1930 in Berlin hergestellt.<\/p>\n<p>Die Leitung der Synchronarbeiten hatte der ehemalige <strong>Ufa Chefdramaturg<\/strong> <strong>Viktor Abel<\/strong>. Viktor Abel war nach&nbsp; Nazidefinition Jude und war am 2. Dezember 1892 in Kiev geboren, das in dieser Zeit zum Russischen Kaiserreich geh\u00f6rte. Am 21.10. 1941 wurde er nach Lodz deportiert und dort ermordet. Die Filmgeschichte hat ihn vergessen.<\/p>\n\n\n<div class=\"wp-block-image\"><figure class=\"aligncenter size-full is-resized\"><a href=\"https:\/\/www.medienberatungev.org\/wp-content\/uploads\/2020\/04\/AltePostkarteBelleAllianceKInoum1910klein1.png\"><img loading=\"lazy\" decoding=\"async\" src=\"https:\/\/www.medienberatungev.org\/wp-content\/uploads\/2020\/04\/AltePostkarteBelleAllianceKInoum1910klein1.png\" alt=\"Belle Alliance\" class=\"wp-image-11216\" width=\"430\" height=\"273\" srcset=\"https:\/\/www.medienberatungev.org\/wp-content\/uploads\/2020\/04\/AltePostkarteBelleAllianceKInoum1910klein1.png 500w, https:\/\/www.medienberatungev.org\/wp-content\/uploads\/2020\/04\/AltePostkarteBelleAllianceKInoum1910klein1-300x191.png 300w\" sizes=\"auto, (max-width: 430px) 85vw, 430px\" \/><\/a><figcaption>Hamburg Altona. Belle Alliance. Vorf\u00fchrung Lebender Photographien und Kaiser-Caf\u00e9  Postkarte vom  Mai  1906<\/figcaption><\/figure><\/div>\n\n\n\n<p><\/p>\n","protected":false},"excerpt":{"rendered":"<p>Die Fotos entstanden am 18. Oktober 1930 vor dem Hotel &gt;Europ\u00e4ischer Hof&lt; in Baden-Baden. Foto eins (von oben): Das j\u00fcdische Kinobesitzer Ehepaar Frida und Jeremias (genannt James) Henschel (von links nach rechts). Foto zwei: Das j\u00fcdische Kinobesitzer Ehepaar Frida und Jeremias Henschel mit ihrer Tochter Bianca Henschel. Foto drei: Sophie Streit (geb. Henschel. Tochter von &hellip; <a href=\"https:\/\/www.medienberatungev.org\/?p=7601\" class=\"more-link\"><span class=\"screen-reader-text\">\u201eEurop\u00e4ischer Hof Baden-Baden (Deutschland) Jeremias Henschel\u201c<\/span> weiterlesen<\/a><\/p>\n","protected":false},"author":2,"featured_media":0,"comment_status":"open","ping_status":"open","sticky":false,"template":"","format":"standard","meta":{"footnotes":""},"categories":[2626,4317,3169,519,69,3995,561,199,1302,595,3306,8038,2948,650,4314,298,2489,2654,7015,6535,3285,2620,5491,4313,1245,1618,945,40,6305,1726,6443,536,16,463,4320,4665,1706,3305,2513,53,1870,1871,1872,6462,6461,4514,5,4273,36,1873,6245,3996,6,3276,12,1689,4511,2683,4661,327,1536,4315,125,1049,10,2577,2496,826,49,1990,4316,831,2659,54,1688,63,2469,7997,8012,2490,2176,4073,4104,74,473,1862,488,3301,7960,7676,35,642,4318,2973,123,73,2472,4356,1687,1,7992,2456,2378,1725,4206,2471,2015,4319,2746,2579,4064,7253,6170,7422],"tags":[4321,1276,4323,4324,3549,4003,4004,3696,4002,3548,559,3603,3540,4325,7476,7469,8015,823,7461],"class_list":["post-7601","post","type-post","status-publish","format-standard","hentry","category-2626","category-alhambra","category-ansichtskarten","category-antisemitismus","category-arisierung","category-baden-baden","category-belo-horizonte","category-berlin","category-bezirk-hamburg-altona","category-carl-laemmle","category-carl-laemmle-2","category-carl-robert-blum","category-deutsche","category-deutsche-filme","category-deutsche-luft-hansa","category-deutscher-film","category-deutsches-reich","category-die-verteidigung-des-vaterlandes","category-diebstahl","category-dritten-reich","category-erich-maria-remarque","category-film","category-flucht-in-den-tod","category-flughafen-fuhlsbuettel","category-fotoarchiv-jens-meyer","category-fotografen","category-fotos","category-frida-henschel","category-fritz-kuhnert","category-genannt-sass","category-geschichte-des-films","category-goebbels","category-hamburg","category-hamburg-altona","category-hamburg-fuhlsbuettel","category-hamburger-kinos","category-hanni-seim","category-hanns-brodnitz","category-hanns-henschel","category-heinz-b-heisig","category-helene-fick","category-helene-meininger","category-helge-meininger","category-helios-kino","category-helios-kino-in-altona","category-henschel","category-henschel-film-konzern","category-henschel-film-und-theaterkonzern-ohg","category-hermann-urich-sass","category-holger-meininger","category-hollywood","category-hotel-europaeischer-hof-baden-baden","category-im-kino","category-im-westen-nicht-neues","category-jeremias-henschel","category-joseph-goebbels","category-juden","category-judenfriedhof","category-juedische-fluechtlinge","category-juedischer-friedhof","category-juedischer-friedhof-hamburg-ohlsdorf","category-junkers","category-kiel","category-kinobesitzer","category-kinogeschichte","category-kurt-tucholsky","category-landgericht-hamburg","category-licht-bild-buehne","category-lichtbildbuehne","category-lichtburg-kino","category-london","category-luebeck","category-ludendorff","category-manfred-hirschel","category-max-winkler","category-michael-toeteberg","category-neues-reichstheater","category-nutzloses-wissen","category-nutzl-oses-wissen","category-oberfinanzpraesident-hamburg","category-original-kinematograph","category-phil-jutzi","category-polizeipraesident","category-ranette-salfeld","category-reeperbahn","category-reform-kino","category-reichsfluchtsteuer","category-remarque","category-rhythmographie","category-rhytmographie","category-richard-adam","category-rosa-hirschel","category-royal-cinema","category-siegfried-jacobsohn","category-spd","category-thalia-kino","category-theater-nobistor","category-theresienstadt","category-ufa-2","category-uncategorized","category-universal","category-universal-film-sa-brasilien","category-universal-film-studios","category-urich","category-verboten","category-waterloo-filmtheater","category-waterloo-kino","category-weisse-maeuse","category-weltbuehne","category-wer-hat-uns-verraten","category-wexstrasse","category-zensur","category-zweispaeltiges-hollywood","category-zwiespaeltiges-hollywood","tag-all-quiet-on-the-western-front","tag-baden-baden","tag-deutsche-luft-hansa","tag-flughafen-hamburg-fuhlsbuettel","tag-frida-henschel","tag-geburtsort-hamburg","tag-geburtsort-luebeck","tag-hotel","tag-hotel-europaeischer-hof","tag-hugo-streit","tag-im-westen-nichts-neues","tag-james-henschel","tag-jeremias-henschel","tag-junkers","tag-lodz","tag-rhythmographie-gmbh","tag-rhytmographie-gmbh","tag-sophie-streit","tag-viktor-abel"],"_links":{"self":[{"href":"https:\/\/www.medienberatungev.org\/index.php?rest_route=\/wp\/v2\/posts\/7601","targetHints":{"allow":["GET"]}}],"collection":[{"href":"https:\/\/www.medienberatungev.org\/index.php?rest_route=\/wp\/v2\/posts"}],"about":[{"href":"https:\/\/www.medienberatungev.org\/index.php?rest_route=\/wp\/v2\/types\/post"}],"author":[{"embeddable":true,"href":"https:\/\/www.medienberatungev.org\/index.php?rest_route=\/wp\/v2\/users\/2"}],"replies":[{"embeddable":true,"href":"https:\/\/www.medienberatungev.org\/index.php?rest_route=%2Fwp%2Fv2%2Fcomments&post=7601"}],"version-history":[{"count":40,"href":"https:\/\/www.medienberatungev.org\/index.php?rest_route=\/wp\/v2\/posts\/7601\/revisions"}],"predecessor-version":[{"id":24345,"href":"https:\/\/www.medienberatungev.org\/index.php?rest_route=\/wp\/v2\/posts\/7601\/revisions\/24345"}],"wp:attachment":[{"href":"https:\/\/www.medienberatungev.org\/index.php?rest_route=%2Fwp%2Fv2%2Fmedia&parent=7601"}],"wp:term":[{"taxonomy":"category","embeddable":true,"href":"https:\/\/www.medienberatungev.org\/index.php?rest_route=%2Fwp%2Fv2%2Fcategories&post=7601"},{"taxonomy":"post_tag","embeddable":true,"href":"https:\/\/www.medienberatungev.org\/index.php?rest_route=%2Fwp%2Fv2%2Ftags&post=7601"}],"curies":[{"name":"wp","href":"https:\/\/api.w.org\/{rel}","templated":true}]}}