{"id":7626,"date":"2018-08-12T15:31:12","date_gmt":"2018-08-12T15:31:12","guid":{"rendered":"http:\/\/www.medienberatungev.org\/?p=7626"},"modified":"2018-08-14T09:37:29","modified_gmt":"2018-08-14T09:37:29","slug":"bilder-vom-elberadweg-nach-dresden","status":"publish","type":"post","link":"https:\/\/www.medienberatungev.org\/?p=7626","title":{"rendered":"BILDER VOM ELBERADWEG"},"content":{"rendered":"<p><a href=\"http:\/\/www.medienberatungev.org\/?attachment_id=7650\" rel=\"attachment wp-att-7650\"><img loading=\"lazy\" decoding=\"async\" class=\"aligncenter size-full wp-image-7650\" src=\"http:\/\/www.medienberatungev.org\/wp-content\/uploads\/2018\/08\/IMG_6352klein.jpg\" alt=\"\" width=\"780\" height=\"585\" \/><\/a><a href=\"http:\/\/www.medienberatungev.org\/?attachment_id=7627\" rel=\"attachment wp-att-7627\"><img loading=\"lazy\" decoding=\"async\" class=\"aligncenter size-large wp-image-7627\" src=\"http:\/\/www.medienberatungev.org\/wp-content\/uploads\/2018\/08\/GartenzwergIMG_6371klein-768x1024.jpg\" alt=\"\" width=\"640\" height=\"853\" \/><\/a>Wenn das der Wasserpastordoktor w\u00fc\u00dfte. Wie er hier in Hitzacker in seinem Kneipp Park begr\u00fcsst wird. Aber es ist doch nur ein hinterh\u00e4ltiger Fotograf. Man muss den Gartenzwerg von der Seite und nicht von vorne fotografieren.<a href=\"http:\/\/www.medienberatungev.org\/?attachment_id=7631\" rel=\"attachment wp-att-7631\"><img loading=\"lazy\" decoding=\"async\" class=\"aligncenter size-full wp-image-7631\" src=\"http:\/\/www.medienberatungev.org\/wp-content\/uploads\/2018\/08\/IMG_6396Oelfabrikklein.jpg\" alt=\"\" width=\"780\" height=\"585\" \/><\/a><a href=\"http:\/\/www.medienberatungev.org\/?attachment_id=7632\" rel=\"attachment wp-att-7632\"><img loading=\"lazy\" decoding=\"async\" class=\"aligncenter size-full wp-image-7632\" src=\"http:\/\/www.medienberatungev.org\/wp-content\/uploads\/2018\/08\/IMG_6416RabeaufWiese.jpg\" alt=\"\" width=\"780\" height=\"585\" \/><\/a><a href=\"http:\/\/www.medienberatungev.org\/?attachment_id=7633\" rel=\"attachment wp-att-7633\"><img loading=\"lazy\" decoding=\"async\" class=\"aligncenter size-full wp-image-7633\" src=\"http:\/\/www.medienberatungev.org\/wp-content\/uploads\/2018\/08\/P1050822Wittenbergeklein.jpg\" alt=\"\" width=\"780\" height=\"521\" \/><\/a><a href=\"http:\/\/www.medienberatungev.org\/?attachment_id=7634\" rel=\"attachment wp-att-7634\"><img loading=\"lazy\" decoding=\"async\" class=\"aligncenter size-large wp-image-7634\" src=\"http:\/\/www.medienberatungev.org\/wp-content\/uploads\/2018\/08\/IMG_6426Ketteklein-768x1024.jpg\" alt=\"\" width=\"640\" height=\"853\" \/><\/a><a href=\"http:\/\/www.medienberatungev.org\/?attachment_id=7635\" rel=\"attachment wp-att-7635\"><img loading=\"lazy\" decoding=\"async\" class=\"aligncenter size-full wp-image-7635\" src=\"http:\/\/www.medienberatungev.org\/wp-content\/uploads\/2018\/08\/IMG_6428MZHklein.jpg\" alt=\"\" width=\"780\" height=\"585\" \/><\/a><a href=\"http:\/\/www.medienberatungev.org\/?attachment_id=7636\" rel=\"attachment wp-att-7636\"><img loading=\"lazy\" decoding=\"async\" class=\"aligncenter size-full wp-image-7636\" src=\"http:\/\/www.medienberatungev.org\/wp-content\/uploads\/2018\/08\/IMG_6436M\u00fchleklein.jpg\" alt=\"\" width=\"780\" height=\"585\" \/><\/a><a href=\"http:\/\/www.medienberatungev.org\/?attachment_id=7637\" rel=\"attachment wp-att-7637\"><img loading=\"lazy\" decoding=\"async\" class=\"aligncenter size-full wp-image-7637\" src=\"http:\/\/www.medienberatungev.org\/wp-content\/uploads\/2018\/08\/IMG_6443Br\u00fcckeHavelklein.jpg\" alt=\"\" width=\"780\" height=\"585\" \/><\/a><a href=\"http:\/\/www.medienberatungev.org\/?attachment_id=7638\" rel=\"attachment wp-att-7638\"><img loading=\"lazy\" decoding=\"async\" class=\"aligncenter size-full wp-image-7638\" src=\"http:\/\/www.medienberatungev.org\/wp-content\/uploads\/2018\/08\/IMG_6476Wasserschweinklein.jpg\" alt=\"\" width=\"780\" height=\"585\" \/><\/a><a href=\"http:\/\/www.medienberatungev.org\/?attachment_id=7639\" rel=\"attachment wp-att-7639\"><img loading=\"lazy\" decoding=\"async\" class=\"aligncenter size-full wp-image-7639\" src=\"http:\/\/www.medienberatungev.org\/wp-content\/uploads\/2018\/08\/IMG_6478Hauszuverkaufenklein.jpg\" alt=\"\" width=\"780\" height=\"585\" \/><\/a><a href=\"http:\/\/www.medienberatungev.org\/?attachment_id=7640\" rel=\"attachment wp-att-7640\"><img loading=\"lazy\" decoding=\"async\" class=\"aligncenter size-full wp-image-7640\" src=\"http:\/\/www.medienberatungev.org\/wp-content\/uploads\/2018\/08\/IMG_6493Bauhausklein.jpg\" alt=\"\" width=\"780\" height=\"585\" \/><\/a><a href=\"http:\/\/www.medienberatungev.org\/?attachment_id=7641\" rel=\"attachment wp-att-7641\"><img loading=\"lazy\" decoding=\"async\" class=\"aligncenter size-full wp-image-7641\" src=\"http:\/\/www.medienberatungev.org\/wp-content\/uploads\/2018\/08\/IMG_6500TorimWaldklein.jpg\" alt=\"\" width=\"780\" height=\"585\" \/><\/a><a href=\"http:\/\/www.medienberatungev.org\/?attachment_id=7642\" rel=\"attachment wp-att-7642\"><img loading=\"lazy\" decoding=\"async\" class=\"aligncenter size-large wp-image-7642\" src=\"http:\/\/www.medienberatungev.org\/wp-content\/uploads\/2018\/08\/IMG_6516einfesteBurgklein-768x1024.jpg\" alt=\"\" width=\"640\" height=\"853\" \/><\/a><a href=\"http:\/\/www.medienberatungev.org\/?attachment_id=7643\" rel=\"attachment wp-att-7643\"><img loading=\"lazy\" decoding=\"async\" class=\"aligncenter size-full wp-image-7643\" src=\"http:\/\/www.medienberatungev.org\/wp-content\/uploads\/2018\/08\/IMG_6525Modehausklausklein.jpg\" alt=\"\" width=\"780\" height=\"585\" \/><\/a><a href=\"http:\/\/www.medienberatungev.org\/?attachment_id=7644\" rel=\"attachment wp-att-7644\"><img loading=\"lazy\" decoding=\"async\" class=\"aligncenter size-full wp-image-7644\" src=\"http:\/\/www.medienberatungev.org\/wp-content\/uploads\/2018\/08\/IMG_6534KinoTorgauklein.jpg\" alt=\"\" width=\"780\" height=\"585\" \/><\/a><a href=\"http:\/\/www.medienberatungev.org\/?attachment_id=7649\" rel=\"attachment wp-att-7649\"><img loading=\"lazy\" decoding=\"async\" class=\"aligncenter size-full wp-image-7649\" src=\"http:\/\/www.medienberatungev.org\/wp-content\/uploads\/2018\/08\/IMG_6536kinoTorgauklein.jpg\" alt=\"\" width=\"780\" height=\"585\" \/><\/a><a href=\"http:\/\/www.medienberatungev.org\/?attachment_id=7653\" rel=\"attachment wp-att-7653\"><img loading=\"lazy\" decoding=\"async\" class=\"aligncenter size-large wp-image-7653\" src=\"http:\/\/www.medienberatungev.org\/wp-content\/uploads\/2018\/08\/IMG_6438M\u00fchleklein-768x1024.jpg\" alt=\"\" width=\"640\" height=\"853\" \/><\/a><a href=\"http:\/\/www.medienberatungev.org\/?attachment_id=7655\" rel=\"attachment wp-att-7655\"><img loading=\"lazy\" decoding=\"async\" class=\"aligncenter size-large wp-image-7655\" src=\"http:\/\/www.medienberatungev.org\/wp-content\/uploads\/2018\/08\/IMG_6372Baumklein-768x1024.jpg\" alt=\"\" width=\"640\" height=\"853\" \/><\/a><a href=\"http:\/\/www.medienberatungev.org\/?attachment_id=7656\" rel=\"attachment wp-att-7656\"><img loading=\"lazy\" decoding=\"async\" class=\"aligncenter size-large wp-image-7656\" src=\"http:\/\/www.medienberatungev.org\/wp-content\/uploads\/2018\/08\/IMG_6541klein-768x1024.jpg\" alt=\"\" width=\"640\" height=\"853\" \/><\/a><a href=\"http:\/\/www.medienberatungev.org\/?attachment_id=7657\" rel=\"attachment wp-att-7657\"><img loading=\"lazy\" decoding=\"async\" class=\"aligncenter size-full wp-image-7657\" src=\"http:\/\/www.medienberatungev.org\/wp-content\/uploads\/2018\/08\/IMG_6549klein.jpg\" alt=\"\" width=\"780\" height=\"585\" \/><\/a><a href=\"http:\/\/www.medienberatungev.org\/?attachment_id=7660\" rel=\"attachment wp-att-7660\"><img loading=\"lazy\" decoding=\"async\" class=\"aligncenter size-full wp-image-7660\" src=\"http:\/\/www.medienberatungev.org\/wp-content\/uploads\/2018\/08\/KinoRiesaP1060532.jpg\" alt=\"\" width=\"780\" height=\"585\" \/><\/a><a href=\"http:\/\/www.medienberatungev.org\/?attachment_id=7647\" rel=\"attachment wp-att-7647\"><img loading=\"lazy\" decoding=\"async\" class=\"aligncenter size-full wp-image-7647\" src=\"http:\/\/www.medienberatungev.org\/wp-content\/uploads\/2018\/08\/IMG_6626klein.jpg\" alt=\"\" width=\"780\" height=\"585\" \/><\/a><a href=\"http:\/\/www.medienberatungev.org\/?attachment_id=7560\" rel=\"attachment wp-att-7560\"><img loading=\"lazy\" decoding=\"async\" class=\"aligncenter size-large wp-image-7560\" src=\"http:\/\/www.medienberatungev.org\/wp-content\/uploads\/2018\/07\/IMG_6329-1024x768.jpg\" alt=\"\" width=\"640\" height=\"480\" \/><\/a><a href=\"http:\/\/www.medienberatungev.org\/?attachment_id=6479\" rel=\"attachment wp-att-6479\"><img loading=\"lazy\" decoding=\"async\" class=\"aligncenter size-large wp-image-6479\" src=\"http:\/\/www.medienberatungev.org\/wp-content\/uploads\/2018\/05\/P1050058-1024x768.jpg\" alt=\"\" width=\"640\" height=\"480\" \/><\/a><a href=\"http:\/\/www.medienberatungev.org\/?attachment_id=7666\" rel=\"attachment wp-att-7666\"><img loading=\"lazy\" decoding=\"async\" class=\"aligncenter size-full wp-image-7666\" src=\"http:\/\/www.medienberatungev.org\/wp-content\/uploads\/2018\/08\/Dresden6IMG_6609klein.jpg\" alt=\"\" width=\"780\" height=\"585\" \/><\/a><a href=\"http:\/\/www.medienberatungev.org\/?attachment_id=7667\" rel=\"attachment wp-att-7667\"><img loading=\"lazy\" decoding=\"async\" class=\"aligncenter size-full wp-image-7667\" src=\"http:\/\/www.medienberatungev.org\/wp-content\/uploads\/2018\/08\/Dresden9IMG_6612klein.jpg\" alt=\"\" width=\"780\" height=\"585\" \/><\/a><a href=\"http:\/\/www.medienberatungev.org\/?attachment_id=7668\" rel=\"attachment wp-att-7668\"><img loading=\"lazy\" decoding=\"async\" class=\"aligncenter size-full wp-image-7668\" src=\"http:\/\/www.medienberatungev.org\/wp-content\/uploads\/2018\/08\/Dresden15IMG_6618klein.jpg\" alt=\"\" width=\"780\" height=\"585\" \/><\/a><a href=\"http:\/\/www.medienberatungev.org\/?attachment_id=7670\" rel=\"attachment wp-att-7670\"><img loading=\"lazy\" decoding=\"async\" class=\"aligncenter size-full wp-image-7670\" src=\"http:\/\/www.medienberatungev.org\/wp-content\/uploads\/2018\/08\/elberadwegP1060552.jpg\" alt=\"\" width=\"780\" height=\"520\" \/><\/a><a href=\"http:\/\/www.medienberatungev.org\/?attachment_id=7672\" rel=\"attachment wp-att-7672\"><img loading=\"lazy\" decoding=\"async\" class=\"aligncenter size-large wp-image-7672\" src=\"http:\/\/www.medienberatungev.org\/wp-content\/uploads\/2018\/08\/MoblieP1060924-768x1024.jpg\" alt=\"\" width=\"640\" height=\"853\" \/><\/a><a href=\"http:\/\/www.medienberatungev.org\/?attachment_id=7673\" rel=\"attachment wp-att-7673\"><img loading=\"lazy\" decoding=\"async\" class=\"aligncenter size-full wp-image-7673\" src=\"http:\/\/www.medienberatungev.org\/wp-content\/uploads\/2018\/08\/MobileP1060925.jpg\" alt=\"\" width=\"780\" height=\"585\" \/><\/a><a href=\"http:\/\/www.medienberatungev.org\/?attachment_id=7674\" rel=\"attachment wp-att-7674\"><img loading=\"lazy\" decoding=\"async\" class=\"aligncenter size-full wp-image-7674\" src=\"http:\/\/www.medienberatungev.org\/wp-content\/uploads\/2018\/08\/EleberadwegP1060697.jpg\" alt=\"\" width=\"780\" height=\"585\" \/><\/a><a href=\"http:\/\/www.medienberatungev.org\/?attachment_id=7675\" rel=\"attachment wp-att-7675\"><img loading=\"lazy\" decoding=\"async\" class=\"aligncenter size-full wp-image-7675\" src=\"http:\/\/www.medienberatungev.org\/wp-content\/uploads\/2018\/08\/ElberadwegP1060591.jpg\" alt=\"\" width=\"780\" height=\"520\" \/><\/a><a href=\"http:\/\/www.medienberatungev.org\/?attachment_id=5796\" rel=\"attachment wp-att-5796\"><img loading=\"lazy\" decoding=\"async\" class=\"wp-image-5796 alignleft\" src=\"http:\/\/www.medienberatungev.org\/wp-content\/uploads\/2018\/03\/By-nc-sa_color.png\" alt=\"\" width=\"177\" height=\"119\" srcset=\"https:\/\/www.medienberatungev.org\/wp-content\/uploads\/2018\/03\/By-nc-sa_color.png 720w, https:\/\/www.medienberatungev.org\/wp-content\/uploads\/2018\/03\/By-nc-sa_color-300x202.png 300w\" sizes=\"auto, (max-width: 177px) 85vw, 177px\" \/><\/a><a href=\"http:\/\/www.medienberatungev.org\/?attachment_id=5635\" rel=\"attachment wp-att-5635\"><img loading=\"lazy\" decoding=\"async\" class=\"wp-image-5635 alignright\" src=\"http:\/\/www.medienberatungev.org\/wp-content\/uploads\/2018\/02\/Nilpferdeinauge-1024x786.jpg\" alt=\"\" width=\"203\" height=\"156\" \/><\/a>Fotos Jens Meyer<\/p>\n","protected":false},"excerpt":{"rendered":"<p>Wenn das der Wasserpastordoktor w\u00fc\u00dfte. Wie er hier in Hitzacker in seinem Kneipp Park begr\u00fcsst wird. Aber es ist doch nur ein hinterh\u00e4ltiger Fotograf. Man muss den Gartenzwerg von der Seite und nicht von vorne fotografieren.Fotos Jens Meyer<\/p>\n","protected":false},"author":2,"featured_media":0,"comment_status":"open","ping_status":"open","sticky":false,"template":"","format":"standard","meta":{"footnotes":""},"categories":[2329,2537,4016,1245,945,16,1],"tags":[4027,4026,3626,3542,4024,4031,1064,4028,4017,4022,4025,4029,4023,4030],"class_list":["post-7626","post","type-post","status-publish","format-standard","hentry","category-2329","category-alster","category-elberadweg","category-fotoarchiv-jens-meyer","category-fotos","category-hamburg","category-uncategorized","tag-dessau","tag-dresden","tag-elbe","tag-hamburg","tag-hitzacker","tag-lauenburg","tag-magdeburg","tag-meissen","tag-radweg","tag-schoenebeck","tag-tangermuende","tag-torgau","tag-wittenberg","tag-wittenberge"],"_links":{"self":[{"href":"https:\/\/www.medienberatungev.org\/index.php?rest_route=\/wp\/v2\/posts\/7626","targetHints":{"allow":["GET"]}}],"collection":[{"href":"https:\/\/www.medienberatungev.org\/index.php?rest_route=\/wp\/v2\/posts"}],"about":[{"href":"https:\/\/www.medienberatungev.org\/index.php?rest_route=\/wp\/v2\/types\/post"}],"author":[{"embeddable":true,"href":"https:\/\/www.medienberatungev.org\/index.php?rest_route=\/wp\/v2\/users\/2"}],"replies":[{"embeddable":true,"href":"https:\/\/www.medienberatungev.org\/index.php?rest_route=%2Fwp%2Fv2%2Fcomments&post=7626"}],"version-history":[{"count":17,"href":"https:\/\/www.medienberatungev.org\/index.php?rest_route=\/wp\/v2\/posts\/7626\/revisions"}],"predecessor-version":[{"id":7725,"href":"https:\/\/www.medienberatungev.org\/index.php?rest_route=\/wp\/v2\/posts\/7626\/revisions\/7725"}],"wp:attachment":[{"href":"https:\/\/www.medienberatungev.org\/index.php?rest_route=%2Fwp%2Fv2%2Fmedia&parent=7626"}],"wp:term":[{"taxonomy":"category","embeddable":true,"href":"https:\/\/www.medienberatungev.org\/index.php?rest_route=%2Fwp%2Fv2%2Fcategories&post=7626"},{"taxonomy":"post_tag","embeddable":true,"href":"https:\/\/www.medienberatungev.org\/index.php?rest_route=%2Fwp%2Fv2%2Ftags&post=7626"}],"curies":[{"name":"wp","href":"https:\/\/api.w.org\/{rel}","templated":true}]}}