{"id":766,"date":"2014-07-27T09:00:33","date_gmt":"2014-07-27T09:00:33","guid":{"rendered":"http:\/\/www.medienberatungev.org\/?p=766"},"modified":"2022-07-07T21:30:22","modified_gmt":"2022-07-07T21:30:22","slug":"unser-raetsel-wo-und-wann-ist-dieses-dock-gekentert","status":"publish","type":"post","link":"https:\/\/www.medienberatungev.org\/?p=766","title":{"rendered":"Alte Postkarte: Patria (Vaterland) im Dock gekentert"},"content":{"rendered":"<p>\u00a0<\/p>\n<p><strong><a href=\"http:\/\/www.medienberatungev.org\/wp-content\/uploads\/2014\/07\/Schiff-Jens-MitKontrast.jpg\"><img loading=\"lazy\" decoding=\"async\" class=\"alignleft size-full wp-image-768\" src=\"http:\/\/www.medienberatungev.org\/wp-content\/uploads\/2014\/07\/Schiff-Jens-MitKontrast.jpg\" alt=\"Schiff-Jens-MitKontrast\" width=\"4000\" height=\"2248\" \/><\/a><\/strong><span style=\"color: #000000;\"><strong>Foto\u00a0 Willi Beutler<\/strong>. Das Foto entstand\u00a0 am 9. Juli 1938, nach 8.10 Uhr. Die Patria (Vaterland) wurde bei der Deutschen Werft Finkenwerder f\u00fcr die HAPAG gebaut. Stapellauf war am 15. Januar 1938. Die Probefahrt fand am 12. Juli 1938 (Norwegen) statt. Am 17. Juli 1938 war die Jungfernfahrt.<\/span><\/p>\n<p><strong><span style=\"color: #000000;\">Aus dem Bericht des Seeamtes: <\/span><\/strong><span style=\"color: #000000;\">&#8222;Dockarbeiter Wilhelm Gries ertrunken. <\/span>Am 9. Juli 1938, gegen 8.10 Uhr, ist das Dock III der Deutschen Werft in Hamburg beim Eindocken des Elektroschiffes \u201cPatria\u201d nach der Stromseite bis auf etwa 36 Gr. \u00fcbergekr\u00e4nkt. Hierbei fiel das Schiff gegen die Deckwand, die leichte Besch\u00e4digungen erlitt. Das Schiff blieb unbesch\u00e4digt bis auf leichte Einbeulungen, durch welche die Seef\u00e4higkeit nicht beeintr\u00e4chtigt worden ist. Durch Kanten des auf dem Grunde wurde ein weiteres Kr\u00e4ngen verhindert. Mit Hilfe der herangeholten Pumpendampfer der Feuerwehr gelang es die an der Landseite zu fluten und dadurch das Gleichgewicht wiederherzustellen. Beim Verlassen des Schiffes \u00fcbers Dock haben mehrere Mitglieder der Besatzung Verletzungen erlitten. Ferner ist der Dockarbeiter Wilhelm Gries ertrunken. Der Unfall ist durch den Einbruch mehrerer Kimmpallen in die Tankdecks verursacht worden. Das derzeit in der Dockwanne befindliche Wasser ist durch Einbruchstellen in die Tanks der Stromseite gedrungen, und hat auf diese Weise die Schlagseite hervorgerufen. Das Einbrechen der Kimmpallen ist vermutlich auf leichtes \u00dcberkr\u00e4ngen infolge einer B\u00f6 zur\u00fcckzuf\u00fchren, der das fast bis zur Grenze seiner Tragf\u00e4higkeit ausgenutzte Dock nicht gewachsen war.\u201d (Seeamt Hamburg 18.7.1938)<\/p>\n<p><a href=\"https:\/\/www.medienberatungev.org\/wp-content\/uploads\/2014\/07\/PDF-Bericht-des-Seeamtes.pdf\">PDF Bericht des Seeamtes<\/a><\/p>\n<p><a href=\"http:\/\/www.medienberatungev.org\/wp-content\/uploads\/2018\/01\/schlepper2.jpg\">MS Wilhelm Gustloff<img loading=\"lazy\" decoding=\"async\" class=\"aligncenter size-large wp-image-5282\" src=\"http:\/\/www.medienberatungev.org\/wp-content\/uploads\/2018\/01\/schlepper2-1024x661.jpg\" alt=\"schlepper2\" width=\"640\" height=\"413\" \/><\/a><a href=\"http:\/\/www.medienberatungev.org\/wp-content\/uploads\/2014\/07\/WilhelmGustlof.jpg\"><img loading=\"lazy\" decoding=\"async\" class=\"aligncenter size-large wp-image-5284\" src=\"http:\/\/www.medienberatungev.org\/wp-content\/uploads\/2014\/07\/WilhelmGustlof-1024x716.jpg\" alt=\"WilhelmGustlof\" width=\"640\" height=\"447\" \/><\/a><\/p>\n<p><a href=\"http:\/\/www.medienberatungev.org\/wp-content\/uploads\/2014\/07\/WilhelmGustlof.jpg\">MS Wilhelm Gustloff<\/a><\/p>\n<p>MS Wilhelm Gustloff. Foto Werner Hensel. Die weitere Geschichte dieses Schiffes ist bei Wikipedia beschrieben.<a href=\"http:\/\/www.medienberatungev.org\/wp-content\/uploads\/2017\/11\/milpferd_einauge1.jpg\"><img loading=\"lazy\" decoding=\"async\" class=\"wp-image-4354 alignright\" src=\"http:\/\/www.medienberatungev.org\/wp-content\/uploads\/2017\/11\/milpferd_einauge1-1024x686.jpg\" alt=\"milpferd_einauge1\" width=\"213\" height=\"143\" \/><\/a><a href=\"http:\/\/www.medienberatungev.org\/wp-content\/uploads\/2018\/01\/By-nc-sa_color.png\"><img loading=\"lazy\" decoding=\"async\" class=\"wp-image-5212 alignleft\" src=\"http:\/\/www.medienberatungev.org\/wp-content\/uploads\/2018\/01\/By-nc-sa_color.png\" alt=\"By-nc-sa_color\" width=\"164\" height=\"111\" srcset=\"https:\/\/www.medienberatungev.org\/wp-content\/uploads\/2018\/01\/By-nc-sa_color.png 720w, https:\/\/www.medienberatungev.org\/wp-content\/uploads\/2018\/01\/By-nc-sa_color-300x202.png 300w\" sizes=\"auto, (max-width: 164px) 85vw, 164px\" \/><\/a><\/p>\n\n\n<p><\/p>\n","protected":false},"excerpt":{"rendered":"<p>\u00a0 Foto\u00a0 Willi Beutler. Das Foto entstand\u00a0 am 9. Juli 1938, nach 8.10 Uhr. Die Patria (Vaterland) wurde bei der Deutschen Werft Finkenwerder f\u00fcr die HAPAG gebaut. Stapellauf war am 15. Januar 1938. Die Probefahrt fand am 12. Juli 1938 (Norwegen) statt. Am 17. Juli 1938 war die Jungfernfahrt. Aus dem Bericht des Seeamtes: &#8222;Dockarbeiter &hellip; <a href=\"https:\/\/www.medienberatungev.org\/?p=766\" class=\"more-link\"><span class=\"screen-reader-text\">\u201eAlte Postkarte: Patria (Vaterland) im Dock gekentert\u201c<\/span> weiterlesen<\/a><\/p>\n","protected":false},"author":2,"featured_media":0,"comment_status":"open","ping_status":"open","sticky":false,"template":"","format":"standard","meta":{"footnotes":""},"categories":[2455,2790,1290,1291,1293,876,1294,1245,4601,1618,945,4670,4604,16,1289,45,4795,671,1609,2257,1292],"tags":[3654,3655,1296,3657,1560,1038,1562,1037,1561,4796,1076,1563,3658,3656],"class_list":["post-766","post","type-post","status-publish","format-standard","hentry","category-2455","category-arbeiter","category-deutsche-werft-finkenwerder","category-deutsche-werft-reiherstieg","category-dock-iii","category-elbe","category-elektroschiff","category-fotoarchiv-jens-meyer","category-fotograf-werner-hensel","category-fotografen","category-fotos","category-freie-vereinigung","category-freie-vereinigung-von-amateurphotographen","category-hamburg","category-hapag-2","category-nsdap","category-schlieker-werft","category-schwimmdock","category-werner-hensel","category-werner-hensel-fotograf","category-willi-beutler","tag-deutsche-werft-finkenwerder","tag-deutsche-werft-reiherstieg","tag-dockarbeiter","tag-elektroschiff","tag-gries","tag-hapag","tag-norwegen","tag-patria","tag-postkarte","tag-schlieker-werft","tag-vaterland","tag-werft","tag-wilhelm-gries","tag-willi-beutler"],"_links":{"self":[{"href":"https:\/\/www.medienberatungev.org\/index.php?rest_route=\/wp\/v2\/posts\/766","targetHints":{"allow":["GET"]}}],"collection":[{"href":"https:\/\/www.medienberatungev.org\/index.php?rest_route=\/wp\/v2\/posts"}],"about":[{"href":"https:\/\/www.medienberatungev.org\/index.php?rest_route=\/wp\/v2\/types\/post"}],"author":[{"embeddable":true,"href":"https:\/\/www.medienberatungev.org\/index.php?rest_route=\/wp\/v2\/users\/2"}],"replies":[{"embeddable":true,"href":"https:\/\/www.medienberatungev.org\/index.php?rest_route=%2Fwp%2Fv2%2Fcomments&post=766"}],"version-history":[{"count":34,"href":"https:\/\/www.medienberatungev.org\/index.php?rest_route=\/wp\/v2\/posts\/766\/revisions"}],"predecessor-version":[{"id":18209,"href":"https:\/\/www.medienberatungev.org\/index.php?rest_route=\/wp\/v2\/posts\/766\/revisions\/18209"}],"wp:attachment":[{"href":"https:\/\/www.medienberatungev.org\/index.php?rest_route=%2Fwp%2Fv2%2Fmedia&parent=766"}],"wp:term":[{"taxonomy":"category","embeddable":true,"href":"https:\/\/www.medienberatungev.org\/index.php?rest_route=%2Fwp%2Fv2%2Fcategories&post=766"},{"taxonomy":"post_tag","embeddable":true,"href":"https:\/\/www.medienberatungev.org\/index.php?rest_route=%2Fwp%2Fv2%2Ftags&post=766"}],"curies":[{"name":"wp","href":"https:\/\/api.w.org\/{rel}","templated":true}]}}