{"id":785,"date":"2014-08-05T19:33:21","date_gmt":"2014-08-05T19:33:21","guid":{"rendered":"http:\/\/www.medienberatungev.org\/?p=785"},"modified":"2025-10-27T14:58:48","modified_gmt":"2025-10-27T14:58:48","slug":"interview-mit-norbert-kobler-als-pdf","status":"publish","type":"post","link":"https:\/\/www.medienberatungev.org\/?p=785","title":{"rendered":"Norbert Kobler (USA) Sohn des Schauspielers Julius Kobler"},"content":{"rendered":"<figure id=\"attachment_3237\" aria-describedby=\"caption-attachment-3237\" style=\"width: 640px\" class=\"wp-caption alignleft\"><a href=\"http:\/\/www.medienberatungev.org\/wp-content\/uploads\/2014\/08\/NorbertKobler.jpg\"><img loading=\"lazy\" decoding=\"async\" class=\" wp-image-3237\" src=\"http:\/\/www.medienberatungev.org\/wp-content\/uploads\/2014\/08\/NorbertKobler.jpg\" alt=\"Norbert Kobler bei einem Interview in LA\" width=\"640\" height=\"927\" \/><\/a><figcaption id=\"caption-attachment-3237\" class=\"wp-caption-text\">Norbert Kobler bei einem Interview in LA<\/figcaption><\/figure>\n<p><a href=\"https:\/\/www.medienberatungev.org\/wp-content\/uploads\/2020\/04\/NorberKoblerInterviewbearbeitet2020.pdf\">NorbertKoblerInterviewbearbeitet2020<\/a><\/p>\n<p><a href=\"http:\/\/www.medienberatungev.org\/wp-content\/uploads\/2014\/08\/NorbertJKobler1.jpg\"><img loading=\"lazy\" decoding=\"async\" class=\"alignleft size-full wp-image-3239\" src=\"http:\/\/www.medienberatungev.org\/wp-content\/uploads\/2014\/08\/NorbertJKobler1.jpg\" alt=\"NorbertJKobler1\" width=\"691\" height=\"488\" \/><\/a><a href=\"http:\/\/www.medienberatungev.org\/wp-content\/uploads\/2014\/08\/NoorbertJKobler.jpg\"><img loading=\"lazy\" decoding=\"async\" class=\"alignleft size-full wp-image-3240\" src=\"http:\/\/www.medienberatungev.org\/wp-content\/uploads\/2014\/08\/NoorbertJKobler.jpg\" alt=\"NoorbertJKobler\" width=\"690\" height=\"499\" \/><\/a><\/p>\n<p><a href=\"http:\/\/www.medienberatungev.org\/wp-content\/uploads\/2017\/09\/By-nc-sa_color.png\"><img loading=\"lazy\" decoding=\"async\" class=\" wp-image-3221\" src=\"http:\/\/www.medienberatungev.org\/wp-content\/uploads\/2017\/09\/By-nc-sa_color.png\" alt=\"Kroatien Foto Jens Meyer\" width=\"168\" height=\"113\" srcset=\"https:\/\/www.medienberatungev.org\/wp-content\/uploads\/2017\/09\/By-nc-sa_color.png 720w, https:\/\/www.medienberatungev.org\/wp-content\/uploads\/2017\/09\/By-nc-sa_color-300x202.png 300w\" sizes=\"auto, (max-width: 168px) 85vw, 168px\" \/><\/a><a href=\"http:\/\/www.medienberatungev.org\/wp-content\/uploads\/2014\/08\/IMG_0078-300x225.jpg\"><img loading=\"lazy\" decoding=\"async\" class=\" wp-image-4851 alignright\" src=\"http:\/\/www.medienberatungev.org\/wp-content\/uploads\/2014\/08\/IMG_0078-300x225.jpg\" alt=\"IMG_0078-300x225\" width=\"322\" height=\"242\" \/><\/a><\/p>\n<p style=\"text-align: left;\"><a href=\"http:\/\/www.medienberatungev.org\/wp-content\/uploads\/2017\/09\/IMG_3013-300x199.jpg\"><img loading=\"lazy\" decoding=\"async\" class=\"wp-image-3216\" src=\"http:\/\/www.medienberatungev.org\/wp-content\/uploads\/2017\/09\/IMG_3013-300x199.jpg\" alt=\"IMG_3013-300x199\" width=\"212\" height=\"141\" \/><\/a><\/p>\n<p style=\"text-align: left;\">Fotos Dietmar Bruns + Jens Meyer<\/p>\n<p>Interview Jens Meyer<\/p>\n<p>Am 21. Juli 1990 in LA. USA<\/p>\n<p align=\"justify\"><span style=\"font-family: sans-serif;\"><span style=\"font-size: large;\">aus: <\/span><\/span><b><span style=\"font-family: sans-serif;\"><span style=\"font-size: large;\">Rita Bake<\/span><\/span>\u2013\u201e<span style=\"font-family: sans-serif;\"><span style=\"font-size: large;\">NS-belastete Stra\u00dfennamen in Hamburg\u201c<\/span><\/span><\/b><\/p>\n<p align=\"justify\">\u201e<span style=\"font-family: Ubuntu;\"><span style=\"font-size: large;\">Prof. Dr. med. Konjetzny war sowohl NSDAP Mitglied als auch zahlreicher weiterer NS-Organisationen gewesen. 15 Kilometer von dieser Stra\u00dfe entfernt hei\u00dft seit 1988 im Stadtteil Langenhorn eine Stra\u00dfe nach Julius Kobler (1866-1942), einem NS-Opfer, der als bekannter Schauspieler im Thalia-Theater und im Deutschen Schauspielhaus auf der B\u00fchne gestanden hatte und 1934 aus so genannten rassischen Gr\u00fcnden entlassen worden war. <\/span><\/span><\/p>\n<p align=\"justify\">\u201e<span style=\"font-family: Ubuntu;\"><span style=\"font-size: large;\">Im Juni 1942 wurde er mit starken Beschwerden [Magenkrebs] zun\u00e4chst ins Universit\u00e4tskrankenhaus Eppendorf eingeliefert, wo man ihm jedoch schon nach wenigen Tagen mit der Begr\u00fcndung entlie\u00df, dass Juden dort nicht mehr operiert werden d\u00fcrften, da ein Erlass von 1936 vorschrieb, dass j\u00fcdische Patienten nur noch in\u201a extremen Notf\u00e4llen\u2018 zu behandeln seien.\u201c 5<\/span><\/span><\/p>\n<p align=\"justify\"><span style=\"font-family: Ubuntu;\"><span style=\"font-size: large;\">In dieser Zeit war Georg Ernst Konjetzny Leiter der chirurgischen Klinik des Universit\u00e4tskrankenhauses Krankenhauses Eppendorf. Er war seit 1933 in der SA, seit 1936 im NS-Dozentenbund und 1937 in die NSDAP eingetreten. Seit 1939 war er Mitglied des NS-\u00c4rztebundes. 6 <\/span><\/span><\/p>\n<p align=\"justify\"><span style=\"font-family: Ubuntu;\"><span style=\"font-size: large;\">Zwar fand Julius Kobler Aufnahme im sehr schlecht ausgestatteten Israelitischen Krankenhaus, aber die ein oder zwei Wochen sp\u00e4ter aus gef\u00fchrte Operation \u201ehat ihm nicht mehr das Leben retten k\u00f6nnen; er verstarb dort am 22. Juni 1942. Wenn auch drei \u00e4rztliche Gutachten in den 1950er-Jahren einen im medizinischen Sinne unmittelbaren kausalen Zusammenhang zwischen der Verweigerung der Operation im Universit\u00e4tskrankenhaus und dem Tod Julius Koblers verneinten, war er unzweifelhaft Opfer rassistischer Diskriminierung und Verfolgung durch das NS-Regime.\u201c\u00a0\u00a0\u00a0\u00a0\u00a0\u00a0\u00a0\u00a0\u00a0\u00a0\u00a0 <a href=\"http:\/\/www.medienberatungev.org\/?attachment_id=8328\" rel=\"attachment wp-att-8328\">Rita Bake Julius Kobler<\/a><\/span><\/span><\/p>\n","protected":false},"excerpt":{"rendered":"<p>NorbertKoblerInterviewbearbeitet2020 Fotos Dietmar Bruns + Jens Meyer Interview Jens Meyer Am 21. Juli 1990 in LA. USA aus: Rita Bake\u2013\u201eNS-belastete Stra\u00dfennamen in Hamburg\u201c \u201eProf. Dr. med. Konjetzny war sowohl NSDAP Mitglied als auch zahlreicher weiterer NS-Organisationen gewesen. 15 Kilometer von dieser Stra\u00dfe entfernt hei\u00dft seit 1988 im Stadtteil Langenhorn eine Stra\u00dfe nach Julius Kobler (1866-1942), &hellip; <a href=\"https:\/\/www.medienberatungev.org\/?p=785\" class=\"more-link\"><span class=\"screen-reader-text\">\u201eNorbert Kobler (USA) Sohn des Schauspielers Julius Kobler\u201c<\/span> weiterlesen<\/a><\/p>\n","protected":false},"author":2,"featured_media":0,"comment_status":"open","ping_status":"open","sticky":false,"template":"","format":"standard","meta":{"footnotes":""},"categories":[1916,2210,4505,2,1050,2489,8,1245,945,470,16,4215,6,10,1388,4506,4507,757],"tags":[3542,1389,48,482,1036,4509,4508,3680,502,4503,1390,4504],"class_list":["post-785","post","type-post","status-publish","format-standard","hentry","category-1916","category-2210","category-4505","category-pro-bla","category-briefe","category-deutsches-reich","category-filmkritik","category-fotoarchiv-jens-meyer","category-fotos","category-geschichten-aus-dem-leben","category-hamburg","category-hamburger-prominente","category-im-kino","category-kinogeschichte","category-norbert-kobler","category-schauspieler-julius-kobler","category-schauspielerin-sabine-kalter","category-usa","tag-hamburg","tag-henschel-kinos","tag-horst-urich-sass","tag-julius-kobler","tag-julius-kobler-weg","tag-la","tag-los-angeles","tag-norbert-kobler","tag-sabine-kalter","tag-schauspielhaus-hamburg","tag-theater","tag-universitaets-klinik-eppendorf"],"_links":{"self":[{"href":"https:\/\/www.medienberatungev.org\/index.php?rest_route=\/wp\/v2\/posts\/785","targetHints":{"allow":["GET"]}}],"collection":[{"href":"https:\/\/www.medienberatungev.org\/index.php?rest_route=\/wp\/v2\/posts"}],"about":[{"href":"https:\/\/www.medienberatungev.org\/index.php?rest_route=\/wp\/v2\/types\/post"}],"author":[{"embeddable":true,"href":"https:\/\/www.medienberatungev.org\/index.php?rest_route=\/wp\/v2\/users\/2"}],"replies":[{"embeddable":true,"href":"https:\/\/www.medienberatungev.org\/index.php?rest_route=%2Fwp%2Fv2%2Fcomments&post=785"}],"version-history":[{"count":22,"href":"https:\/\/www.medienberatungev.org\/index.php?rest_route=\/wp\/v2\/posts\/785\/revisions"}],"predecessor-version":[{"id":31169,"href":"https:\/\/www.medienberatungev.org\/index.php?rest_route=\/wp\/v2\/posts\/785\/revisions\/31169"}],"wp:attachment":[{"href":"https:\/\/www.medienberatungev.org\/index.php?rest_route=%2Fwp%2Fv2%2Fmedia&parent=785"}],"wp:term":[{"taxonomy":"category","embeddable":true,"href":"https:\/\/www.medienberatungev.org\/index.php?rest_route=%2Fwp%2Fv2%2Fcategories&post=785"},{"taxonomy":"post_tag","embeddable":true,"href":"https:\/\/www.medienberatungev.org\/index.php?rest_route=%2Fwp%2Fv2%2Ftags&post=785"}],"curies":[{"name":"wp","href":"https:\/\/api.w.org\/{rel}","templated":true}]}}