{"id":7957,"date":"2018-09-30T22:57:52","date_gmt":"2018-09-30T22:57:52","guid":{"rendered":"http:\/\/www.medienberatungev.org\/?p=7957"},"modified":"2018-10-24T14:59:28","modified_gmt":"2018-10-24T14:59:28","slug":"hase-du-bleibst-hier","status":"publish","type":"post","link":"https:\/\/www.medienberatungev.org\/?p=7957","title":{"rendered":"Hase, Du bleibst hier Monika Hohlmeier bei Markus Lanz zum Beispiel"},"content":{"rendered":"<p align=\"justify\"><span style=\"font-family: Ubuntu;\"><span style=\"font-size: large;\">Hase, du bleibst hier.\u00a0 <\/span><\/span><span style=\"font-family: Ubuntu;\"><span style=\"font-size: large;\">Wissen sie was? Ich bin jetzt 72 Jahre alt. <\/span><\/span><span style=\"font-family: Ubuntu;\"><span style=\"font-size: large;\">Und diese RechtsLinksScheisse in den TALG Schaus kann ich wirklich nicht mehr h\u00f6ren.<\/span><\/span><!--more--><\/p>\n<p align=\"justify\"><span style=\"font-family: Ubuntu;\"><span style=\"font-size: large;\"> Gerade wieder neulich. Da sitzt die Tochter von Franz Josef Strauss (Monika Hohlmeier) <a href=\"http:\/\/www.medienberatungev.org\/?attachment_id=7976\" rel=\"attachment wp-att-7976\"><img loading=\"lazy\" decoding=\"async\" class=\"wp-image-7976 alignleft\" src=\"http:\/\/www.medienberatungev.org\/wp-content\/uploads\/2018\/09\/KAS-Strau\u00df_Franz_Josef-Bild-1365-3-716x1024.jpg\" alt=\"\" width=\"231\" height=\"330\" \/><\/a>und plappert vor sich hin, was ihr Papa ihr so beigebracht hat. Ich weiss gar nicht, wieviele B\u00fccher es \u00fcber ihren Papa und seine Machenschaften gibt. (Auch ueber die Tochter gibt es einiges zu berichten -siehe Wikipedia.de). In denen, die in meinem Buch Regal stehen, kommt er jedenfalls nicht gut weg. Und es waere schoen, wenn die Tochter nicht \u00fcber LinksRechts befragt wuerde. Sie kennt sich offensichtlich nur rechts gut aus. Nun ist sie ja nicht deswegen verd\u00e4chtig, weil sie einen solchen Vater hat und hatte. Aber nur deswegen wurde sie von Herrn Lanz eingeladen. Unterhaltung eben. Nichts bewegen. Nichts kritisieren. Nichts herausfinden. Nur labern.<br \/>\n<\/span><\/span><\/p>\n<p align=\"justify\"><span style=\"font-family: Ubuntu;\"><span style=\"font-size: large;\">Und am Ende auch nichts sehen. Langweilen kann man sich wirklich auch allein. Daf\u00fcr bedarf es keines Fernsehmoderators. Auf jedem Kanal, zu jeder Tages- und Nachtzeit findet man die weiblichen und m\u00e4nnlichen Laberk\u00f6pfe, die andere Laberk\u00f6pfe etwas sagen lassen. Nein, ich kann es wirklich nicht mehr hoeren. <\/span><\/span><\/p>\n<p align=\"justify\"><span style=\"font-family: Ubuntu;\"><span style=\"font-size: large;\">Denn wer in die Geschichte guckt und dabei die Augen offen hat, wird Folgendes sehen: Die deutschen Katastrophen wurden uns von den Konservativen und den Nazis eingebrockt. Und es sind immer die Konservativen und die Nazis die diese RechtsLinksScheisse wiederholen. Gem\u00e4\u00df dem Spruch ihres Anf\u00fchrers, der schon geschrieben hat, dass man eine L\u00fcge nur oft genug wiederholen muss, damit sie geglaubt wird. Nazis sind in der Konsequenz einfach nur M\u00f6rder, Argumenten nicht zug\u00e4nglich. <\/span><\/span><\/p>\n<p align=\"justify\"><span style=\"font-family: Ubuntu;\"><span style=\"font-size: large;\">Und jene, die diese M\u00f6rder unterst\u00fctzen und dazu geh\u00f6ren auch immer die Konservativen, sind daran mit schuld. Napoleon und Hitler waren in Ru\u00dfland. Und sie waren nicht allein, oh Wunder! Sogar Napoleon hatte Soldaten aus Bayern dabei. Arme Schweine, denen dort die F\u00fc\u00dfe erfroren sind, weil die Gener\u00e4le gar nicht daran gedacht hatten, da\u00df es auch dort einen Winter gibt und der Winter dort sehr kalt werden kann.\u00a0 Und da waren Hitler und seine Gener\u00e4le auch nicht viel kl\u00fcger. <\/span><\/span><\/p>\n<p align=\"justify\"><span style=\"font-family: Ubuntu;\"><span style=\"font-size: large;\">Sonst w\u00e4ren sie ja nicht im Winter 1941 auf die Idee gekommen, warme Wintersachen in Deutschland einzusammeln. Winterhilfe haben sie das genannt. Und haben halbe Kinder nach Stalingrad geschickt, denen dort, wenn sie Gl\u00fcck hatten, nur die F\u00fcsse erfroren sind. <\/span><\/span><\/p>\n<p align=\"justify\"><span style=\"font-family: Ubuntu;\"><span style=\"font-size: large;\">Jedenfalls hat es in dem gleichen Zeitraum keinen Angriff aus dieser Richtung auf Deutschland gegeben, Frau Hohlmeier. (Eigentlich ein ganz passender Name f\u00fcr eine Tochter von FJS). <\/span><\/span><\/p>\n<p align=\"justify\"><span style=\"font-family: Ubuntu;\"><span style=\"font-size: large;\">Seit Jahren <\/span><\/span><span style=\"font-family: Ubuntu;\"><span style=\"font-size: large;\">warnen uns die Konservativen und die Nazis vor den Gefahren, die uns von dort aus dem Osten (das mit den Muslimen ist die neue Variante) drohen. Es geht immer nur um ihren Machterhalt, der ihnen das Wohlleben erm\u00f6glicht. Nein, ich kann sie wirklich nicht mehr h\u00f6ren, diese RechtlinksScheisse. Wir sollten sie einfach auslachen, wenn sie das n\u00e4chste mal wieder von Rechts<\/span><\/span><span style=\"font-family: Ubuntu;\"><span style=\"font-size: large;\">LinksPlappern. Hase, Du bleibst hier!<\/span><\/span><\/p>\n","protected":false},"excerpt":{"rendered":"<p>Hase, du bleibst hier.\u00a0 Wissen sie was? Ich bin jetzt 72 Jahre alt. Und diese RechtsLinksScheisse in den TALG Schaus kann ich wirklich nicht mehr h\u00f6ren.<\/p>\n","protected":false},"author":2,"featured_media":0,"comment_status":"open","ping_status":"open","sticky":false,"template":"","format":"aside","meta":{"footnotes":""},"categories":[2329,4259,4260,4253],"tags":[3587,3586,4264,4254,4268,4263,4257,4262,4261,764,4255,3366,4265,4266,4267,4269],"class_list":["post-7957","post","type-post","status-publish","format-aside","hentry","category-2329","category-chemnitz","category-monika-hohlmeier","category-rechtslinks-scheisse","tag-cdu","tag-csu","tag-franz-josef-strauss","tag-hase-du-bleibst-hier","tag-konservatie","tag-lanz","tag-machterhalt","tag-markus-lanz","tag-monika-hohlmeier","tag-nazis","tag-rechts-links-scheisse","tag-stalingrad","tag-winter-1941","tag-winterhilfe","tag-wintersachen","tag-wohlleben","post_format-post-format-aside"],"_links":{"self":[{"href":"https:\/\/www.medienberatungev.org\/index.php?rest_route=\/wp\/v2\/posts\/7957","targetHints":{"allow":["GET"]}}],"collection":[{"href":"https:\/\/www.medienberatungev.org\/index.php?rest_route=\/wp\/v2\/posts"}],"about":[{"href":"https:\/\/www.medienberatungev.org\/index.php?rest_route=\/wp\/v2\/types\/post"}],"author":[{"embeddable":true,"href":"https:\/\/www.medienberatungev.org\/index.php?rest_route=\/wp\/v2\/users\/2"}],"replies":[{"embeddable":true,"href":"https:\/\/www.medienberatungev.org\/index.php?rest_route=%2Fwp%2Fv2%2Fcomments&post=7957"}],"version-history":[{"count":21,"href":"https:\/\/www.medienberatungev.org\/index.php?rest_route=\/wp\/v2\/posts\/7957\/revisions"}],"predecessor-version":[{"id":7982,"href":"https:\/\/www.medienberatungev.org\/index.php?rest_route=\/wp\/v2\/posts\/7957\/revisions\/7982"}],"wp:attachment":[{"href":"https:\/\/www.medienberatungev.org\/index.php?rest_route=%2Fwp%2Fv2%2Fmedia&parent=7957"}],"wp:term":[{"taxonomy":"category","embeddable":true,"href":"https:\/\/www.medienberatungev.org\/index.php?rest_route=%2Fwp%2Fv2%2Fcategories&post=7957"},{"taxonomy":"post_tag","embeddable":true,"href":"https:\/\/www.medienberatungev.org\/index.php?rest_route=%2Fwp%2Fv2%2Ftags&post=7957"}],"curies":[{"name":"wp","href":"https:\/\/api.w.org\/{rel}","templated":true}]}}