{"id":8095,"date":"2018-11-04T09:17:00","date_gmt":"2018-11-04T09:17:00","guid":{"rendered":"http:\/\/www.medienberatungev.org\/?p=8095"},"modified":"2021-10-26T11:58:25","modified_gmt":"2021-10-26T11:58:25","slug":"kuchekaeschtle","status":"publish","type":"post","link":"https:\/\/www.medienberatungev.org\/?p=8095","title":{"rendered":"Kuchek\u00e4schtle"},"content":{"rendered":"\n<div class=\"wp-block-file\"><a href=\"https:\/\/www.medienberatungev.org\/wp-content\/uploads\/2021\/10\/pdfMartin-Streit.pdf\">pdfMartin-Streit<\/a><a href=\"https:\/\/www.medienberatungev.org\/wp-content\/uploads\/2021\/10\/pdfMartin-Streit.pdf\" class=\"wp-block-file__button\" download>Herunterladen<\/a><\/div>\n\n\n\n<figure class=\"wp-block-image size-large\"><img loading=\"lazy\" decoding=\"async\" width=\"680\" height=\"453\" src=\"https:\/\/www.medienberatungev.org\/wp-content\/uploads\/2021\/10\/1979-082bw-18-Henry-Angst-1.jpg\" alt=\"\" class=\"wp-image-16697\" srcset=\"https:\/\/www.medienberatungev.org\/wp-content\/uploads\/2021\/10\/1979-082bw-18-Henry-Angst-1.jpg 680w, https:\/\/www.medienberatungev.org\/wp-content\/uploads\/2021\/10\/1979-082bw-18-Henry-Angst-1-300x200.jpg 300w\" sizes=\"auto, (max-width: 709px) 85vw, (max-width: 909px) 67vw, (max-width: 984px) 61vw, (max-width: 1362px) 45vw, 600px\" \/><figcaption>Foto Jochen Hergersberg Berlin 1979<br><\/figcaption><\/figure>\n\n\n<p align=\"justify\"><span style=\"font-family: Ubuntu;\"><span style=\"font-size: large;\"><b>Kuchek\u00e4schtle. <\/b><\/span><\/span><span style=\"font-family: Ubuntu;\"><span style=\"font-size: large;\">Wir mochten uns. Martin Streit und ich. Sp\u00e4ter kam noch Berthold Podlasly dazu. An Martin denke ich manchmal. An Berthold auch. Wir hatten eine \u00e4hnliche Biografie vor der dffb. Waren auf der Proletenwelle in die Akademie gesp\u00fclt worden. Wir wollten viel und schnell lernen, um damit weg von den Proleten zu kommen. Viele Mitstudenten wollten grade dahin, wo wir grade von weg wollten. So haben wir uns zusammengetan. Ich erinnere mich an einen Grundkursfilm mit einer langen Kamerafahrt. Der Film hatte den Arbeitstitel &gt;Inga&lt;*, so hie\u00df die Frau, mit der ich damals verheiratet war. <\/span><\/span><span style=\"font-family: Ubuntu;\"><span style=\"font-size: large;\">Etwas besseres war uns zu dem Zeitpunkt nicht eingefallen. Inga arbeitete als P\u00e4dagogin in einem Jugendfreizeitheim. Das sollte auch unser Film behandeln. Er ist sehr lang geworden und sollte den Zusammenhang von Arbeit und Freizeit darstellen. Eine lange Kamerafahrt sollte um einen H\u00e4userblock stattfinden. Auf der einen Seite ein Regierungsgeb\u00e4ude, auf der gegen\u00fcberliegenden Seite ein Jugendfreizeitheim. <\/span><\/span><span style=\"font-family: Ubuntu;\"><span style=\"font-size: large;\">Unsere Kamerafahrt sollte optisch den inhaltlichen Zusammenhang von beiden Einrichtungen zeigen. Zehn Minuten, eben so lange, wie eine 120 m Kassette in einer 16 mm Kamera (Arri BL) reichte. Die Wirkung, die wir uns davon erhofft hatten, trat beim Publikum aber nicht ein. <\/span><\/span><\/p>\n<p align=\"justify\"><span style=\"font-family: Ubuntu;\"><span style=\"font-size: large;\">Die beste Geschichte, die sich immer wiederholt hatte und die Martin Streit mir immer und immer wieder erz\u00e4hlen mu\u00dfte war die, von der Autobahn, die bei Magdeburg \u00fcber die Elbe querte. Er war Besitzer eines alten Buckel Volvo mit Schweizer Kennzeichen. Und er war Besitzer eines Schweizer Passes, weil er in der Schweiz geboren und aufgewachsen war. Manchmal, aber eher selten, sprach er auch so, wie die da sprechen. &gt;Kuchek\u00e4schtle&lt;** hat mir immer besonders gut gefallen. Die Geschichte mit dem Buckel Volvo, der Autobahn und der DDR ging so. Dazu mu\u00df man wissen, da\u00df wir beide (Martin und ich) den DDR Sozialismus, den real existierenden, wie sie ihn nannten, nicht sehr mochten. <\/span><\/span><\/p>\n<p align=\"justify\"><span style=\"font-family: Ubuntu;\"><span style=\"font-size: large;\">Das war in der dffb mehrheitsf\u00e4hig. <\/span><\/span><span style=\"font-family: Ubuntu;\"><span style=\"font-size: large;\">An der Magdeburger Autobahnbr\u00fccke gab es eine Geschwindigkeitsbegrenzung. 30 Std\/kmh waren ausgeschildert. Ohne jeden ersichtlichen Grund. Das Schild diente vorwiegend der Devisenbeschaffung des Arbeiter- und Bauernstaates. Und jedes Mal wenn Martin an diese Stelle kam, beschleunigte er auf die H\u00f6chstgeschwindigkeit, die der Buckel Volvo noch schaffte. (Hundertzwanzig km\/h). Hinter der Br\u00fccke lagen die Volkspolizisten, wie sie genannt wurden, auf der Lauer und stoppten den Buckel Volvo in freudiger Erwartung auf das viele Westgeld, dass sie jetzt kassieren w\u00fcrden. <\/span><\/span><\/p>\n<p align=\"justify\"><span style=\"font-family: Ubuntu;\"><span style=\"font-size: large;\">Aber Martin hatte nie &gt;Devisen&lt; bei sich. Sie mussten ihn jedes Mal laufen lassen, notierten seine Schweizer Anschrift und sein Kennzeichen. Geld haben sie nie bekommen. Irgend wann haben sie sich das nicht mehr gefallen lassen und er musste jedes Mal das Flugzeug nehmen, wenn er nach &gt;Westdeutschland&lt; Berlin verlassen wollte. Den Buckel Volvo haben sie nicht mehr reingelassen. Und den Schweizer B\u00fcrger auch nicht. <\/span><\/span><\/p>\n<p align=\"justify\"><span style=\"font-family: Ubuntu;\"><span style=\"font-size: large;\">Vermutlich waren ihnen die Verwaltungskosten zu hoch geworden. Er hat nach der dffb viele Filme f\u00fcrs Fernsehen und bei anderen Filmen die Kamera gemacht. <\/span><\/span><span style=\"font-family: Ubuntu;\"><span style=\"font-size: large;\">Wir haben uns nicht aus den Augen verloren. Selbst an dem Tag, als er sich eine \u00dcberdosis gab, haben wir noch miteinander telefoniert. Ob die Geschwindigkeitsbegrenzung an der Magdeburger Autobahnbr\u00fccke noch besteht, wei\u00df ich nicht. Ich fahre immer mit der Bahn nach Berlin und zur\u00fcck. In dem Heft &gt;dffb vollj\u00e4hrig&lt; von 1984, wo vorne das Bild einer Schauspielerin und das von Heinz Rathsack zu sehen ist, antwortet Martin Streit auf die Frage, ob er noch Utopien habe. (Wenn m\u00f6glich, ausf\u00fchrlich beschreiben): &gt;Ich m\u00f6cht&#8216; einer gewesen sein wie Petersen einmal einer sein wird.***&lt; <\/span><\/span><\/p>\n<p align=\"justify\"><span style=\"font-family: Ubuntu;\"><span style=\"font-size: large;\">Ps: <\/span><\/span><span style=\"font-family: Ubuntu;\"><span style=\"font-size: large;\">* Der fertige Film tr\u00e4gt den Titel:<\/span><\/span><span style=\"font-family: Ubuntu;\"><span style=\"font-size: large;\"> &gt;Deine Freizeit geh\u00f6rt dir noch nicht&lt; Im Vorspann sind die Filmemacher genannt: Berthold Podlasly, Michael Mosolff, Martin Streit und ich (Jens Meyer). Nat\u00fcrlich alphabetisch geordnet, wie sich das geh\u00f6rt.<br \/><\/span><\/span><\/p>\n<p align=\"justify\"><span style=\"font-family: Ubuntu;\"><span style=\"font-size: large;\">** Kuchek\u00e4schtle = K\u00fcchenschrank<\/span><\/span><\/p>\n<p align=\"justify\"><span style=\"font-family: Ubuntu;\"><span style=\"font-size: large;\">*** Gemeint hat Martin Streit vermutlich den Wolfgang Petersen, dessen dffb Abschlu\u00dffilm den Titel trug: &gt;Ich werde dich t\u00f6ten, Wolf&lt;. Auch der zweite aus unserem Grundkurstrio, Berthold Podlasly, hat sich umgebracht. So bin ich der \u00dcbriggebliebene dieses Trios. Auch dieser Satz kommt aus dem Kino: &gt;Die Besten sterben immer zuerst&lt; Und aus welchem Film ist dieser Satz? Hah, da kommt ihr nie drauf! Da k\u00f6nnt ihr lange raten! Huch, ich hatte ganz vergessen, ihr habt ja jetzt Maschinen, die f\u00fcr euch suchen! Na, dann mal los!<\/span><\/span><\/p>\n<p align=\"justify\"><span style=\"font-family: Ubuntu;\"><span style=\"font-size: large;\"> Jens Meyer 4. November 2018 <\/span><\/span><\/p>\n<p align=\"justify\">\u00a0<\/p>\n<p align=\"justify\"><span style=\"font-family: Ubuntu;\"><span style=\"font-size: large;\">Und hier ist des R\u00e4tsels L\u00f6sung: Sie stammt aus der deutschen Synchronisation von &#8222;Fanfan, der Husar&#8220; (Fanfan la tulipe) von Christian-Jaque und wird dem Schauspieler G\u00e9rard Philipe in den Mund gelegt. Das ist seine Antwort auf den Satz seines Vorgesetzten, der behauptet hatte, man h\u00e4tte ihm im Krieg schon vier Pferde unter dem Arsch weggeschossen. 26. Oktober 2021<a href=\"http:\/\/www.medienberatungev.org\/?attachment_id=7687\" rel=\"attachment wp-att-7687\">.<img loading=\"lazy\" decoding=\"async\" class=\"wp-image-7687 alignright\" src=\"http:\/\/www.medienberatungev.org\/wp-content\/uploads\/2018\/08\/milpferd_einauge-1024x686.jpg\" alt=\"\" width=\"186\" height=\"124\" \/><\/a><a href=\"http:\/\/www.medienberatungev.org\/?attachment_id=8096\" rel=\"attachment wp-att-8096\"><img loading=\"lazy\" decoding=\"async\" class=\"wp-image-8096 aligncenter\" src=\"http:\/\/www.medienberatungev.org\/wp-content\/uploads\/2018\/11\/dreharbeitenmitunsnichtmehr-1024x742.jpg\" alt=\"\" width=\"515\" height=\"373\" \/><\/a><\/span><\/span><a href=\"http:\/\/www.medienberatungev.org\/?attachment_id=8101\" rel=\"attachment wp-att-8101\"><img loading=\"lazy\" decoding=\"async\" class=\"wp-image-8101 aligncenter\" src=\"http:\/\/www.medienberatungev.org\/wp-content\/uploads\/2018\/11\/3001kino02032011klein.jpg\" alt=\"\" width=\"515\" height=\"346\" srcset=\"https:\/\/www.medienberatungev.org\/wp-content\/uploads\/2018\/11\/3001kino02032011klein.jpg 780w, https:\/\/www.medienberatungev.org\/wp-content\/uploads\/2018\/11\/3001kino02032011klein-300x201.jpg 300w, https:\/\/www.medienberatungev.org\/wp-content\/uploads\/2018\/11\/3001kino02032011klein-768x515.jpg 768w\" sizes=\"auto, (max-width: 515px) 85vw, 515px\" \/><\/a><a href=\"http:\/\/www.medienberatungev.org\/?attachment_id=8103\" rel=\"attachment wp-att-8103\"><img loading=\"lazy\" decoding=\"async\" class=\"wp-image-8103 aligncenter\" src=\"http:\/\/www.medienberatungev.org\/wp-content\/uploads\/2018\/11\/IMG_6796dffbDeineFreizeit-1024x1024.jpg\" alt=\"\" width=\"217\" height=\"217\" \/><\/a><a href=\"http:\/\/www.medienberatungev.org\/?attachment_id=7995\" rel=\"attachment wp-att-7995\"><img loading=\"lazy\" decoding=\"async\" class=\"wp-image-7995 alignright\" src=\"http:\/\/www.medienberatungev.org\/wp-content\/uploads\/2018\/10\/Tieresehendichan2klein.jpg\" alt=\"\" width=\"95\" height=\"73\" \/><\/a><\/p>\n\n\n<div class=\"wp-block-image\"><figure class=\"alignright size-large is-resized\"><img loading=\"lazy\" decoding=\"async\" src=\"https:\/\/www.medienberatungev.org\/wp-content\/uploads\/2021\/08\/By-nc-sa_color-e1630525890316.png\" alt=\"cc\" class=\"wp-image-15670\" width=\"204\" height=\"138\"\/><\/figure><\/div>\n\n\n\n<figure class=\"wp-block-image size-large is-resized\"><img loading=\"lazy\" decoding=\"async\" src=\"https:\/\/www.medienberatungev.org\/wp-content\/uploads\/2017\/07\/G\u00fcnterThews-1024x687.jpg\" alt=\"\" class=\"wp-image-8066\" width=\"345\" height=\"232\"\/><figcaption>Tonmann G\u00fcnther Thews in einer Arbeitspause<br><\/figcaption><\/figure>\n\n\n\n<figure class=\"wp-block-image size-large\"><img loading=\"lazy\" decoding=\"async\" width=\"678\" height=\"449\" src=\"https:\/\/www.medienberatungev.org\/wp-content\/uploads\/2021\/10\/1979-083bw-22-Henry-Angst-1.jpg\" alt=\"\" class=\"wp-image-16699\"\/><figcaption>Foto Jochen Hergersberg Berlin 1979<\/figcaption><\/figure>\n","protected":false},"excerpt":{"rendered":"<p>Kuchek\u00e4schtle. Wir mochten uns. Martin Streit und ich. Sp\u00e4ter kam noch Berthold Podlasly dazu. An Martin denke ich manchmal. An Berthold auch. Wir hatten eine \u00e4hnliche Biografie vor der dffb. Waren auf der Proletenwelle in die Akademie gesp\u00fclt worden. Wir wollten viel und schnell lernen, um damit weg von den Proleten zu kommen. Viele Mitstudenten &hellip; <a href=\"https:\/\/www.medienberatungev.org\/?p=8095\" class=\"more-link\"><span class=\"screen-reader-text\">\u201eKuchek\u00e4schtle\u201c<\/span> weiterlesen<\/a><\/p>\n","protected":false},"author":2,"featured_media":0,"comment_status":"open","ping_status":"open","sticky":false,"template":"","format":"standard","meta":{"footnotes":""},"categories":[4327,4328,4329,4326,1,4330],"tags":[4334,4342,4335,78,4338,7167,4339,1808,4346,1748,7168,4331,4332,4343,4333,4348,4340,4345,4344,4347,4337,4341,4336],"class_list":["post-8095","post","type-post","status-publish","format-standard","hentry","category-4327","category-arri-bl","category-inga","category-kuchekaeschtle","category-uncategorized","category-westgeld","tag-berthold-podlasly","tag-buckel-volvo","tag-deine-freizeit-gehoert-dir-noch-nicht","tag-dffb","tag-die-besten-sterben-immer-zuerst","tag-elisabeth-waelchli","tag-fanfan-der-husar","tag-guenther-thews","tag-heinz-rathsack","tag-jens-meyer","tag-klaus-schroeder","tag-kuchekaeschtle","tag-kuechenschrank","tag-magedeburger-elbbruecke","tag-martin-streit","tag-michael-mosolff","tag-real-existierender-sozialismus","tag-schweizer-buerger","tag-schweizer-kennzeichen","tag-utopien","tag-volkspolizisten","tag-volvo","tag-wolfgang-petersen"],"_links":{"self":[{"href":"https:\/\/www.medienberatungev.org\/index.php?rest_route=\/wp\/v2\/posts\/8095","targetHints":{"allow":["GET"]}}],"collection":[{"href":"https:\/\/www.medienberatungev.org\/index.php?rest_route=\/wp\/v2\/posts"}],"about":[{"href":"https:\/\/www.medienberatungev.org\/index.php?rest_route=\/wp\/v2\/types\/post"}],"author":[{"embeddable":true,"href":"https:\/\/www.medienberatungev.org\/index.php?rest_route=\/wp\/v2\/users\/2"}],"replies":[{"embeddable":true,"href":"https:\/\/www.medienberatungev.org\/index.php?rest_route=%2Fwp%2Fv2%2Fcomments&post=8095"}],"version-history":[{"count":25,"href":"https:\/\/www.medienberatungev.org\/index.php?rest_route=\/wp\/v2\/posts\/8095\/revisions"}],"predecessor-version":[{"id":16711,"href":"https:\/\/www.medienberatungev.org\/index.php?rest_route=\/wp\/v2\/posts\/8095\/revisions\/16711"}],"wp:attachment":[{"href":"https:\/\/www.medienberatungev.org\/index.php?rest_route=%2Fwp%2Fv2%2Fmedia&parent=8095"}],"wp:term":[{"taxonomy":"category","embeddable":true,"href":"https:\/\/www.medienberatungev.org\/index.php?rest_route=%2Fwp%2Fv2%2Fcategories&post=8095"},{"taxonomy":"post_tag","embeddable":true,"href":"https:\/\/www.medienberatungev.org\/index.php?rest_route=%2Fwp%2Fv2%2Ftags&post=8095"}],"curies":[{"name":"wp","href":"https:\/\/api.w.org\/{rel}","templated":true}]}}