{"id":8170,"date":"2018-11-27T20:22:00","date_gmt":"2018-11-27T20:22:00","guid":{"rendered":"http:\/\/www.medienberatungev.org\/?p=8170"},"modified":"2018-11-27T20:26:03","modified_gmt":"2018-11-27T20:26:03","slug":"die-obrigkeit-und-das-sauerkraut","status":"publish","type":"post","link":"https:\/\/www.medienberatungev.org\/?p=8170","title":{"rendered":"Die Obrigkeit und das Sauerkraut"},"content":{"rendered":"<p>G\u00fcnter hat viele gute Sachen gesagt, aber am besten finde ich immer noch seinen Satz \u00fcber die Obrigkeit und das Sauerkraut: Originalton G\u00fcnter Thews (Drei Tornados)<strong> <em>&#8222;Die Obrigkeit tritt immer nur auf der Stelle. Und wer immer nur auf der Stelle tritt, kann nur eins produzieren: Sauerkraut.&#8220;<\/em><\/strong> Haste Recht, G\u00fcnter.<a href=\"http:\/\/www.medienberatungev.org\/?attachment_id=7364\" rel=\"attachment wp-att-7364\"><img loading=\"lazy\" decoding=\"async\" class=\"aligncenter size-large wp-image-7364\" src=\"http:\/\/www.medienberatungev.org\/wp-content\/uploads\/2018\/06\/Tieresehendichan13-1024x725.jpg\" alt=\"\" width=\"640\" height=\"453\" \/><\/a><\/p>\n<p><a href=\"http:\/\/www.medienberatungev.org\/?attachment_id=8171\" rel=\"attachment wp-att-8171\"><img loading=\"lazy\" decoding=\"async\" class=\"aligncenter size-large wp-image-8171\" src=\"http:\/\/www.medienberatungev.org\/wp-content\/uploads\/2018\/11\/BlickaufUelzenklein-1024x750.jpg\" alt=\"\" width=\"640\" height=\"469\" \/><\/a><a href=\"http:\/\/www.medienberatungev.org\/?attachment_id=8172\" rel=\"attachment wp-att-8172\"><img loading=\"lazy\" decoding=\"async\" class=\"aligncenter size-large wp-image-8172\" src=\"http:\/\/www.medienberatungev.org\/wp-content\/uploads\/2018\/11\/DreiTornadosTrikontCD-1024x878.jpg\" alt=\"\" width=\"640\" height=\"549\" srcset=\"https:\/\/www.medienberatungev.org\/wp-content\/uploads\/2018\/11\/DreiTornadosTrikontCD-1024x878.jpg 1024w, https:\/\/www.medienberatungev.org\/wp-content\/uploads\/2018\/11\/DreiTornadosTrikontCD-300x257.jpg 300w, https:\/\/www.medienberatungev.org\/wp-content\/uploads\/2018\/11\/DreiTornadosTrikontCD-768x659.jpg 768w, https:\/\/www.medienberatungev.org\/wp-content\/uploads\/2018\/11\/DreiTornadosTrikontCD.jpg 1565w\" sizes=\"auto, (max-width: 709px) 85vw, (max-width: 909px) 67vw, (max-width: 984px) 61vw, (max-width: 1362px) 45vw, 600px\" \/><\/a><a href=\"http:\/\/www.medienberatungev.org\/?attachment_id=8173\" rel=\"attachment wp-att-8173\"><img loading=\"lazy\" decoding=\"async\" class=\"aligncenter size-large wp-image-8173\" src=\"http:\/\/www.medienberatungev.org\/wp-content\/uploads\/2018\/11\/IMG_1695-e1543349946592-768x1024.jpg\" alt=\"\" width=\"640\" height=\"853\" \/><\/a><a href=\"http:\/\/www.medienberatungev.org\/?attachment_id=8066\" rel=\"attachment wp-att-8066\"><img loading=\"lazy\" decoding=\"async\" class=\"aligncenter size-large wp-image-8066\" src=\"http:\/\/www.medienberatungev.org\/wp-content\/uploads\/2017\/07\/G\u00fcnterThews-1024x687.jpg\" alt=\"\" width=\"640\" height=\"429\" \/><\/a><a href=\"http:\/\/www.medienberatungev.org\/?attachment_id=8064\" rel=\"attachment wp-att-8064\"><img loading=\"lazy\" decoding=\"async\" class=\"aligncenter size-large wp-image-8064\" src=\"http:\/\/www.medienberatungev.org\/wp-content\/uploads\/2017\/07\/CDH\u00fclleDreiTornados-1024x891.jpg\" alt=\"\" width=\"640\" height=\"557\" \/><\/a><a href=\"http:\/\/www.medienberatungev.org\/?attachment_id=7682\" rel=\"attachment wp-att-7682\"><img loading=\"lazy\" decoding=\"async\" class=\"wp-image-7682 alignleft\" src=\"http:\/\/www.medienberatungev.org\/wp-content\/uploads\/2018\/08\/By-nc-sa_color.png\" alt=\"\" width=\"150\" height=\"101\" srcset=\"https:\/\/www.medienberatungev.org\/wp-content\/uploads\/2018\/08\/By-nc-sa_color.png 720w, https:\/\/www.medienberatungev.org\/wp-content\/uploads\/2018\/08\/By-nc-sa_color-300x203.png 300w\" sizes=\"auto, (max-width: 150px) 85vw, 150px\" \/><\/a>Fotos (ausser Trikont) Jens Meyer<\/p>\n<p>Blick auf Uelzen Rudolf Heinrich Meyer, die anderen Fotos sind von G. Klaut.<a href=\"http:\/\/www.medienberatungev.org\/?attachment_id=7681\" rel=\"attachment wp-att-7681\"><img loading=\"lazy\" decoding=\"async\" class=\"wp-image-7681 alignright\" src=\"http:\/\/www.medienberatungev.org\/wp-content\/uploads\/2018\/08\/nilpferd_tumb-1024x816.png\" alt=\"\" width=\"102\" height=\"81\" \/><\/a><\/p>\n","protected":false},"excerpt":{"rendered":"<p>G\u00fcnter hat viele gute Sachen gesagt, aber am besten finde ich immer noch seinen Satz \u00fcber die Obrigkeit und das Sauerkraut: Originalton G\u00fcnter Thews (Drei Tornados) &#8222;Die Obrigkeit tritt immer nur auf der Stelle. Und wer immer nur auf der Stelle tritt, kann nur eins produzieren: Sauerkraut.&#8220; Haste Recht, G\u00fcnter. Fotos (ausser Trikont) Jens Meyer &hellip; <a href=\"https:\/\/www.medienberatungev.org\/?p=8170\" class=\"more-link\"><span class=\"screen-reader-text\">\u201eDie Obrigkeit und das Sauerkraut\u201c<\/span> weiterlesen<\/a><\/p>\n","protected":false},"author":2,"featured_media":0,"comment_status":"open","ping_status":"open","sticky":false,"template":"","format":"standard","meta":{"footnotes":""},"categories":[4403,4404,1],"tags":[4401,4402,4303,4307],"class_list":["post-8170","post","type-post","status-publish","format-standard","hentry","category-obrigkeit","category-sauerkraut","category-uncategorized","tag-die-obrigkeit-und-das-sauerkraut","tag-drei-tornados","tag-guenter-thews","tag-trikont"],"_links":{"self":[{"href":"https:\/\/www.medienberatungev.org\/index.php?rest_route=\/wp\/v2\/posts\/8170","targetHints":{"allow":["GET"]}}],"collection":[{"href":"https:\/\/www.medienberatungev.org\/index.php?rest_route=\/wp\/v2\/posts"}],"about":[{"href":"https:\/\/www.medienberatungev.org\/index.php?rest_route=\/wp\/v2\/types\/post"}],"author":[{"embeddable":true,"href":"https:\/\/www.medienberatungev.org\/index.php?rest_route=\/wp\/v2\/users\/2"}],"replies":[{"embeddable":true,"href":"https:\/\/www.medienberatungev.org\/index.php?rest_route=%2Fwp%2Fv2%2Fcomments&post=8170"}],"version-history":[{"count":3,"href":"https:\/\/www.medienberatungev.org\/index.php?rest_route=\/wp\/v2\/posts\/8170\/revisions"}],"predecessor-version":[{"id":8176,"href":"https:\/\/www.medienberatungev.org\/index.php?rest_route=\/wp\/v2\/posts\/8170\/revisions\/8176"}],"wp:attachment":[{"href":"https:\/\/www.medienberatungev.org\/index.php?rest_route=%2Fwp%2Fv2%2Fmedia&parent=8170"}],"wp:term":[{"taxonomy":"category","embeddable":true,"href":"https:\/\/www.medienberatungev.org\/index.php?rest_route=%2Fwp%2Fv2%2Fcategories&post=8170"},{"taxonomy":"post_tag","embeddable":true,"href":"https:\/\/www.medienberatungev.org\/index.php?rest_route=%2Fwp%2Fv2%2Ftags&post=8170"}],"curies":[{"name":"wp","href":"https:\/\/api.w.org\/{rel}","templated":true}]}}