{"id":8413,"date":"2019-03-02T21:54:54","date_gmt":"2019-03-02T21:54:54","guid":{"rendered":"http:\/\/www.medienberatungev.org\/?p=8413"},"modified":"2019-03-12T21:28:47","modified_gmt":"2019-03-12T21:28:47","slug":"galerie-lazarus-wexstrasse","status":"publish","type":"post","link":"https:\/\/www.medienberatungev.org\/?p=8413","title":{"rendered":"Gallery Lazarus Wexstrasse"},"content":{"rendered":"<p style=\"text-align: left;\"><a href=\"http:\/\/www.medienberatungev.org\/?attachment_id=8414\" rel=\"attachment wp-att-8414\"><img loading=\"lazy\" decoding=\"async\" class=\"size-full wp-image-8414 alignleft\" src=\"http:\/\/www.medienberatungev.org\/wp-content\/uploads\/2019\/03\/WernerHenselhafen-19.jpg\" alt=\"\" width=\"300\" height=\"415\" srcset=\"https:\/\/www.medienberatungev.org\/wp-content\/uploads\/2019\/03\/WernerHenselhafen-19.jpg 300w, https:\/\/www.medienberatungev.org\/wp-content\/uploads\/2019\/03\/WernerHenselhafen-19-217x300.jpg 217w\" sizes=\"auto, (max-width: 300px) 85vw, 300px\" \/><\/a><a href=\"http:\/\/www.medienberatungev.org\/?attachment_id=7994\" rel=\"attachment wp-att-7994\"><img loading=\"lazy\" decoding=\"async\" class=\"wp-image-7994 alignright\" src=\"http:\/\/www.medienberatungev.org\/wp-content\/uploads\/2018\/10\/Tieresehendichan3klein.jpg\" alt=\"\" width=\"176\" height=\"134\" \/><\/a><a href=\"http:\/\/www.medienberatungev.org\/?attachment_id=7682\" rel=\"attachment wp-att-7682\"><img loading=\"lazy\" decoding=\"async\" class=\"wp-image-7682 alignright\" src=\"http:\/\/www.medienberatungev.org\/wp-content\/uploads\/2018\/08\/By-nc-sa_color.png\" alt=\"\" width=\"182\" height=\"123\" srcset=\"https:\/\/www.medienberatungev.org\/wp-content\/uploads\/2018\/08\/By-nc-sa_color.png 720w, https:\/\/www.medienberatungev.org\/wp-content\/uploads\/2018\/08\/By-nc-sa_color-300x203.png 300w\" sizes=\"auto, (max-width: 182px) 85vw, 182px\" \/><\/a>Galerie Lazarus<\/p>\n<p>Hamburg Wexstrasse Foto Werner Hensel<\/p>\n<p><span style=\"font-family: Ubuntu;\"><span style=\"font-size: large;\">Einige dieser Fotografien von Werner Hensel und Rudolf Heinrich Meyer sind als Glasnegative im Format 9 x 12 vorhanden. Wer eine Vergr\u00f6\u00dferung auf Barytpapier k\u00e4uflich erwerben m\u00f6chte, wendet sich an:<a href=\"http:\/\/www.medienberatungev.org\/?attachment_id=8773\" rel=\"attachment wp-att-8773\"><img loading=\"lazy\" decoding=\"async\" class=\"wp-image-8773 alignright\" src=\"http:\/\/www.medienberatungev.org\/wp-content\/uploads\/2019\/03\/Gescanntes-Dokument.jpg\" alt=\"\" width=\"126\" height=\"78\" \/><\/a><\/span><\/span><a href=\"http:\/\/www.medienberatungev.org\/?attachment_id=8642\" rel=\"attachment wp-att-8642\"><img loading=\"lazy\" decoding=\"async\" class=\"wp-image-8642 alignleft\" src=\"http:\/\/www.medienberatungev.org\/wp-content\/uploads\/2019\/03\/milpferd_einauge-1024x686.jpg\" alt=\"\" width=\"131\" height=\"88\" srcset=\"https:\/\/www.medienberatungev.org\/wp-content\/uploads\/2019\/03\/milpferd_einauge-1024x686.jpg 1024w, https:\/\/www.medienberatungev.org\/wp-content\/uploads\/2019\/03\/milpferd_einauge-300x201.jpg 300w, https:\/\/www.medienberatungev.org\/wp-content\/uploads\/2019\/03\/milpferd_einauge-768x515.jpg 768w, https:\/\/www.medienberatungev.org\/wp-content\/uploads\/2019\/03\/milpferd_einauge.jpg 1070w\" sizes=\"auto, (max-width: 131px) 85vw, 131px\" \/><\/a><a href=\"http:\/\/www.medienberatungev.org\/?attachment_id=8613\" rel=\"attachment wp-att-8613\"><img loading=\"lazy\" decoding=\"async\" class=\"wp-image-8613 alignleft\" src=\"http:\/\/www.medienberatungev.org\/wp-content\/uploads\/2019\/03\/WernerHensel13-741x1024.jpg\" alt=\"\" width=\"298\" height=\"412\" \/><\/a><a href=\"http:\/\/www.medienberatungev.org\/?attachment_id=2033\" rel=\"attachment wp-att-2033\"><img loading=\"lazy\" decoding=\"async\" class=\"wp-image-2033 alignnone\" src=\"http:\/\/www.medienberatungev.org\/wp-content\/uploads\/2016\/10\/WernerHensel4-4-1024x780.jpg\" alt=\"\" width=\"316\" height=\"240\" \/><\/a><a href=\"http:\/\/www.medienberatungev.org\/?attachment_id=8792\" rel=\"attachment wp-att-8792\"><img loading=\"lazy\" decoding=\"async\" class=\"wp-image-8792 alignright\" src=\"http:\/\/www.medienberatungev.org\/wp-content\/uploads\/2019\/03\/WerHenselGlasnegativHafen3-1024x767.jpg\" alt=\"\" width=\"275\" height=\"206\" srcset=\"https:\/\/www.medienberatungev.org\/wp-content\/uploads\/2019\/03\/WerHenselGlasnegativHafen3-1024x767.jpg 1024w, https:\/\/www.medienberatungev.org\/wp-content\/uploads\/2019\/03\/WerHenselGlasnegativHafen3-300x225.jpg 300w, https:\/\/www.medienberatungev.org\/wp-content\/uploads\/2019\/03\/WerHenselGlasnegativHafen3-768x576.jpg 768w, https:\/\/www.medienberatungev.org\/wp-content\/uploads\/2019\/03\/WerHenselGlasnegativHafen3.jpg 1465w\" sizes=\"auto, (max-width: 275px) 85vw, 275px\" \/><\/a><\/p>\n","protected":false},"excerpt":{"rendered":"<p>Galerie Lazarus Hamburg Wexstrasse Foto Werner Hensel Einige dieser Fotografien von Werner Hensel und Rudolf Heinrich Meyer sind als Glasnegative im Format 9 x 12 vorhanden. Wer eine Vergr\u00f6\u00dferung auf Barytpapier k\u00e4uflich erwerben m\u00f6chte, wendet sich an:<\/p>\n","protected":false},"author":2,"featured_media":0,"comment_status":"open","ping_status":"open","sticky":false,"template":"","format":"standard","meta":{"footnotes":""},"categories":[2358,876,1245,4602,4246,4601,4604,4603,4245,1610,1817,1,4195,1609,2257],"tags":[1538,4605,3711],"class_list":["post-8413","post","type-post","status-publish","format-standard","hentry","category-2358","category-elbe","category-fotoarchiv-jens-meyer","category-fotograf-rudolf-heinrich-meyer","category-fotograf-walter-kellinghusen","category-fotograf-werner-hensel","category-freie-vereinigung-von-amateurphotographen","category-galerie-lazarus","category-photograph-walter-kellinghusen","category-rudolf-heinrich-meyer","category-rudolf-heinrich-meyer-fotograf","category-uncategorized","category-walter-kellinghusen","category-werner-hensel","category-werner-hensel-fotograf","tag-fotograf","tag-galerie-lazarus","tag-werner-hensel"],"_links":{"self":[{"href":"https:\/\/www.medienberatungev.org\/index.php?rest_route=\/wp\/v2\/posts\/8413","targetHints":{"allow":["GET"]}}],"collection":[{"href":"https:\/\/www.medienberatungev.org\/index.php?rest_route=\/wp\/v2\/posts"}],"about":[{"href":"https:\/\/www.medienberatungev.org\/index.php?rest_route=\/wp\/v2\/types\/post"}],"author":[{"embeddable":true,"href":"https:\/\/www.medienberatungev.org\/index.php?rest_route=\/wp\/v2\/users\/2"}],"replies":[{"embeddable":true,"href":"https:\/\/www.medienberatungev.org\/index.php?rest_route=%2Fwp%2Fv2%2Fcomments&post=8413"}],"version-history":[{"count":9,"href":"https:\/\/www.medienberatungev.org\/index.php?rest_route=\/wp\/v2\/posts\/8413\/revisions"}],"predecessor-version":[{"id":8793,"href":"https:\/\/www.medienberatungev.org\/index.php?rest_route=\/wp\/v2\/posts\/8413\/revisions\/8793"}],"wp:attachment":[{"href":"https:\/\/www.medienberatungev.org\/index.php?rest_route=%2Fwp%2Fv2%2Fmedia&parent=8413"}],"wp:term":[{"taxonomy":"category","embeddable":true,"href":"https:\/\/www.medienberatungev.org\/index.php?rest_route=%2Fwp%2Fv2%2Fcategories&post=8413"},{"taxonomy":"post_tag","embeddable":true,"href":"https:\/\/www.medienberatungev.org\/index.php?rest_route=%2Fwp%2Fv2%2Ftags&post=8413"}],"curies":[{"name":"wp","href":"https:\/\/api.w.org\/{rel}","templated":true}]}}