{"id":8573,"date":"2019-03-06T13:29:47","date_gmt":"2019-03-06T13:29:47","guid":{"rendered":"http:\/\/www.medienberatungev.org\/?p=8573"},"modified":"2022-06-08T07:46:29","modified_gmt":"2022-06-08T07:46:29","slug":"auf-der-suche-nach-ludwig-averdieck","status":"publish","type":"post","link":"https:\/\/www.medienberatungev.org\/?p=8573","title":{"rendered":"Auf der Suche nach Ludwig Averdieck"},"content":{"rendered":"<p align=\"justify\"><span style=\"font-family: Ubuntu;\"><span style=\"font-size: large;\"><a href=\"http:\/\/www.medienberatungev.org\/?attachment_id=8582\" rel=\"attachment wp-att-8582\"><img loading=\"lazy\" decoding=\"async\" class=\"aligncenter wp-image-8582\" src=\"http:\/\/www.medienberatungev.org\/wp-content\/uploads\/2019\/03\/LudwigAverdieckklein.jpg\" alt=\"\" width=\"669\" height=\"514\" srcset=\"https:\/\/www.medienberatungev.org\/wp-content\/uploads\/2019\/03\/LudwigAverdieckklein.jpg 747w, https:\/\/www.medienberatungev.org\/wp-content\/uploads\/2019\/03\/LudwigAverdieckklein-300x231.jpg 300w\" sizes=\"auto, (max-width: 709px) 85vw, (max-width: 909px) 67vw, (max-width: 984px) 61vw, (max-width: 1362px) 45vw, 600px\" \/><\/a>Erinnerungen an die Zukunft der Vergangenheit <\/span><\/span><span style=\"font-family: Ubuntu;\"><span style=\"font-size: large;\">Auf der Suche nach Ludwig Averdieck <\/span><\/span><span style=\"font-family: Ubuntu;\"><span style=\"font-size: large;\">F\u00f6rderantrag f\u00fcr einen Film. <\/span><\/span><span style=\"font-family: Ubuntu;\"><span style=\"font-size: large;\">Exposee (1982) <a href=\"https:\/\/www.medienberatungev.org\/wp-content\/uploads\/2019\/03\/pdfErinnerungenaneinenDeserteur.pdf\">pdfErinnerungenaneinenDeserteur<\/a><\/span><\/span><\/p>\n<p align=\"justify\"><span style=\"font-family: Ubuntu;\"><span style=\"font-size: large;\">Die Gr\u00e4ber wurden gepflegt. Man stieg von Motorrollern auf Kleinwagen um. Unbequeme Menschen waren l\u00e4ngst vergessen. Nur einige Steine mit Namen konnte man noch lesen. Halb vergammelt. Moos und Schimmel bedeckten die Steine. Buchsbaumhecken, Heldengedenksteine. Jeden Sonntag der Ausflug mit meinem Vater zu seinem Vater. Stinkiges Blumenwasser und alte Frauen.<\/span><\/span> <!--more--><\/p>\n<p align=\"justify\"><span style=\"font-family: Ubuntu;\"><span style=\"font-size: large;\">Die Tr\u00fcmmer des letzten, vorletzten Krieges. Unsere Abenteuerspielpl\u00e4tze. An den Heldengedenksteinen lerne ich buchstabieren. Zwei Meter hohe Feldsteine. Oben ein Soldatenhelm &#8211; und dann unser Panzergrenadier, gefallen f\u00fcr das Vaterland bei Stalingrad. Wo ist Stalingrad? Wichtige und unwichtige Tote. Als Kind galt mein Interesse den Unwichtigen. Die, die im Bett gestorben waren. Die, mit den kleinen Grabsteinen. Die, auf deren Grabstein &#8222;vermisst&#8220; stand. Die, auf denen keine Jahreszahl, kein Name, kein Todestag stand.<\/span><\/span><\/p>\n<p align=\"justify\"><span style=\"font-family: Ubuntu;\"><span style=\"font-size: large;\">Mein Onkel soll eine Nazi gewesen sein. Ich kannte ihn nur als Briefmarkensammler. Waren alle Briefmarkensammler Nazis? Vielleicht war ich zehn Jahre alt. Habe immer seine Einladungen bestempelt und mit Briefmarken beklebt. Er war immer ehrlich. So dachte ich jedenfalls damals. Nicht so ein pl\u00f6tzlicher Demokrat, der halb Europa in Schutt und Asche gelegt hatte und hinterher von allem nichts, gar nichts, gewusst hat. Wir spielten Kaiser, K\u00f6nig, Edelmann. Ich erinnere das Lied, wir wollen unseren alten Kaiser Wilhelm wieder haben &#8211; aber nur mit Bart. Aber nur mit Bart! <\/span><\/span><span style=\"font-family: Ubuntu;\"><span style=\"font-size: large;\">Den Bart fand ich immer besonders spannend.<\/span><\/span><\/p>\n<p align=\"justify\"><span style=\"font-family: Ubuntu;\"><span style=\"font-size: large;\">Auf dem Friedhof gab es einen Stein. Von einem, der war vielleicht mit mir verwandt. Er hie\u00df Ludwig Averdieck. Mein Onkel hatte den gleichen Nachnamen. Meine Tante hatte viele Geschwister. Mein Onkel Otto war im ersten Weltkrieg auf einem Pferd gewesen. Artillerie oder so? Ich wollte es wissen. Wer war Ludwig? Ein Bruder? War er verwandt oder nicht? Warum hat er nur so einen kleinen Stein? Warum steht da kein Todestag? War er Soldat, wie die anderen? Doch es ist, wie es ist. Mit 10 oder 12 Jahren. Da war eisiges Schweigen. Was wird da verborgen? <\/span><\/span><\/p>\n<p align=\"justify\"><span style=\"font-family: Ubuntu;\"><span style=\"font-size: large;\">Da gab es eine Schwester meiner Tante. Die war irgendwie nicht ganz richtig im Kopf. Die hatte man auf dem Dachboden untergebracht. Tante Buddi nannten wir Kinder sie. Wir f\u00fchlten uns sehr wohl bei ihr. Sie lag den ganzen Tag im Bett und f\u00fcllte es ganz aus. Man verbot uns oft, sie zu besuchen. Sie h\u00e4tte gut laufen k\u00f6nnen. Sie war nicht irgendwie gehbehindert oder so. Sie war einmal sehr schlank gewesen und sehr sch\u00f6n. Sie heiratete einen, der wurde gleich in den ersten Tagen des Krieges abgeballert. Der Kaiser hat ihr darauf hin ein Schmuckblatt geschickt. <\/span><\/span><\/p>\n<p align=\"justify\"><span style=\"font-family: Ubuntu;\"><span style=\"font-size: large;\">Da war so ein \u201cdeutscher Engel\u201c drauf, der mit einem Soldaten durch die Luft flog. Wahrscheinlich zum Himmel. Meine Tante Maria hat mir mal das Blatt gezeigt. Von ihr erfuhren wir eine ganze Menge \u00fcber Ludwig Averdieck. Er hatte wohl keine Lust gehabt, in den Krieg zu ziehen. Ganz anders, als sonst alle aus der Familie. Die waren alle sehr \u201cnational\u201c. Mit so einem Verwandten, wie Ludwig, wollten sie nichts zu tun haben. Sp\u00e4ter habe ich folgende Geschichte immer wieder gedacht. Der ist abgehauen. Die haben ihn, obwohl sie seinen Standpunkt nicht teilten, lange versteckt. Schlie\u00dflich war es ihr Verwandter. In den letzten Kriegstagen ist er dann aufgegriffen und erschossen worden. Erschossen von der SS. Im Film &#8222;Kirmes&#8220; von Wolfgang Staudte gibt es so einen, gespielt von Horst Schimanski, wie er in den Fernsehserien hie\u00df. Als Staudte &#8222;Kirmes&#8220; gedreht hat, war der Schauspieler G\u00f6tz George noch ganz unbekannt. <\/span><\/span><\/p>\n<p align=\"justify\"><span style=\"font-family: Ubuntu;\"><span style=\"font-size: large;\">Auf dem Grabstein von Ludwig Averdieck steht dann allerdings nur das Jahr &#8211; 1943 &#8211; seines Todes, der Tag fehlt. Im November war ich mal da, das Jahr hab ich vergessen. Hab Blumen hingestellt. Gelbe Blumen. Sentimental? Ja, vielleicht. Vielleicht lags am Nebel. Gelbe Blumen passen gut zu Nebel. <\/span><\/span><\/p>\n<p align=\"justify\"><span style=\"font-family: Ubuntu;\"><span style=\"font-size: large;\">Wahrscheinlich war es alles viel einfacher. Mit Bombenangriffen. Im Juli 1943 gab es diese\u00a0 Bombenangriffe auf Hamburg \u2013 da war der Tod einfacher zu haben, als sp\u00e4ter als Deserteur aufgegriffen und 1945 von SS oder anderen erschossen zu werden. Da habe ich auf dem Friedhof gedacht \u2013 erst die Leute abballern und sich dann an den Tag nicht mehr erinnern k\u00f6nnen. Vielleicht ist es aber auch ganz anders gewesen? Was interessiert mich daran? Jedenfalls nicht, irgend einen Widerstandsk\u00e4mpfer aus zu graben. War er wohl auch nicht. Sondern einen, der keine Lust hatte, wie die anderen aus der Familie, sein Leben f\u00fcr irgend was \u201cH\u00f6heres\u201c hinzugeben. Damit hat er viel mit mir selber zu tun. <\/span><\/span><\/p>\n<p align=\"justify\"><span style=\"font-family: Ubuntu;\"><span style=\"font-size: large;\">Drei Einberufungsbefehle und immer wieder davon gekommen. Mit Tricks. Mit Abhauen. Aber nicht aus irgend welchen ideologischen Gr\u00fcnden \u2013 die Armee ist eine, die die Reichen dieses Landes verteidigen soll oder so. Nee, so was nicht. Obwohl sp\u00e4ter auch solche Hilfskonstruktionen dazu gekommen sind. Und da ist ein zweiter Mensch. Der hat viel mit dem toten Ludwig Averdieck zu tun. <\/span><\/span><\/p>\n<p align=\"justify\"><span style=\"font-family: Ubuntu;\"><span style=\"font-size: large;\">Geboren, als schon aller Schutt beseitigt war. 1960 \u2013 das Jahr des \u201cWirtschaftswunders.\u201c Dicke Zigarre. Wer hat sich da gewundert? Lager Friedland. Die Neubauwohnungen auf unserem Abenteuerspielplatz, ein Wort, das es damals noch gar nicht gab. Vater als 17 &#8211; j\u00e4hriger Flakhelfer. Schon damals habe ich die \u201cNeue Heimat\u201c verflucht. Irgendwann \u2013 da hatten sie schon alle Str\u00e4ucher und B\u00e4ume unseres riesigen Tr\u00fcmmergel\u00e4ndes zusammengefahren. Wir haben dann einen Fl\u00e4chenbrand gelegt, mehr aus Unvorsicht als mit \u00dcberlegung. Noch niemals habe ich so viele Feuerwehren gesehen. Unsinnig \u2013 diese L\u00f6schaktion. In dem Jahr 1960 ist er geboren. Da gabs noch Korbkinderwagen. <\/span><\/span><\/p>\n<p align=\"justify\"><span style=\"font-family: Ubuntu;\"><span style=\"font-size: large;\">Und jetzt ist er bereits zum zweiten Mal durch die Kriegs-Untauglichkeits-Kommission gefallen. Und das ist bald zwanzig Jahre her. Da kannte ich schon die Geschichte. Und die brauchen sie immer noch. Also, sie sind mit ihrer Freundin im Park und da kommt ne Herde Russen \u2013 also gut Amis \u2013 also gut Rocker \u2013 stockbesoffen, schwer bewaffnet und die machen sich an ihre Freundin ran. Was machen sie? Auch die richtige Antwort ist immer noch die gleiche. Sie lautet \u2013 wie vor zwanzig Jahren: &#8222;Ich werfe meine Waffe weg und bitte die Herren, mit der Vergewaltigung aufzuh\u00f6ren.&#8220;<\/span><\/span><\/p>\n<p align=\"justify\"><span style=\"font-family: Ubuntu;\"><span style=\"font-size: large;\">Ich hab das nicht geglaubt. Doch so steht es im Verhandlungsprotokoll. Ich bin sein Onkel. Mein Neffe, 22 Jahre, Abitur, arbeitslos. Und da sitzen die gleichen Leute von der Sorte, die schon Ludwig Averdieck zum ersten und zum vorletzten Krieg holen wollten. <\/span><\/span><\/p>\n<p align=\"justify\"><span style=\"font-family: Ubuntu;\"><span style=\"font-size: large;\">Doch auf der anderen Seite diesmal jemand, der die feste Vorstellung hat, er k\u00f6nne jemanden von seiner Meinung \u00fcberzeugen. Der nicht versucht, alle m\u00f6glichen Tricks anzuwenden \u2013 um diesen Herren zu entkommen. Dem Klempnermeister \u2013 dem Herren von der Innung, der seine Pflicht tut, dem B\u00e4ckereiinhaber, dem verarmten Adligen. <\/span><\/span><\/p>\n<p align=\"justify\"><span style=\"font-family: Ubuntu;\"><span style=\"font-size: large;\">Leute, die keine eigenen Interessen haben. Die aber dennoch die Interessen anderer hier wahrnehmen und das nicht ein einziges Mal in ihrem Leben gemerkt haben. <\/span><\/span><\/p>\n<p align=\"justify\"><span style=\"font-family: Ubuntu;\"><span style=\"font-size: large;\">Das sind die, die immer 40 Mark bekommen, nach jeder W\u00e4hrungsreform, nach jedem verlorenen Krieg. Die dann ihre wertlosen Sparb\u00fccher weggeschmissen haben. Eigentlich hat der Neffe Recht. Sie m\u00fcssten zu \u00fcberzeugen sein \u2013 aber seit Generationen haben sie immer Angst um ihre silbernen L\u00f6ffel gehabt. Vielleicht w\u00e4re es doch ganz gut, wenn man w\u00fcsste, wie man sone MP zusammenbaut \u2013 oder wie man unseren &#8222;Leo&#8220;, wie er z\u00e4rtlich von den Kollegen aus der Panzerhalle von Blohm &amp; Voss, genannt wird, den\u00a0 Leopard Panzer in Gang kriegt. <\/span><\/span><\/p>\n<p align=\"justify\"><span style=\"font-family: Ubuntu;\"><span style=\"font-size: large;\">Ich \u00e4rgere mich manchmal dar\u00fcber, dass ich das nicht kann: Eine MP zusammenbauen, einen Panzer zu steuern. Vielleicht k\u00f6nnen wirs doch mal irgend wann gebrauchen \u2013 dann ist das Wissen darum ganz n\u00fctzlich. Nein \u2013 er will das nicht. Aber das Problem sind doch nicht die Waffen, sondern wer die Waffentr\u00e4ger unter sich hat, welche Befehle er gibt, in wessen Interesse er handelt. &#8222;Nein, ich will nichts damit zu tun haben.&#8220; Aber dann w\u00e4re es vielleicht mal ganz gut, wenn du mal ne Zeitlang umziehst, da hin, wo sie dich nicht holen k\u00f6nnen. &#8222;Nein, ich will mein Recht.&#8220; Und seine Richter will er \u00fcberzeugen. &#8222;Aber \u00fcberlegs dir doch noch mal. Die haben ne bestimmte Erfolgsquote zu erf\u00fcllen. <\/span><\/span><\/p>\n<p align=\"justify\"><span style=\"font-family: Ubuntu;\"><span style=\"font-size: large;\">Die haben einen Bedarf bei der Bundeswehr und der mu\u00df gedeckt werden. Sagen wir mal: Von den bundeswehrtauglichen Jugendlichen brauchen sie 60 % aus deinem Jahrgang. Also k\u00f6nnen sie jeden dritten Verweigerer anerkennen. Wenn sie mehr Kriegsdienstverweigerer anerkennen, dann gibts Pr\u00fcgel. Also vielleicht k\u00f6nnen sie das mal machen, aber insgesamt muss es sich immer wieder ausgleichen, rechnen.&#8220; <\/span><\/span><\/p>\n<p align=\"justify\"><span style=\"font-family: Ubuntu;\"><span style=\"font-size: large;\">Aber er schminkt sich das nicht ab. Er will sein Recht. Und er will \u00fcberzeugen.<\/span><\/span><\/p>\n<p align=\"justify\"><span style=\"font-family: Ubuntu;\"><span style=\"font-size: large;\">Seit zwei Jahren baue ich Kriegsschiffe. F\u00fcr irgendwelche Kriege, die irgend wann, irgendwo stattfinden werden. Es gibt kaum andere Arbeit f\u00fcr Maschinenschlosser. Die Arbeitsbedingungen sind noch nicht so, wie sonst an den Flie\u00dfb\u00e4ndern, wo die Leute durch die Arbeit kaputt gemacht werden. Die nicht erst in den Krieg geschickt werden m\u00fcssen, um jede Trostlosigkeit ertragen zu lernen. Und um mit meinem Kopf weiterhin klar zu kommen, gibt es f\u00fcr mich allerlei Hilfskonstruktionen. Eine davon: <\/span><\/span><\/p>\n<p align=\"justify\"><span style=\"font-family: Ubuntu;\"><span style=\"font-size: large;\">Wir haben keinen Einflu\u00df auf die Auswahl der Produkte, die wir fertigen. Das, woran am meisten verdient wird, das wird gebaut. Ein Arbeitskreis alternativer Fertigung bei Blohm &amp; Voss trifft sich einmal im Monat au\u00dferhalb des Betriebes. Wir schreiben Papiere. Auch Leute, die es nicht wissen und nicht wissen wollen, sind in der R\u00fcstungsproduktion besch\u00e4ftigt. <\/span><\/span><\/p>\n<p align=\"justify\"><span style=\"font-family: Ubuntu;\"><span style=\"font-size: large;\">Die gesamte Elektronik, der Motorenbau, alles kann auch und wird auch vorwiegend in Kriegsschiffen eingebaut. Ich versuche, mich zu wehren, so gut ich eben kann. Aber, wenn du jeden Tag \u00fcberlegst, welche Schei\u00dfe du nun wieder zusammen montiert hast, dann bist du \u2013 \u00fcber kurz oder lang \u2013 nicht mehr arbeitsf\u00e4hig. Ich demonstriere gegen den Krieg und seine Befehlshaber, gegen die, die daran verdienen, verdient haben und daran verdienen werden. Ich versuche, langfristige Fehler einzubauen. <\/span><\/span><\/p>\n<p align=\"justify\"><span style=\"font-family: Ubuntu;\"><span style=\"font-size: large;\">Langfristige Fehler sind solche, die erst nach der Garantie, nach der Gew\u00e4hrleistung, von zwei Jahren auftreten. Aber ich freue mich auch, wenn ein Lagerschaden auftritt und \u201cMehrkosten\u201c verursacht. Vor kurzem habe ich mit einer Gu\u00dfeisenbohrmaschine gearbeitet. Die mu\u00dften wir mit zwei Mann tragen \u2013 Konus 4 &#8211; Luftantrieb &#8211; . Mein Kollege bemerkte richtig \u2013 &#8222;mit der Maschine haben sie schon das Schlachtschiff Bismarck gebaut &#8211; .&#8220; <\/span><\/span><\/p>\n<p align=\"justify\"><span style=\"font-family: Ubuntu;\"><span style=\"font-size: large;\">Geschichte. Auf der Fahrt von Berlin nach Hamburg sa\u00df, mir gegen\u00fcber, ein Mann mit einem Holzbein. Schweigsam. Nur einmal hat er w\u00e4hrend der Fahrt, mehr zu sich selbst, gesprochen. Als der D &#8211; Zug der Deutschen Reichsbahn bei Friedrichsruh durch den Sachsenwald fuhr. Er hat aus dem Fenster gesehen und sinniert: \u201cSo hat jeder sein Holz vom Kaiser gekriegt. Der eine den Wald, der andere das Holzbein\u201c. <\/span><\/span><\/p>\n<p align=\"justify\"><span style=\"font-family: Ubuntu;\"><span style=\"font-size: large;\">Viele Widerstandsk\u00e4mpfer, viele Medien gegen den Krieg. Viel Erinnerung. Doch keiner hat die Kriege verhindert. Ein Film gegen den Krieg? Ein Film, der gef\u00f6rdert werden sollte. Kein \u00fcblicher Dokumentarfilm. Kannten sie die Frau? Wissen sie noch, was sie damals gesagt hat? Ein Film unter der plakativen Oberfl\u00e4che. Ein Film, der Bilder aus der Erinnerung und aus der Zukunft zusammen tr\u00e4gt.<\/span><\/span><\/p>\n<p align=\"justify\"><span style=\"font-family: Ubuntu;\"><span style=\"font-size: large;\">Jens Meyer (im Dezember 1982, neue Schreibfehler eingebaut und leicht bearbeitet 2019)<\/span><\/span><\/p>\n<figure id=\"attachment_8596\" aria-describedby=\"caption-attachment-8596\" style=\"width: 460px\" class=\"wp-caption alignleft\"><a href=\"https:\/\/www.medienberatungev.org\/?attachment_id=8596\" rel=\"attachment wp-att-8596\"><img loading=\"lazy\" decoding=\"async\" class=\"wp-image-8596\" src=\"http:\/\/www.medienberatungev.org\/wp-content\/uploads\/2019\/03\/abschiedvonHamburg21.06.1940-1024x773.jpg\" alt=\"Abreise der Zivilisten in den Krieg 1940. In der Mitte (markiert) mein Vater.\" width=\"460\" height=\"347\" \/><\/a><figcaption id=\"caption-attachment-8596\" class=\"wp-caption-text\">Abreise der Zivilisten in den Krieg (1940). In der Mitte (markiert) mein Vater.<\/figcaption><\/figure>\n<p align=\"justify\"><a href=\"http:\/\/www.medienberatungev.org\/?attachment_id=8418\" rel=\"attachment wp-att-8418\"><img loading=\"lazy\" decoding=\"async\" class=\"wp-image-8418 alignleft\" src=\"http:\/\/www.medienberatungev.org\/wp-content\/uploads\/2019\/03\/IMG_6944klein.jpg\" alt=\"\" width=\"364\" height=\"273\" srcset=\"https:\/\/www.medienberatungev.org\/wp-content\/uploads\/2019\/03\/IMG_6944klein.jpg 500w, https:\/\/www.medienberatungev.org\/wp-content\/uploads\/2019\/03\/IMG_6944klein-300x225.jpg 300w\" sizes=\"auto, (max-width: 364px) 85vw, 364px\" \/><\/a> <a href=\"http:\/\/www.medienberatungev.org\/?attachment_id=7391\" rel=\"attachment wp-att-7391\"><img loading=\"lazy\" decoding=\"async\" class=\"wp-image-7391 alignnone\" src=\"http:\/\/www.medienberatungev.org\/wp-content\/uploads\/2018\/06\/RathausmarktKaiserWilhelmklein-768x1024.jpg\" alt=\"\" width=\"250\" height=\"333\" \/><\/a><a href=\"http:\/\/www.medienberatungev.org\/?attachment_id=6019\" rel=\"attachment wp-att-6019\"><img loading=\"lazy\" decoding=\"async\" class=\"wp-image-6019 alignright\" src=\"http:\/\/www.medienberatungev.org\/wp-content\/uploads\/2018\/03\/IMG_0972-e1520793564354-768x1024.jpg\" alt=\"\" width=\"164\" height=\"219\" \/><\/a><a href=\"http:\/\/www.medienberatungev.org\/?attachment_id=2039\" rel=\"attachment wp-att-2039\"><img loading=\"lazy\" decoding=\"async\" class=\"wp-image-2039 alignleft\" src=\"http:\/\/www.medienberatungev.org\/wp-content\/uploads\/2016\/10\/Rudolfheinrichmeyer3-10-738x1024.jpg\" alt=\"\" width=\"164\" height=\"228\" \/><\/a><a href=\"http:\/\/www.medienberatungev.org\/?attachment_id=8580\" rel=\"attachment wp-att-8580\"><img loading=\"lazy\" decoding=\"async\" class=\"wp-image-8580 alignleft\" src=\"http:\/\/www.medienberatungev.org\/wp-content\/uploads\/2019\/03\/LudwigAverdieck.jpg\" alt=\"\" width=\"678\" height=\"523\" srcset=\"https:\/\/www.medienberatungev.org\/wp-content\/uploads\/2019\/03\/LudwigAverdieck.jpg 685w, https:\/\/www.medienberatungev.org\/wp-content\/uploads\/2019\/03\/LudwigAverdieck-300x232.jpg 300w\" sizes=\"auto, (max-width: 709px) 85vw, (max-width: 909px) 67vw, (max-width: 984px) 61vw, (max-width: 1362px) 45vw, 600px\" \/><\/a><a href=\"http:\/\/www.medienberatungev.org\/?attachment_id=7995\" rel=\"attachment wp-att-7995\"><img loading=\"lazy\" decoding=\"async\" class=\"wp-image-7995 alignnone\" src=\"http:\/\/www.medienberatungev.org\/wp-content\/uploads\/2018\/10\/Tieresehendichan2klein.jpg\" alt=\"\" width=\"120\" height=\"92\" \/><\/a><a href=\"http:\/\/www.medienberatungev.org\/?attachment_id=7682\" rel=\"attachment wp-att-7682\"><img loading=\"lazy\" decoding=\"async\" class=\"wp-image-7682 alignnone\" src=\"http:\/\/www.medienberatungev.org\/wp-content\/uploads\/2018\/08\/By-nc-sa_color.png\" alt=\"\" width=\"115\" height=\"78\" srcset=\"https:\/\/www.medienberatungev.org\/wp-content\/uploads\/2018\/08\/By-nc-sa_color.png 720w, https:\/\/www.medienberatungev.org\/wp-content\/uploads\/2018\/08\/By-nc-sa_color-300x203.png 300w\" sizes=\"auto, (max-width: 115px) 85vw, 115px\" \/><\/a> Fotos Rudolf Heinrich Meyer, Jens Meyer, Werner Hensel.<\/p>\n<p align=\"justify\">\n<p align=\"justify\"><a href=\"http:\/\/www.medienberatungev.org\/?attachment_id=8642\" rel=\"attachment wp-att-8642\"><img loading=\"lazy\" decoding=\"async\" class=\"wp-image-8642 alignright\" src=\"http:\/\/www.medienberatungev.org\/wp-content\/uploads\/2019\/03\/milpferd_einauge-1024x686.jpg\" alt=\"\" width=\"148\" height=\"99\" srcset=\"https:\/\/www.medienberatungev.org\/wp-content\/uploads\/2019\/03\/milpferd_einauge-1024x686.jpg 1024w, https:\/\/www.medienberatungev.org\/wp-content\/uploads\/2019\/03\/milpferd_einauge-300x201.jpg 300w, https:\/\/www.medienberatungev.org\/wp-content\/uploads\/2019\/03\/milpferd_einauge-768x515.jpg 768w, https:\/\/www.medienberatungev.org\/wp-content\/uploads\/2019\/03\/milpferd_einauge.jpg 1070w\" sizes=\"auto, (max-width: 148px) 85vw, 148px\" \/><\/a><\/p>\n","protected":false},"excerpt":{"rendered":"<p>Erinnerungen an die Zukunft der Vergangenheit Auf der Suche nach Ludwig Averdieck F\u00f6rderantrag f\u00fcr einen Film. Exposee (1982) pdfErinnerungenaneinenDeserteur Die Gr\u00e4ber wurden gepflegt. Man stieg von Motorrollern auf Kleinwagen um. Unbequeme Menschen waren l\u00e4ngst vergessen. Nur einige Steine mit Namen konnte man noch lesen. Halb vergammelt. Moos und Schimmel bedeckten die Steine. Buchsbaumhecken, Heldengedenksteine. Jeden &hellip; <a href=\"https:\/\/www.medienberatungev.org\/?p=8573\" class=\"more-link\"><span class=\"screen-reader-text\">\u201eAuf der Suche nach Ludwig Averdieck\u201c<\/span> weiterlesen<\/a><\/p>\n","protected":false},"author":2,"featured_media":0,"comment_status":"open","ping_status":"open","sticky":false,"template":"","format":"standard","meta":{"footnotes":""},"categories":[2224,2680,1820,2219,1751,851,2489,2654,3363,2069,1245,4602,4246,4601,1618,945,4604,1740,16,1317,2996,1489,4286,2761,1640,3299,2659,4649,4403,4245,1612,1610,1817,1310,1,1609,2257],"tags":[5365,3636,7445,2212,4645,5366,3695,4646,2221,4643,4644,4648,4647],"class_list":["post-8573","post","type-post","status-publish","format-standard","hentry","category-2224","category-2680","category-bergedorf","category-bezirk-hamburg-bergedorf","category-bundeswehr","category-deutsche-reichsbahn","category-deutsches-reich","category-die-verteidigung-des-vaterlandes","category-dorothea-leonie-eikens","category-filmbuero-hamburg","category-fotoarchiv-jens-meyer","category-fotograf-rudolf-heinrich-meyer","category-fotograf-walter-kellinghusen","category-fotograf-werner-hensel","category-fotografen","category-fotos","category-freie-vereinigung-von-amateurphotographen","category-friedhof","category-hamburg","category-hamburg-bergedorf","category-heimat","category-kaiser-wilhelm","category-kaiser-wilhelm-ii","category-kriegsgebiet","category-kriegsschiff","category-kriegswahnsinn","category-ludendorff","category-ludwig-averdieck","category-obrigkeit","category-photograph-walter-kellinghusen","category-rathaus-hamburg","category-rudolf-heinrich-meyer","category-rudolf-heinrich-meyer-fotograf","category-touristen","category-uncategorized","category-werner-hensel","category-werner-hensel-fotograf","tag-annelise-hirte","tag-bismarck","tag-deserteur","tag-dr-otto-averdieck","tag-germania","tag-hermann-hirte","tag-kaiser-wilhelm","tag-kriegsdienstverweiger","tag-ludwig-averdieck","tag-mit-bart","tag-ploetzlicher-demokrat","tag-sie-haben-wieder-die-mp-dabei","tag-wehrdiensverweigerer"],"_links":{"self":[{"href":"https:\/\/www.medienberatungev.org\/index.php?rest_route=\/wp\/v2\/posts\/8573","targetHints":{"allow":["GET"]}}],"collection":[{"href":"https:\/\/www.medienberatungev.org\/index.php?rest_route=\/wp\/v2\/posts"}],"about":[{"href":"https:\/\/www.medienberatungev.org\/index.php?rest_route=\/wp\/v2\/types\/post"}],"author":[{"embeddable":true,"href":"https:\/\/www.medienberatungev.org\/index.php?rest_route=\/wp\/v2\/users\/2"}],"replies":[{"embeddable":true,"href":"https:\/\/www.medienberatungev.org\/index.php?rest_route=%2Fwp%2Fv2%2Fcomments&post=8573"}],"version-history":[{"count":43,"href":"https:\/\/www.medienberatungev.org\/index.php?rest_route=\/wp\/v2\/posts\/8573\/revisions"}],"predecessor-version":[{"id":17598,"href":"https:\/\/www.medienberatungev.org\/index.php?rest_route=\/wp\/v2\/posts\/8573\/revisions\/17598"}],"wp:attachment":[{"href":"https:\/\/www.medienberatungev.org\/index.php?rest_route=%2Fwp%2Fv2%2Fmedia&parent=8573"}],"wp:term":[{"taxonomy":"category","embeddable":true,"href":"https:\/\/www.medienberatungev.org\/index.php?rest_route=%2Fwp%2Fv2%2Fcategories&post=8573"},{"taxonomy":"post_tag","embeddable":true,"href":"https:\/\/www.medienberatungev.org\/index.php?rest_route=%2Fwp%2Fv2%2Ftags&post=8573"}],"curies":[{"name":"wp","href":"https:\/\/api.w.org\/{rel}","templated":true}]}}